{"id":60397,"date":"2025-10-08T11:48:35","date_gmt":"2025-10-08T09:48:35","guid":{"rendered":"https:\/\/www.vidademadrid.com\/es\/?p=60397"},"modified":"2025-10-08T11:48:38","modified_gmt":"2025-10-08T09:48:38","slug":"espectaculo-flamenco-gratuito-plaza-mayor-12-de-octubre","status":"publish","type":"post","link":"https:\/\/www.vidademadrid.com\/es\/60397\/espectaculo-flamenco-gratuito-plaza-mayor-12-de-octubre\/","title":{"rendered":"Un espect\u00e1culo flamenco gratuito llega a la Plaza Mayor este 12 de octubre"},"content":{"rendered":"<p>El\u00a0<strong>D\u00eda de la Hispanidad\u00a0<\/strong>se podr\u00e1 disfrutar de un espect\u00e1culo flamenco gratuito a cargo de <strong>El Corral de la Morer\u00eda,\u00a0<\/strong>el tablao flamenco m\u00e1s famoso y antiguo del mundo. Te contamos toda la informaci\u00f3n en este art\u00edculo.<\/p>\n<h2>Espect\u00e1culo flamenco gratuito en la Plaza Mayor<\/h2>\n<p><strong>El Corral de la Morer\u00eda,\u00a0<\/strong>el tablao flamenco m\u00e1s famoso y antiguo del mundo, volver\u00e1 a salir a la calle para ofrecer un\u00a0<strong>espect\u00e1culo gratuito al aire libre.\u00a0<\/strong>Los mejores artistas del flamenco actual, galardonados con premios nacionales, bailar\u00e1n en la <strong>Plaza Mayor\u00a0<\/strong>para celebrar el\u00a0<strong>D\u00eda de la Hispanidad.\u00a0<\/strong><\/p>\n<h2>Fecha y hora<\/h2>\n<p>El espect\u00e1culo de flamenco en la\u00a0<strong>Plaza Mayor\u00a0<\/strong>ser\u00e1 el\u00a0<strong>domingo 12 de octubre a las 21 horas.\u00a0<\/strong>El acceso es libre hasta completar aforo y tendr\u00e1 una duraci\u00f3n de\u00a0<strong>120 minutos.\u00a0<\/strong><\/p>\n","protected":false},"excerpt":{"rendered":"<p>Ser\u00e1 gratuito hasta completar aforo. <\/p>\n","protected":false},"author":15,"featured_media":60398,"comment_status":"open","ping_status":"open","sticky":false,"template":"","format":"standard","meta":{"footnotes":""},"categories":[22],"tags":[],"class_list":{"0":"post-60397","1":"post","2":"type-post","3":"status-publish","4":"format-standard","5":"has-post-thumbnail","7":"category-conciertos-madrid"},"_links":{"self":[{"href":"https:\/\/www.vidademadrid.com\/es\/wp-json\/wp\/v2\/posts\/60397","targetHints":{"allow":["GET"]}}],"collection":[{"href":"https:\/\/www.vidademadrid.com\/es\/wp-json\/wp\/v2\/posts"}],"about":[{"href":"https:\/\/www.vidademadrid.com\/es\/wp-json\/wp\/v2\/types\/post"}],"author":[{"embeddable":true,"href":"https:\/\/www.vidademadrid.com\/es\/wp-json\/wp\/v2\/users\/15"}],"replies":[{"embeddable":true,"href":"https:\/\/www.vidademadrid.com\/es\/wp-json\/wp\/v2\/comments?post=60397"}],"version-history":[{"count":1,"href":"https:\/\/www.vidademadrid.com\/es\/wp-json\/wp\/v2\/posts\/60397\/revisions"}],"predecessor-version":[{"id":60399,"href":"https:\/\/www.vidademadrid.com\/es\/wp-json\/wp\/v2\/posts\/60397\/revisions\/60399"}],"wp:featuredmedia":[{"embeddable":true,"href":"https:\/\/www.vidademadrid.com\/es\/wp-json\/wp\/v2\/media\/60398"}],"wp:attachment":[{"href":"https:\/\/www.vidademadrid.com\/es\/wp-json\/wp\/v2\/media?parent=60397"}],"wp:term":[{"taxonomy":"category","embeddable":true,"href":"https:\/\/www.vidademadrid.com\/es\/wp-json\/wp\/v2\/categories?post=60397"},{"taxonomy":"post_tag","embeddable":true,"href":"https:\/\/www.vidademadrid.com\/es\/wp-json\/wp\/v2\/tags?post=60397"}],"curies":[{"name":"wp","href":"https:\/\/api.w.org\/{rel}","templated":true}]}}