{"id":60290,"date":"2025-10-30T10:49:45","date_gmt":"2025-10-30T09:49:45","guid":{"rendered":"https:\/\/www.vidademadrid.com\/es\/?p=60290"},"modified":"2025-10-30T10:49:50","modified_gmt":"2025-10-30T09:49:50","slug":"fnac-callao-ya-tiene-fecha-de-reapertura-sera-a-finales-de-octubre","status":"publish","type":"post","link":"https:\/\/www.vidademadrid.com\/es\/60290\/fnac-callao-ya-tiene-fecha-de-reapertura-sera-a-finales-de-octubre\/","title":{"rendered":"Fnac Callao ya tiene fecha de reapertura: ser\u00e1 a finales de octubre"},"content":{"rendered":"<p><strong>Fnac,\u00a0<\/strong>una de las tiendas m\u00e1s emblem\u00e1ticas de\u00a0la plaza de\u00a0<strong>Callao,\u00a0<\/strong>reabrir\u00e1 sus puertas a finales de octubre tras casi nueve meses de obras de redise\u00f1o. Te contamos toda la informaci\u00f3n en este art\u00edculo.<\/p>\n<h2>Fnac Callao reabrir\u00e1 sus puertas en octubre<\/h2>\n<p><strong>Fnac Callao,\u00a0<\/strong>conocida por su variedad de pel\u00edculas, libros, libros, videojuegos y electr\u00f3nica, cerr\u00f3 a inicios de este a\u00f1o para realizar obras de redise\u00f1o en sus instalaciones.<\/p>\n<p>Tras varios meses de obras\u00a0<strong>Fnac\u00a0<\/strong>ha anunciado su fecha de reapertura. Ser\u00e1 el\u00a0<strong>30 de octubre\u00a0<\/strong>cuando los madrile\u00f1os y visitantes podr\u00e1n disfrutar de este emblem\u00e1tico espacio en el coraz\u00f3n de la ciudad.<\/p>\n<p>La\u00a0<strong>reapertura de Fnac\u00a0<\/strong>se celebrar\u00e1 con una gran\u00a0<strong>fiesta de apertura.\u00a0<\/strong><\/p>\n<h2>As\u00ed ser\u00e1 el nuevo Fnac Callao<\/h2>\n<p>Tras 10 meses de reforma,\u00a0<strong>Fnac Callao\u00a0<\/strong>reabre sus puertas. El enuevo espacio presenta una imagen renovada del edificio. La nueva Fnac se sit\u00faan en la planta baja y en otros tres pisos, mientras que los niveles superiores se destinan a\u00a0<strong>un mercado gastron\u00f3mico, zona de restauraci\u00f3n y a terrazas\u00a0<\/strong>que tienen vistas al cielo de Madrid.<\/p>\n<p>El nuevo espacio comercial mide\u00a0<strong>4 mil metros cuadrados\u00a0<\/strong>y se pueden encontrar sus secciones habituales de\u00a0<strong>libros, discos, ordenadores y telefon\u00eda\u00a0<\/strong>y seguir\u00e1 manteniendo un espacio para eventos culturales.<\/p>\n<h2>Obras en Fnac Callao<\/h2>\n<p><strong>Fnac\u00a0<\/strong>lleg\u00f3 al edificio de la plaza de Callao en 1993 y tras estas obras tendr\u00e1 un aspecto renovado. El proyecto de redise\u00f1o ha transformado el edificio, dise\u00f1ado en la d\u00e9cada de 1940s, se ha realizado con el objetivo de alcanzar el 70% mientras que hasta antes de las obras solo se usaba el 40%.<\/p>\n<p>El edificio contar\u00e1 con nuevas zonas de c\u00f3mic, literatura, juegos de mesa, m\u00fasica, libros y mucho m\u00e1s.<\/p>\n","protected":false},"excerpt":{"rendered":"<p>Cerr\u00f3 temporalmente en enero. <\/p>\n","protected":false},"author":15,"featured_media":48535,"comment_status":"open","ping_status":"open","sticky":false,"template":"","format":"standard","meta":{"footnotes":""},"categories":[27],"tags":[],"class_list":{"0":"post-60290","1":"post","2":"type-post","3":"status-publish","4":"format-standard","5":"has-post-thumbnail","7":"category-tiendas-madrid"},"_links":{"self":[{"href":"https:\/\/www.vidademadrid.com\/es\/wp-json\/wp\/v2\/posts\/60290","targetHints":{"allow":["GET"]}}],"collection":[{"href":"https:\/\/www.vidademadrid.com\/es\/wp-json\/wp\/v2\/posts"}],"about":[{"href":"https:\/\/www.vidademadrid.com\/es\/wp-json\/wp\/v2\/types\/post"}],"author":[{"embeddable":true,"href":"https:\/\/www.vidademadrid.com\/es\/wp-json\/wp\/v2\/users\/15"}],"replies":[{"embeddable":true,"href":"https:\/\/www.vidademadrid.com\/es\/wp-json\/wp\/v2\/comments?post=60290"}],"version-history":[{"count":2,"href":"https:\/\/www.vidademadrid.com\/es\/wp-json\/wp\/v2\/posts\/60290\/revisions"}],"predecessor-version":[{"id":60498,"href":"https:\/\/www.vidademadrid.com\/es\/wp-json\/wp\/v2\/posts\/60290\/revisions\/60498"}],"wp:featuredmedia":[{"embeddable":true,"href":"https:\/\/www.vidademadrid.com\/es\/wp-json\/wp\/v2\/media\/48535"}],"wp:attachment":[{"href":"https:\/\/www.vidademadrid.com\/es\/wp-json\/wp\/v2\/media?parent=60290"}],"wp:term":[{"taxonomy":"category","embeddable":true,"href":"https:\/\/www.vidademadrid.com\/es\/wp-json\/wp\/v2\/categories?post=60290"},{"taxonomy":"post_tag","embeddable":true,"href":"https:\/\/www.vidademadrid.com\/es\/wp-json\/wp\/v2\/tags?post=60290"}],"curies":[{"name":"wp","href":"https:\/\/api.w.org\/{rel}","templated":true}]}}