{"id":60281,"date":"2025-09-26T13:04:35","date_gmt":"2025-09-26T11:04:35","guid":{"rendered":"https:\/\/www.vidademadrid.com\/es\/?p=60281"},"modified":"2025-10-04T14:42:15","modified_gmt":"2025-10-04T12:42:15","slug":"los-autobuses-de-la-emt-estaran-equipados-con-ia-para-identificar-incidencias-en-tiempo-real","status":"publish","type":"post","link":"https:\/\/www.vidademadrid.com\/es\/60281\/los-autobuses-de-la-emt-estaran-equipados-con-ia-para-identificar-incidencias-en-tiempo-real\/","title":{"rendered":"Los autobuses de la EMT estar\u00e1n equipados con IA para identificar incidencias en tiempo real"},"content":{"rendered":"<p>El\u00a0<strong>Ayuntamiento de Madrid\u00a0<\/strong>ha dado a conocer que los\u00a0<strong>autobuses de la Empresa Municipal de Transportes\u00a0<\/strong>(EMT) contar\u00e1n con una tecnolog\u00eda que reforzar\u00e1 la seguridad e los usuarios y\u00a0<strong>podr\u00e1 detectar incidencias y gestionar situaciones inesperadas\u00a0<\/strong>en tiempo real.<\/p>\n<h2>Los autobuses de la EMT tendr\u00e1n un programa de IA<\/h2>\n<p>La\u00a0<strong>inteligencia artificial\u00a0<\/strong>llega a los\u00a0<strong>autobuses de la EMT\u00a0<\/strong>con una tecnolog\u00eda que permitir\u00e1 a\u00a0<strong>detectar incidencias y gestionar situaciones inesperadas\u00a0<\/strong>como detectar objetos abandonados, posiciones incorrectas de carritos de beb\u00e9s o sillas de ruedas, ca\u00eddas, comportamientos violentos, aglomeraciones y m\u00e1s.<\/p>\n<p>Este proyecto, colaborativo con Nvidia, est\u00e1 basado en\u00a0<strong>herramientas de inteligencia artificial.\u00a0<\/strong>El sistema utilizar\u00e1 las\u00a0<strong>c\u00e1maras que ya se encuentran en los autobuses\u00a0<\/strong>para detectar los imprevistos que puedan comprometer la seguridad o el bienestar de los usuarios.<\/p>\n<h2>\u00bfCu\u00e1ndo estar\u00e1 activo este servicio?<\/h2>\n<p><strong>EMT Madrid\u00a0<\/strong>ha publicado el pliego de la licitaci\u00f3n del proyecto y, una vez adjudicado el contrato, la fase de desarrollo tendr\u00e1 una duraci\u00f3n de\u00a0<strong>aproximadamente 18 meses.\u00a0<\/strong><\/p>\n<p>Se espera que este sistema est\u00e9 operativo para el\u00a0<strong>primer trimestre de 2027.\u00a0<\/strong><\/p>\n","protected":false},"excerpt":{"rendered":"<p>El sistema utilizar\u00e1 las c\u00e1maras ya presentes en los autobuses. <\/p>\n","protected":false},"author":15,"featured_media":53990,"comment_status":"open","ping_status":"open","sticky":false,"template":"","format":"standard","meta":{"footnotes":""},"categories":[12,119,23],"tags":[],"class_list":{"0":"post-60281","1":"post","2":"type-post","3":"status-publish","4":"format-standard","5":"has-post-thumbnail","7":"category-actualidad-noticias-madrid","8":"category-portada","9":"category-transportes-huelgas-madrid"},"_links":{"self":[{"href":"https:\/\/www.vidademadrid.com\/es\/wp-json\/wp\/v2\/posts\/60281","targetHints":{"allow":["GET"]}}],"collection":[{"href":"https:\/\/www.vidademadrid.com\/es\/wp-json\/wp\/v2\/posts"}],"about":[{"href":"https:\/\/www.vidademadrid.com\/es\/wp-json\/wp\/v2\/types\/post"}],"author":[{"embeddable":true,"href":"https:\/\/www.vidademadrid.com\/es\/wp-json\/wp\/v2\/users\/15"}],"replies":[{"embeddable":true,"href":"https:\/\/www.vidademadrid.com\/es\/wp-json\/wp\/v2\/comments?post=60281"}],"version-history":[{"count":1,"href":"https:\/\/www.vidademadrid.com\/es\/wp-json\/wp\/v2\/posts\/60281\/revisions"}],"predecessor-version":[{"id":60282,"href":"https:\/\/www.vidademadrid.com\/es\/wp-json\/wp\/v2\/posts\/60281\/revisions\/60282"}],"wp:featuredmedia":[{"embeddable":true,"href":"https:\/\/www.vidademadrid.com\/es\/wp-json\/wp\/v2\/media\/53990"}],"wp:attachment":[{"href":"https:\/\/www.vidademadrid.com\/es\/wp-json\/wp\/v2\/media?parent=60281"}],"wp:term":[{"taxonomy":"category","embeddable":true,"href":"https:\/\/www.vidademadrid.com\/es\/wp-json\/wp\/v2\/categories?post=60281"},{"taxonomy":"post_tag","embeddable":true,"href":"https:\/\/www.vidademadrid.com\/es\/wp-json\/wp\/v2\/tags?post=60281"}],"curies":[{"name":"wp","href":"https:\/\/api.w.org\/{rel}","templated":true}]}}