{"id":60276,"date":"2025-09-26T13:36:06","date_gmt":"2025-09-26T11:36:06","guid":{"rendered":"https:\/\/www.vidademadrid.com\/es\/?p=60276"},"modified":"2025-10-04T14:48:02","modified_gmt":"2025-10-04T12:48:02","slug":"muevete-por-madrid-a-la-mitad-de-precio-todos-los-domingos-con-zity","status":"publish","type":"post","link":"https:\/\/www.vidademadrid.com\/es\/60276\/muevete-por-madrid-a-la-mitad-de-precio-todos-los-domingos-con-zity\/","title":{"rendered":"Mu\u00e9vete por Madrid a la mitad de precio todos los domingos con Zity"},"content":{"rendered":"<p><span style=\"font-weight: 400;\">Moverte en Madrid ahora es m\u00e1s f\u00e1cil y m\u00e1s asequible. <\/span><b>Zity, <\/b><span style=\"font-weight: 400;\">la empresa de carsharing 100% el\u00e9ctrico, impulsa el transporte sostenible con el <\/span><b>D\u00eda del Conductor, la mejor opci\u00f3n para moverse los domingos<\/b><span style=\"font-weight: 400;\">. Sigue leyendo este art\u00edculo para conocer toda la informaci\u00f3n.\u00a0<\/span><\/p>\n<h2><span style=\"font-weight: 400;\">D\u00eda del conductor de Zity\u00a0<\/span><\/h2>\n<p><span style=\"font-weight: 400;\">\u00a1Se acab\u00f3 la pereza y el quedarse en casa los domingos!. <\/span><b>Zity by Mobilize<\/b><span style=\"font-weight: 400;\"> pone en marcha el\u00a0 <\/span><b>D\u00eda del Conductor, <\/b><span style=\"font-weight: 400;\">una iniciativa que ofrece un <\/span><b>descuento del 50% en todos los alquileres de sus\u00a0 veh\u00edculos el\u00e9ctricos, todos los domingos <\/b><span style=\"font-weight: 400;\">hasta fin de a\u00f1o.\u00a0<\/span><\/p>\n<p><span style=\"font-weight: 400;\">El <\/span><b>D\u00eda del Conductor<\/b><span style=\"font-weight: 400;\"> comienza en el marco de la Semana Europea de la Movilidad 2025. y busca facilitar la movilidad para tus planes de domingo por\u00a0 Madrid.\u00a0 Todos los usuarios de <\/span><b>Zity <\/b><span style=\"font-weight: 400;\">podr\u00e1n disfrutar de este descuento, <\/span><b>sin c\u00f3digos promocionales, ni m\u00ednimo de gasto.\u00a0<\/b><\/p>\n<p><span style=\"font-weight: 400;\">Esta iniciativa quiere <\/span><b>acercar la movilidad sostenible y <\/b><b>compartida a todos los madrile\u00f1os<\/b><span style=\"font-weight: 400;\">, y hacerla m\u00e1s asequible en un momento marcado por el aumento del coste de la vida.<\/span><\/p>\n<p><span style=\"font-weight: 400;\">Para disfrutar del <\/span><b>D\u00eda del conductor <\/b><span style=\"font-weight: 400;\">simplemente <\/span><a href=\"https:\/\/app.adjust.com\/1sm6xji1\"><b>tienes que bajar la app \u201cZity &amp; Mobilize Share\u201d<\/b><\/a><span style=\"font-weight: 400;\">, crear una cuenta y moverte los domingos de una manera distinta con <\/span><b>Zity.\u00a0<\/b><\/p>\n<h2><span style=\"font-weight: 400;\">Zity se renueva<\/span><\/h2>\n<p><b>Zity <\/b><span style=\"font-weight: 400;\">renovar\u00e1 su flota y, a partir de octubre, sustituir\u00e1 sus veh\u00edculos actuales con el nuevo Dacia Spring, un modelo m\u00e1s seguro y equipado. La renovaci\u00f3n de su flota se traduce en una mejor experiencia para los conductores que podr\u00e1n moverse en coches m\u00e1s c\u00f3modos, modernos y fiables.\u00a0<\/span><\/p>\n<h2>Una nueva app y un servicio ampliado<\/h2>\n<p><span style=\"font-weight: 400;\">Desde enero de 2025, Zity se ha integrado con <\/span><b>Mobilize Share<\/b><span style=\"font-weight: 400;\">, operando bajo una sola app en el mercado: <\/span><b>Zity &amp; Mobilize Share<\/b><span style=\"font-weight: 400;\">.<\/span><\/p>\n<p><span style=\"font-weight: 400;\">Este cambio no solo ha simplificado la experiencia de usuario, sino que ha ampliado la oferta de movilidad: adem\u00e1s del carsharing el\u00e9ctrico en modalidad<\/span> <b>free-floating<\/b><span style=\"font-weight: 400;\">, la app incluye la opci\u00f3n de <\/span><b>alquiler de veh\u00edculos eco<\/b><span style=\"font-weight: 400;\"> (como el Dacia Sandero o Dacia Duster) <\/span><b>por solo 29,98 \u20ac\/d\u00eda, sin l\u00edmite de kil\u00f3metros ni dep\u00f3sito, disponible para recoger o devolver durante 24 horas.<\/b><\/p>\n<p><span style=\"font-weight: 400;\">Todo el proceso para reservar, recoger y devolver el coche es 100% online en <\/span><a href=\"https:\/\/app.adjust.com\/1sm6xji1\"><b>la app \u201cZity &amp; Mobilize Share\u201d<\/b><\/a><span style=\"font-weight: 400;\">.<\/span><\/p>\n<p><em>Plan en colaboraci\u00f3n con Zity<\/em><\/p>\n","protected":false},"excerpt":{"rendered":"<p>Con el D\u00eda del Conductor<\/p>\n","protected":false},"author":1,"featured_media":60277,"comment_status":"open","ping_status":"open","sticky":false,"template":"","format":"standard","meta":{"footnotes":""},"categories":[187,114,23],"tags":[],"class_list":{"0":"post-60276","1":"post","2":"type-post","3":"status-publish","4":"format-standard","5":"has-post-thumbnail","7":"category-madrid-hoy","8":"category-servicios","9":"category-transportes-huelgas-madrid"},"_links":{"self":[{"href":"https:\/\/www.vidademadrid.com\/es\/wp-json\/wp\/v2\/posts\/60276","targetHints":{"allow":["GET"]}}],"collection":[{"href":"https:\/\/www.vidademadrid.com\/es\/wp-json\/wp\/v2\/posts"}],"about":[{"href":"https:\/\/www.vidademadrid.com\/es\/wp-json\/wp\/v2\/types\/post"}],"author":[{"embeddable":true,"href":"https:\/\/www.vidademadrid.com\/es\/wp-json\/wp\/v2\/users\/1"}],"replies":[{"embeddable":true,"href":"https:\/\/www.vidademadrid.com\/es\/wp-json\/wp\/v2\/comments?post=60276"}],"version-history":[{"count":2,"href":"https:\/\/www.vidademadrid.com\/es\/wp-json\/wp\/v2\/posts\/60276\/revisions"}],"predecessor-version":[{"id":60284,"href":"https:\/\/www.vidademadrid.com\/es\/wp-json\/wp\/v2\/posts\/60276\/revisions\/60284"}],"wp:featuredmedia":[{"embeddable":true,"href":"https:\/\/www.vidademadrid.com\/es\/wp-json\/wp\/v2\/media\/60277"}],"wp:attachment":[{"href":"https:\/\/www.vidademadrid.com\/es\/wp-json\/wp\/v2\/media?parent=60276"}],"wp:term":[{"taxonomy":"category","embeddable":true,"href":"https:\/\/www.vidademadrid.com\/es\/wp-json\/wp\/v2\/categories?post=60276"},{"taxonomy":"post_tag","embeddable":true,"href":"https:\/\/www.vidademadrid.com\/es\/wp-json\/wp\/v2\/tags?post=60276"}],"curies":[{"name":"wp","href":"https:\/\/api.w.org\/{rel}","templated":true}]}}