{"id":60265,"date":"2025-09-26T05:31:18","date_gmt":"2025-09-26T03:31:18","guid":{"rendered":"https:\/\/www.vidademadrid.com\/es\/?p=60265"},"modified":"2025-10-04T14:48:20","modified_gmt":"2025-10-04T12:48:20","slug":"planes-para-este-fin-de-semana-en-madrid-26-27-y-28-de-septiembre","status":"publish","type":"post","link":"https:\/\/www.vidademadrid.com\/es\/60265\/planes-para-este-fin-de-semana-en-madrid-26-27-y-28-de-septiembre\/","title":{"rendered":"Planes para este fin de semana en Madrid: 26, 27 y 28 de septiembre"},"content":{"rendered":"<p>Como cada semana, os dejamos nuestro <strong>MEGA POST DE PLANES<\/strong> para este finde <strong>26, 27 y 28 de septiembre 2025 en Madrid<\/strong>: Semana de la \u00d3pera, <span class=\"a_GcMg font-feature-liga-off font-feature-clig-off font-feature-calt-off text-decoration-none text-strikethrough-none\">Feria del Libro Viejo y Antiguo del Paseo de Recoletos, exposici\u00f3n inmersiva Machu Pichu, Carajillo Parties en San Bernardo y mucho m\u00e1s.\u00a0<\/span>Un fin de semana completo de actividades para todos los p\u00fablicos (muchas de ellas gratuitas):\u00a0<\/p>\n<h2>Actividades destacadas<\/h2>\n<h3><span class=\"a_GcMg font-feature-liga-off font-feature-clig-off font-feature-calt-off text-decoration-none text-strikethrough-none\">Semana de la \u00d3pera<\/span><\/h3>\n<p><span class=\"a_GcMg font-feature-liga-off font-feature-clig-off font-feature-calt-off text-decoration-none text-strikethrough-none\">El <strong>Teatro Real<\/strong> celebra la <strong>10\u00b0 edici\u00f3n de la Semana de la \u00d3pera<\/strong> con <\/span><span class=\"a_GcMg font-feature-liga-off font-feature-clig-off font-feature-calt-off text-decoration-none text-strikethrough-none\">jornada de puertas abiertas<\/span><span class=\"a_GcMg font-feature-liga-off font-feature-clig-off font-feature-calt-off text-decoration-none text-strikethrough-none\"> el domingo (sin inscripci\u00f3n; \u00faltimo acceso a las 14:30) y <\/span><span class=\"a_GcMg font-feature-liga-off font-feature-clig-off font-feature-calt-off text-decoration-none text-strikethrough-none\">retransmisiones de \u00f3pera<\/span><span class=\"a_GcMg font-feature-liga-off font-feature-clig-off font-feature-calt-off text-decoration-none text-strikethrough-none\"> en la plaza el viernes y s\u00e1bado. Toda la info <a href=\"https:\/\/www.teatroreal.es\/es\">aqu\u00ed.\u00a0<\/a><\/span><\/p>\n<p><a href=\"https:\/\/www.vidademadrid.com\/es\/wp-content\/uploads\/2020\/09\/Teatro-Real-696x348.jpeg\"><img loading=\"lazy\" decoding=\"async\" class=\"aligncenter size-full wp-image-25122\" src=\"https:\/\/www.vidademadrid.com\/es\/wp-content\/uploads\/2020\/09\/Teatro-Real-696x348.jpeg\" alt=\"\" width=\"696\" height=\"348\" srcset=\"https:\/\/www.vidademadrid.com\/es\/wp-content\/uploads\/2020\/09\/Teatro-Real-696x348.jpeg 696w, https:\/\/www.vidademadrid.com\/es\/wp-content\/uploads\/2020\/09\/Teatro-Real-696x348-300x150.jpeg 300w\" sizes=\"auto, (max-width: 696px) 100vw, 696px\" \/><\/a><\/p>\n<h3><span class=\"a_GcMg font-feature-liga-off font-feature-clig-off font-feature-calt-off text-decoration-none text-strikethrough-none\">Feria del Libro Viejo y Antiguo<\/span><\/h3>\n<p class=\"cvGsUA direction-ltr align-center para-style-body\"><span class=\"a_GcMg font-feature-liga-off font-feature-clig-off font-feature-calt-off text-decoration-none text-strikethrough-none\">Hasta el 12 de octubre podr\u00e1s disfrutar en el Paseo de Recoletos de la <strong>35\u00aa edici\u00f3n de la Feria de Oto\u00f1o del Libro Viejo y Antiguo de Madrid<\/strong>, <\/span><span class=\"a_GcMg font-feature-liga-off font-feature-clig-off font-feature-calt-off text-decoration-none text-strikethrough-none\">con ejemplares que van desde un euro hasta primeras ediciones, incunables, manuscritos originales, grabados y m\u00e1s. Toda la info <a href=\"https:\/\/www.esmadrid.com\/agenda\/feria-otono-libro-viejo-antiguo-paseo-recoletos\">aqu\u00ed.<\/a>\u00a0<\/span><\/p>\n<h3><span class=\"a_GcMg font-feature-liga-off font-feature-clig-off font-feature-calt-off text-decoration-none text-strikethrough-none\">Estreno de las Carajillo Parties by Baileys<\/span><\/h3>\n<p class=\"cvGsUA direction-ltr align-center para-style-body\"><span class=\"a_GcMg font-feature-liga-off font-feature-clig-off font-feature-calt-off text-decoration-none text-strikethrough-none\">Las sobremesas est\u00e1n a punto de cambiar para siempre: <strong>Baileys inaugura las Carajillo Parties<\/strong>, una nueva forma de celebrar las <\/span><span class=\"a_GcMg font-feature-liga-off font-feature-clig-off font-feature-calt-off text-decoration-none text-strikethrough-none\">tardes madrile\u00f1as donde el caf\u00e9 de especialidad se encuentra <\/span><span class=\"a_GcMg font-feature-liga-off font-feature-clig-off font-feature-calt-off text-decoration-none text-strikethrough-none\">con la cocteler\u00eda creativa y los beats m\u00e1s selectos. Este viernes de 16:30 a 18:00 en God Caf\u00e9 (calle Galileo 27, metro San Bernardo) podr\u00e1s disfrutar de un gran ambiente, Carajillo Baileys y sesi\u00f3n dj con Brianda Fitz-James. <\/span><span class=\"a_GcMg font-feature-liga-off font-feature-clig-off font-feature-calt-off text-decoration-none text-strikethrough-none\">Acceso libre hasta completar aforo. Los primeros 10 en registrarse <a href=\"https:\/\/es.thebar.com\/eventos-experiencias\/concurso-dos-carajillos-gratis-coffee-parties-baileys\">en la web de The Bar <\/a>ganar\u00e1n un Carajillo Baileys para ellos y otro para su acompa\u00f1ante. Habr\u00e1 m\u00e1s fiestas en diferentes bares los pr\u00f3ximos viernes hasta el 17\/10.<\/span><\/p>\n<p><em>*Plan en colaboraci\u00f3n. Disfruta de un consumo responsable 17\u00b0<\/em><\/p>\n<h2>Exposiciones\u00a0<\/h2>\n<h3><span class=\"a_GcMg font-feature-liga-off font-feature-clig-off font-feature-calt-off text-decoration-none text-strikethrough-none\">Exposici\u00f3n inmersiva Machu Picchu<\/span><\/h3>\n<p><span class=\"a_GcMg font-feature-liga-off font-feature-clig-off font-feature-calt-off text-decoration-none text-strikethrough-none\">Ad\u00e9ntrate en <strong>Machu Picchu<\/strong> y conoce la ciudad inca, recorre este enclave monta\u00f1oso, explora las terrazas agr\u00edcolas, el Templo del Sol y otros restos mientras contemplas la belleza de los Andes a tu alrededor. Disponible desde 14,40 euros en el <strong>Fever Hub<\/strong> (Nuevos Ministerios). Podr\u00e1s volver la experiencia en <a href=\"https:\/\/www.instagram.com\/stories\/highlights\/18324623416237107\/\">IG stories<\/a>. M\u00e1s info <a href=\"https:\/\/feverup.com\/m\/429319\/en?srsltid=AfmBOopk5CwEQOThQjRMSBodmd1jIr_4ErttR2M1dAp22niy4u_DmBTt\">aqu\u00ed.\u00a0<\/a><\/span><\/p>\n<h3><span class=\"a_GcMg font-feature-liga-off font-feature-clig-off font-feature-calt-off text-decoration-none text-strikethrough-none\">Gaza a trav\u00e9s de sus ojos<\/span><\/h3>\n<p><span class=\"a_GcMg font-feature-liga-off font-feature-clig-off font-feature-calt-off text-decoration-none text-strikethrough-none\">Esta exposici\u00f3n re\u00fane <strong>27 fotograf\u00edas<\/strong> tomadas por fotoperiodistas en la <strong>franja de Gaza<\/strong> desde octubre de 2023, siendo testigos de la destrucci\u00f3n en la zona. Disponible en el <strong>Museo Thyssen-Bornemisza<\/strong> gratuitamente en el Hall Central. Toda la info <a href=\"https:\/\/www.museothyssen.org\/exposiciones\/gaza-traves-sus-ojos\">aqu\u00ed.\u00a0<\/a><\/span><\/p>\n<h3><span class=\"a_GcMg font-feature-liga-off font-feature-clig-off font-feature-calt-off text-decoration-none text-strikethrough-none\">Azucena Vieites en RABASF<\/span><\/h3>\n<p><span class=\"a_GcMg font-feature-liga-off font-feature-clig-off font-feature-calt-off text-decoration-none text-strikethrough-none\">La ganadora del Premio Nacional de Arte Gr\u00e1fico emplea im\u00e1genes obtenidas de revistas de arte y moda, discos, fanzines, fotograf\u00edas, p\u00f3steres, pancartas o publicaciones feministas. Disponible en <strong>Real Academia de Bellas Artes de San Fernando<\/strong>. Toda la info y entradas <a href=\"https:\/\/www.realacademiabellasartessanfernando.com\/actividades\/exposiciones\/azucena-vieites\/\">aqu\u00ed.\u00a0<\/a><\/span><\/p>\n<h3>Otras exposiciones que no te puedes perder<\/h3>\n<p class=\"cvGsUA direction-ltr align-center para-style-body\"><span class=\"a_GcMg font-feature-liga-off font-feature-clig-off font-feature-calt-off text-decoration-none text-strikethrough-none\">Este fin de semana se pueden visitar estas <strong>nuevas exposiciones:<\/strong><\/span><\/p>\n<ul>\n<li><strong><span class=\"a_GcMg font-feature-liga-off font-feature-clig-off font-feature-calt-off text-decoration-none text-strikethrough-none\">\u201c14 millones de ojos\u201d<\/span><\/strong><span class=\"a_GcMg font-feature-liga-off font-feature-clig-off font-feature-calt-off text-decoration-none text-strikethrough-none\"> en la Sala Canal de Isabel II (hasta 11\/1). Toda la info <a href=\"https:\/\/www.comunidad.madrid\/actividades\/2025\/exposicion-14-millones-ojos\">aqu\u00ed.\u00a0<\/a><\/span><\/li>\n<li><strong><span class=\"a_GcMg font-feature-liga-off font-feature-clig-off font-feature-calt-off text-decoration-none text-strikethrough-none\">\u201cDel \u00e1lif a la zain. Arte caligr\u00e1fico en movimiento\u201d<\/span><\/strong><span class=\"a_GcMg font-feature-liga-off font-feature-clig-off font-feature-calt-off text-decoration-none text-strikethrough-none\"> en Casa \u00c1rabe (hasta 31\/1). Toda la info <a href=\"https:\/\/casaarabe.es\/eventos-arabes\/show\/del-alif-a-la-zain-arte-caligrafico-en-movimiento\">aqu\u00ed.\u00a0<\/a><\/span><\/li>\n<li><strong><span class=\"a_GcMg font-feature-liga-off font-feature-clig-off font-feature-calt-off text-decoration-none text-strikethrough-none\">\u201cUn Madrid de novela&#8230;negra\u201d<\/span><\/strong><span class=\"a_GcMg font-feature-liga-off font-feature-clig-off font-feature-calt-off text-decoration-none text-strikethrough-none\"> en la Sala de Exposiciones de la Biblioteca Regional de Madrid (hasta 11\/1). Toda la info <a href=\"https:\/\/www.comunidad.madrid\/actividades\/2025\/exposicion-madrid-novela-negra\">aqu\u00ed.\u00a0<\/a><\/span><\/li>\n<li><span class=\"a_GcMg font-feature-liga-off font-feature-clig-off font-feature-calt-off text-decoration-none text-strikethrough-none\"><strong>\u201cAyer pis\u00f3 tu sombra un tigre\u201d<\/strong> <\/span>en Museo L\u00e1zaro Galdiano (hasta 23\/11). <span style=\"color: initial;\">Toda la info <a href=\"https:\/\/www.esmadrid.com\/agenda\/ayer-piso-tu-sombra-tigre-museo-lazaro-galdiano\">aqu\u00ed.\u00a0<\/a><\/span><\/li>\n<li><strong><span class=\"a_GcMg font-feature-liga-off font-feature-clig-off font-feature-calt-off text-decoration-none text-strikethrough-none\">\u201cLa familia Cascella. M\u00e1s all\u00e1 del tiempo\u201d<\/span><\/strong><span class=\"a_GcMg font-feature-liga-off font-feature-clig-off font-feature-calt-off text-decoration-none text-strikethrough-none\"> en el Istituto Italiano di Cultura di Madrid (hasta 8\/11). Toda la info <a href=\"https:\/\/iicmadrid.esteri.it\/es\/gli_eventi\/calendario\/mostra-la-famiglia-cascella-oltre-il-tempo\/\">aqu\u00ed.\u00a0<\/a><\/span><\/li>\n<\/ul>\n<p class=\"cvGsUA direction-ltr align-start para-style-body\"><span class=\"a_GcMg font-feature-liga-off font-feature-clig-off font-feature-calt-off text-decoration-none text-strikethrough-none\">Y terminan este fin de semana:<\/span><\/p>\n<ul>\n<li><span class=\"a_GcMg font-feature-liga-off font-feature-clig-off font-feature-calt-off text-decoration-none text-strikethrough-none\"><strong>\u201cIconograf\u00eda del mal. Tapices de los Pecados capitales\u201d<\/strong> <\/span><span class=\"a_GcMg font-feature-liga-off font-feature-clig-off font-feature-calt-off text-decoration-none text-strikethrough-none\">en la Galer\u00eda de las Colecciones Reales. Toda la info <a href=\"https:\/\/www.galeriadelascoleccionesreales.es\/exposicion\/iconografia-del-mal-tapices-de-los-pecados\/72636cda-b576-966c-9249-feb76bfdd154\">aqu\u00ed.\u00a0<\/a><\/span><\/li>\n<li><strong><span class=\"a_GcMg font-feature-liga-off font-feature-clig-off font-feature-calt-off text-decoration-none text-strikethrough-none\">\u201dPasajeras\u201d<\/span><\/strong><span class=\"a_GcMg font-feature-liga-off font-feature-clig-off font-feature-calt-off text-decoration-none text-strikethrough-none\"> en CentroCentro. Toda la info <a href=\"https:\/\/www.centrocentro.org\/exposicion\/pasajeras-en-centrocentro\">aqu\u00ed.\u00a0<\/a><\/span><\/li>\n<li><strong><span class=\"a_GcMg font-feature-liga-off font-feature-clig-off font-feature-calt-off text-decoration-none text-strikethrough-none\">\u201cTrazos de Agua, esencia de Vida\u201d<\/span><\/strong><span class=\"a_GcMg font-feature-liga-off font-feature-clig-off font-feature-calt-off text-decoration-none text-strikethrough-none\"> en Casa de Vacas en el Retiro. Toda la info <a href=\"https:\/\/diario.madrid.es\/retiro\/2025\/08\/29\/trazos-de-agua-esencia-de-vida-en-casa-de-vacas\/\">aqu\u00ed.\u00a0<\/a><\/span><\/li>\n<\/ul>\n<h2><span class=\"a_GcMg font-feature-liga-off font-feature-clig-off font-feature-calt-off text-decoration-none text-strikethrough-none\">Estrenos de danza y teatro<\/span><\/h2>\n<p class=\"cvGsUA direction-ltr align-start para-style-body\"><span class=\"a_GcMg font-feature-liga-off font-feature-clig-off font-feature-calt-off text-decoration-none text-strikethrough-none\">Este fin de semana disfruta de los <strong>estrenos<\/strong> en distintos <\/span><span class=\"a_GcMg font-feature-liga-off font-feature-clig-off font-feature-calt-off text-decoration-none text-strikethrough-none\">teatros de Madrid:<\/span><\/p>\n<ul>\n<li><span class=\"a_GcMg font-feature-liga-off font-feature-clig-off font-feature-calt-off text-decoration-none text-strikethrough-none\">V Suma Flamenca Joven <\/span><span class=\"a_GcMg font-feature-liga-off font-feature-clig-off font-feature-calt-off text-decoration-none text-strikethrough-none\">en Teatros del Canal. Toda la info <a href=\"https:\/\/www.teatroscanal.com\/espectaculo\/suma-flamenca-joven-tc25-26\/\">aqu\u00ed.\u00a0<\/a><\/span><\/li>\n<li><span class=\"a_GcMg font-feature-liga-off font-feature-clig-off font-feature-calt-off text-decoration-none text-strikethrough-none\">\u201cDique. Nove Galega de Danza\u201d<\/span><span class=\"a_GcMg font-feature-liga-off font-feature-clig-off font-feature-calt-off text-decoration-none text-strikethrough-none\"> en Condeduque Madrid. Toda la info <a href=\"https:\/\/www.condeduquemadrid.es\/actividades\/nova-galega-de-danza-dique\">aqu\u00ed.\u00a0<\/a><\/span><\/li>\n<li><span class=\"a_GcMg font-feature-liga-off font-feature-clig-off font-feature-calt-off text-decoration-none text-strikethrough-none\">\u201cSfogato. Mar\u00eda Callas\u201d <\/span><span class=\"a_GcMg font-feature-liga-off font-feature-clig-off font-feature-calt-off text-decoration-none text-strikethrough-none\">en el Teatro Amaya. Toda la info <a href=\"https:\/\/revistagodot.com\/obras\/sfogato-maria-callas\/\">aqu\u00ed.\u00a0<\/a><\/span><\/li>\n<li><span class=\"a_GcMg font-feature-liga-off font-feature-clig-off font-feature-calt-off text-decoration-none text-strikethrough-none\">Espect\u00e1culo <\/span><span class=\"a_GcMg font-feature-liga-off font-feature-clig-off font-feature-calt-off text-decoration-none text-strikethrough-none\">Mar\u00eda Pag\u00e9s Compa\u00f1\u00eda <\/span><span class=\"a_GcMg font-feature-liga-off font-feature-clig-off font-feature-calt-off text-decoration-none text-strikethrough-none\">en Centro Danza Matadero. Toda la info <a href=\"https:\/\/www.centrodanzamatadero.es\/actividades\/maria-pages-compania\">aqu\u00ed.\u00a0<\/a><\/span><\/li>\n<li><span class=\"a_GcMg font-feature-liga-off font-feature-clig-off font-feature-calt-off text-decoration-none text-strikethrough-none\">\u201cBallet of Lights: Peter Pan\u201d<\/span><span class=\"a_GcMg font-feature-liga-off font-feature-clig-off font-feature-calt-off text-decoration-none text-strikethrough-none\"> en el C\u00edrculo de Bellas Artes.Toda la info <a href=\"https:\/\/feverup.com\/m\/305323?srsltid=AfmBOor9dYcZRCBo9mSJv1MBW1fAnY6R_00l_-fKBCkqA-Vci_Dz-l8L\">aqu\u00ed.\u00a0<\/a><\/span><\/li>\n<li><span class=\"a_GcMg font-feature-liga-off font-feature-clig-off font-feature-calt-off text-decoration-none text-strikethrough-none\">Un monstruo viene a verme<\/span><span class=\"a_GcMg font-feature-liga-off font-feature-clig-off font-feature-calt-off text-decoration-none text-strikethrough-none\"> en el Teatro Figaro. Toda la info <a href=\"https:\/\/gruposmedia.com\/cartelera\/un-monstruo-viene-a-verme\/\">aqu\u00ed.\u00a0<\/a><\/span><\/li>\n<\/ul>\n<h2>M\u00e1s planes\u00a0<\/h2>\n<figure id=\"attachment_44872\" aria-describedby=\"caption-attachment-44872\" style=\"width: 1200px\" class=\"wp-caption aligncenter\"><a href=\"https:\/\/www.vidademadrid.com\/es\/wp-content\/uploads\/2022\/09\/Metro.jpeg\"><img loading=\"lazy\" decoding=\"async\" class=\"size-full wp-image-44872\" src=\"https:\/\/www.vidademadrid.com\/es\/wp-content\/uploads\/2022\/09\/Metro.jpeg\" alt=\"\" width=\"1200\" height=\"600\" srcset=\"https:\/\/www.vidademadrid.com\/es\/wp-content\/uploads\/2022\/09\/Metro.jpeg 1200w, https:\/\/www.vidademadrid.com\/es\/wp-content\/uploads\/2022\/09\/Metro-300x150.jpeg 300w, https:\/\/www.vidademadrid.com\/es\/wp-content\/uploads\/2022\/09\/Metro-1024x512.jpeg 1024w, https:\/\/www.vidademadrid.com\/es\/wp-content\/uploads\/2022\/09\/Metro-768x384.jpeg 768w, https:\/\/www.vidademadrid.com\/es\/wp-content\/uploads\/2022\/09\/Metro-696x348.jpeg 696w, https:\/\/www.vidademadrid.com\/es\/wp-content\/uploads\/2022\/09\/Metro-1068x534.jpeg 1068w, https:\/\/www.vidademadrid.com\/es\/wp-content\/uploads\/2022\/09\/Metro-840x420.jpeg 840w\" sizes=\"auto, (max-width: 1200px) 100vw, 1200px\" \/><\/a><figcaption id=\"caption-attachment-44872\" class=\"wp-caption-text\">Foto: Twitter @OpenHouseMadrid<\/figcaption><\/figure>\n<h3><span class=\"a_GcMg font-feature-liga-off font-feature-clig-off font-feature-calt-off text-decoration-none text-strikethrough-none\">Open House Madrid<\/span><\/h3>\n<p><span class=\"a_GcMg font-feature-liga-off font-feature-clig-off font-feature-calt-off text-decoration-none text-strikethrough-none\">El <strong>Open House Madrid<\/strong> ofrece visitas y rutas gratuitas a edificios emblem\u00e1ticos, espacios y estudios de la ciudad durante el fin de semana. Toda la info <a href=\"https:\/\/www.openhousemadrid.org\/\">aqu\u00ed.\u00a0<\/a><\/span><\/p>\n<h3>Fiestas populares<\/h3>\n<p>Este fin de semana se celebran las <strong>Fiestas de San Miguel en Chamart\u00edn<\/strong>, con conciertos (Polo N\u00e1ndez, Dj Pulpo, Paula Mattheus y m\u00e1s) y actividades en el Parque de Berl\u00edn &#8211;<a href=\"https:\/\/www.vidademadrid.com\/es\/60250\/fiestas-parque-de-berlin-2025-en-chamartin-fechas-programa-y-conciertos\/\">aqu\u00ed est\u00e1 el programa completo<\/a>&#8211;\u00a0 y las <strong>Fiestas de San Vicente de Pa\u00fal en Carabanchel<\/strong>, <a href=\"https:\/\/www.madrid.es\/UnidadWeb\/UGBBDD\/Actividades\/Distritos\/Carabanchel\/ficheros\/Programa_fiestas_San_Vicente.pdf\">aqu\u00ed el programa<\/a>.<\/p>\n<h3><span class=\"a_GcMg font-feature-liga-off font-feature-clig-off font-feature-calt-off text-decoration-none text-strikethrough-none\">Festival 21 Distrititos<\/span><\/h3>\n<p><span class=\"a_GcMg font-feature-liga-off font-feature-clig-off font-feature-calt-off text-decoration-none text-strikethrough-none\">La <strong>5\u00b0 edici\u00f3n del festival<\/strong> dirigido al p\u00fablico infantil y juvenil tendr\u00e1 un estudio de grabaci\u00f3n ambulante, taller de circo, body marbling, juegos tradicionales de madera en formato gigante, teatro sobre ruedas y observaci\u00f3n solar para familias. Toda la info y programaci\u00f3n<a href=\"https:\/\/21distritos.es\/programacion\/\"> aqu\u00ed.\u00a0<\/a><\/span><\/p>\n<h3><span class=\"a_GcMg font-feature-liga-off font-feature-clig-off font-feature-calt-off text-decoration-none text-strikethrough-none\">Visita teatralizada en la Cuesta de Moyano<\/span><\/h3>\n<p><span class=\"a_GcMg font-feature-liga-off font-feature-clig-off font-feature-calt-off text-decoration-none text-strikethrough-none\">Con motivo del centenario de la Cuesta de Moyano, se realizar\u00e1 una <strong>visita teatralizada<\/strong> titulada \u201cLos 2000s: algoritmo, papel y pantalla\u201d. Disponible en la caseta 22 este s\u00e1bado 27 a las 12h. Info <a href=\"https:\/\/www.instagram.com\/soydelacuesta\/\">aqu\u00ed<\/a>.<\/span><\/p>\n<h3><span class=\"a_GcMg font-feature-liga-off font-feature-clig-off font-feature-calt-off text-decoration-none text-strikethrough-none\">Fiebre Photobook Fest<\/span><\/h3>\n<p><span class=\"a_GcMg font-feature-liga-off font-feature-clig-off font-feature-calt-off text-decoration-none text-strikethrough-none\">El <strong>\u00fanico festival en Espa\u00f1a dedicado al fotolibro<\/strong> reunir\u00e1 a un centenar de editoriales y autores que mostrar\u00e1n sus novedades en La Casa Encendida. Habr\u00e1 actividades, encuentros, talleres y m\u00e1s. Toda la info <a href=\"https:\/\/fiebrephotobook.com\/\">aqu\u00ed.\u00a0<\/a><\/span><\/p>\n<h3><span class=\"a_GcMg font-feature-liga-off font-feature-clig-off font-feature-calt-off text-decoration-none text-strikethrough-none\">Drone Art Show<\/span><\/h3>\n<p><span class=\"a_GcMg font-feature-liga-off font-feature-clig-off font-feature-calt-off text-decoration-none text-strikethrough-none\">Este espect\u00e1culo lo forman cientos de drones iluminados que dibujan formas en el cielo, movi\u00e9ndose al ritmo de la m\u00fasica cl\u00e1sica. Disponible este s\u00e1bado 27 a las 21.30h en el <strong>Hip\u00f3dromo de la Zarzuela<\/strong>. Toda la info y entradas <a href=\"https:\/\/thedroneartshow.com\/madrid\/\">aqu\u00ed.\u00a0<\/a><\/span><\/p>\n<h3>M\u00fasica en directo en la nueva sala Ballantine&#8217;s<\/h3>\n<p>Durante los d\u00edas 26, 27 y 28 de septiembre, el bar Limbo, muy cerca de Tribunal, se transforma en un espacio abierto al p\u00fablico y gratuito. Un lugar donde las bandas podr\u00e1n ir a ensayar y todo aquel que quiera podr\u00e1 disfrutar de m\u00fasica en directo gratis. Toda la info <a href=\"https:\/\/www.instagram.com\/ballantines_es\/\">aqu\u00ed.\u00a0<\/a><\/p>\n<h2>Eventos gastron\u00f3micos<\/h2>\n<h3><span class=\"a_GcMg font-feature-liga-off font-feature-clig-off font-feature-calt-off text-decoration-none text-strikethrough-none\">3\u00ba Festival de la Tapa peruana<\/span><\/h3>\n<p><span class=\"a_GcMg font-feature-liga-off font-feature-clig-off font-feature-calt-off text-decoration-none text-strikethrough-none\"><strong>1 tapa de ceviche + 1 tapa regional + 1 Pisco Sour tradicional<\/strong> por 12 \u20ac en los restaurantes El Corral de Mamay, El Jato, El Rinconcito de Adela, Hoku Per\u00fa, Huacatay, La Cuadra de Salvador, Lima Lim\u00f3n, Rinconcito Cuzque\u00f1o, Suyo, Tushpa. Evento organizado por la Emb. de Per\u00fa. Descubre toda la info <a href=\"https:\/\/www.esmadrid.com\/agenda\/festival-tapa-peruana\">aqu\u00ed.\u00a0<\/a><\/span><\/p>\n<h3><span class=\"a_GcMg font-feature-liga-off font-feature-clig-off font-feature-calt-off text-decoration-none text-strikethrough-none\">Feria mexicana Pi\u00f1a Agavera<\/span><\/h3>\n<p class=\"cvGsUA direction-ltr align-center para-style-body\"><span class=\"a_GcMg font-feature-liga-off font-feature-clig-off font-feature-calt-off text-decoration-none text-strikethrough-none\">Evento con una selecci\u00f3n de m\u00e1s de 400 marcas <\/span><span class=\"a_GcMg font-feature-liga-off font-feature-clig-off font-feature-calt-off text-decoration-none text-strikethrough-none\">de destilados de agave: tequila, mezcal y otros licores artesanales. Con aut\u00e9ntica gastronom\u00eda mexicana, catas, charlas y m\u00fasica en directo. Disponible este s\u00e1bado 27 de 17h a 21h. Toda la info <a href=\"https:\/\/www.instagram.com\/pinaagavera\/?hl=es\">aqu\u00ed.\u00a0<\/a><\/span><\/p>\n<h2>Eventos musicales<\/h2>\n<h3><span class=\"a_GcMg font-feature-liga-off font-feature-clig-off font-feature-calt-off text-decoration-none text-strikethrough-none\">I Reggaeton Millennial Fest<\/span><\/h3>\n<p><span class=\"a_GcMg font-feature-liga-off font-feature-clig-off font-feature-calt-off text-decoration-none text-strikethrough-none\">Llega al <strong>Autocine de Madrid<\/strong> la m\u00fasica de Juan Mag\u00e1n, K-Narias, Danny Romero, DaSoul, Buxxi, DCS, Jay Santos y Xriz en este festival que revivir\u00e1 la fiesta de los 2000 y 2010. Toda la info y entradas <a href=\"https:\/\/www.reggaetonmillennialfest.es\/\">aqu\u00ed.\u00a0<\/a><\/span><\/p>\n<h3><span class=\"a_GcMg font-feature-liga-off font-feature-clig-off font-feature-calt-off text-decoration-none text-strikethrough-none\">Concierto gratuito de la Armada<\/span><\/h3>\n<p><span class=\"a_GcMg font-feature-liga-off font-feature-clig-off font-feature-calt-off text-decoration-none text-strikethrough-none\">Dentro de la Semana Naval 2025, podr\u00e1s disfrutar este viernes 26 de 18.30h a 19.30h del <strong>concierto de la Unidad de m\u00fasica de la Agrupaci\u00f3n de Infanter\u00eda de Marina<\/strong> de Madrid en los jardines de Plaza de Oriente. Info <a href=\"https:\/\/www.instagram.com\/armadaesp\/\">aqu\u00ed<\/a>.<\/span><\/p>\n<h3><span class=\"a_GcMg font-feature-liga-off font-feature-clig-off font-feature-calt-off text-decoration-none text-strikethrough-none\">Madrid Salvaje<\/span><\/h3>\n<p><span class=\"a_GcMg font-feature-liga-off font-feature-clig-off font-feature-calt-off text-decoration-none text-strikethrough-none\">Festival de m\u00fasica urbana en el <strong>Recinto ferial Torrej\u00f3n de Ardoz<\/strong>: se presentar\u00e1n Miranda, Hard GZ, Bon Calso, Parkineos, Javi Bambini, Al Safir, Kaze, Disobey, Grind, Lorna, Israel B, Santa Salut, Diegote y muchos m\u00e1s. Toda la info y entradas <a href=\"https:\/\/madridsalvaje.com\/\">aqu\u00ed.\u00a0<\/a><\/span><\/p>\n<h2>Restaurantes para el finde\u00a0<\/h2>\n<h3><span class=\"a_GcMg font-feature-liga-off font-feature-clig-off font-feature-calt-off text-decoration-none text-strikethrough-none\">La Charca Restaurante<\/span><\/h3>\n<p><span class=\"a_GcMg font-feature-liga-off font-feature-clig-off font-feature-calt-off text-decoration-none text-strikethrough-none\"><strong>Nueva apertura<\/strong> al lado de <strong>Plaza Espa\u00f1a<\/strong>: ra\u00edces gastron\u00f3micas asturianas y una carta que apuesta por el sabor directo, la t\u00e9cnica y el respeto al producto. Carnes, verduras y pescados pasan por la parrilla, el ahumador en fr\u00edo y el horno de carb\u00f3n de encina. Estate muy pendiente a nuestras <a href=\"https:\/\/www.instagram.com\/vidademadrid\/\">IG stories<\/a> para descubrir nuestra experiencia.\u00a0<\/span><\/p>\n\n\n<p><\/p>\n","protected":false},"excerpt":{"rendered":"<p>Semana de la \u00d3pera, Feria del Libro Viejo y Antiguo del Paseo de Recoletos, exposici\u00f3n inmersiva Machu Pichu, Carajillo Parties en San Bernardo y m\u00e1s<\/p>\n","protected":false},"author":13,"featured_media":59624,"comment_status":"open","ping_status":"open","sticky":false,"template":"","format":"standard","meta":{"footnotes":""},"categories":[194,119],"tags":[],"class_list":{"0":"post-60265","1":"post","2":"type-post","3":"status-publish","4":"format-standard","5":"has-post-thumbnail","7":"category-planes-del-fin-de-semana-madrid","8":"category-portada"},"_links":{"self":[{"href":"https:\/\/www.vidademadrid.com\/es\/wp-json\/wp\/v2\/posts\/60265","targetHints":{"allow":["GET"]}}],"collection":[{"href":"https:\/\/www.vidademadrid.com\/es\/wp-json\/wp\/v2\/posts"}],"about":[{"href":"https:\/\/www.vidademadrid.com\/es\/wp-json\/wp\/v2\/types\/post"}],"author":[{"embeddable":true,"href":"https:\/\/www.vidademadrid.com\/es\/wp-json\/wp\/v2\/users\/13"}],"replies":[{"embeddable":true,"href":"https:\/\/www.vidademadrid.com\/es\/wp-json\/wp\/v2\/comments?post=60265"}],"version-history":[{"count":7,"href":"https:\/\/www.vidademadrid.com\/es\/wp-json\/wp\/v2\/posts\/60265\/revisions"}],"predecessor-version":[{"id":60299,"href":"https:\/\/www.vidademadrid.com\/es\/wp-json\/wp\/v2\/posts\/60265\/revisions\/60299"}],"wp:featuredmedia":[{"embeddable":true,"href":"https:\/\/www.vidademadrid.com\/es\/wp-json\/wp\/v2\/media\/59624"}],"wp:attachment":[{"href":"https:\/\/www.vidademadrid.com\/es\/wp-json\/wp\/v2\/media?parent=60265"}],"wp:term":[{"taxonomy":"category","embeddable":true,"href":"https:\/\/www.vidademadrid.com\/es\/wp-json\/wp\/v2\/categories?post=60265"},{"taxonomy":"post_tag","embeddable":true,"href":"https:\/\/www.vidademadrid.com\/es\/wp-json\/wp\/v2\/tags?post=60265"}],"curies":[{"name":"wp","href":"https:\/\/api.w.org\/{rel}","templated":true}]}}