{"id":60250,"date":"2025-09-23T10:03:19","date_gmt":"2025-09-23T08:03:19","guid":{"rendered":"https:\/\/www.vidademadrid.com\/es\/?p=60250"},"modified":"2025-10-04T14:46:42","modified_gmt":"2025-10-04T12:46:42","slug":"fiestas-parque-de-berlin-2025-en-chamartin-fechas-programa-y-conciertos","status":"publish","type":"post","link":"https:\/\/www.vidademadrid.com\/es\/60250\/fiestas-parque-de-berlin-2025-en-chamartin-fechas-programa-y-conciertos\/","title":{"rendered":"Fiestas Parque de Berl\u00edn 2025 en Chamart\u00edn: fechas, programa y conciertos"},"content":{"rendered":"<p>Las\u00a0<strong>Fiestas de San Miguel\u00a0<\/strong>vuelven al Parque de Berl\u00edn este 2025 con un programa lleno de actividades para toda la familia, conciertos y mucho m\u00e1s. Te contamos toda la informaci\u00f3n en este art\u00edculo.<\/p>\n<h2>Fiestas de San Miguel en el Parque de Berl\u00edn 2025<\/h2>\n<p>El distrito de Chamart\u00edn volver\u00e1 a celebrar las fiestas en honor a San Miguel en el\u00a0<strong>Parque de Berl\u00edn\u00a0<\/strong>con actividades como karaoke, conciertos, espect\u00e1culos infantiles, zarzuela, actividades deportivas, concursos, conciertos y mucho m\u00e1s. El escenario principal ser\u00e1n en el<\/p>\n<p>Las fiestas ser\u00e1n del\u00a0<strong>25 al 28 de septiembre\u00a0<\/strong>y este a\u00f1o rendir\u00e1 homenaje a los 175a\u00f1os que cumple la profesi\u00f3n de Ingeniero Industrial en Espa\u00f1a y el preg\u00f3n estar\u00e1 a cargo de la\u00a0<strong>Escuela T\u00e9cnica Superior de Ingenieros Industriales\u00a0<\/strong>con su director Sergio Dom\u00ednguez.<\/p>\n<p>El preg\u00f3n ser\u00e1 el\u00a0<strong>25 de septiembre a las 20 horas.\u00a0<\/strong><\/p>\n<h2>Fiestas del Parque de Berl\u00edn 2025: programa<\/h2>\n<p>El programa de las Fiestas de San Miguel en el Parque de Berl\u00edn es el siguiente:<\/p>\n<p><strong>Jueves 25 de septiembre<\/strong><\/p>\n<ul>\n<li>18 horas: Jornada Seguridad Vial<\/li>\n<li>19 horas: Karaoke familiar<\/li>\n<li>20 horas: Preg\u00f3n<\/li>\n<li>20.30 horas:\u00a0<strong>Concierto Yacar\u00e9<\/strong><\/li>\n<li>22 horas:\u00a0<strong>Tributo a Queen\u00a0<\/strong>a cargo de Momo Cort\u00e9s<\/li>\n<\/ul>\n<p><strong>Viernes 26 de septiembre<\/strong><\/p>\n<ul>\n<li>18.30 horas: Actuaci\u00f3n Zarzuela \u00abLa Matritense\u00bb<\/li>\n<li>18.30 horas: Limonada y barquillos<\/li>\n<li>21 horas:\u00a0<strong>Concierto Polo N\u00e1ndez<\/strong><\/li>\n<li>23 horas:\u00a0<strong>DJ Pulpo<\/strong><\/li>\n<\/ul>\n<p><strong>S\u00e1bado 27 de septiembre<\/strong><\/p>\n<ul>\n<li>12 horas: Fanky Super Disco<\/li>\n<li>13 horas: Fiesta familiar de la espuma<\/li>\n<li>17 horas: Juegos desenchufados<\/li>\n<li>18 horas: Escape Room Familiar<\/li>\n<li>19 horas: Coro Afasia Activa<\/li>\n<li>20 horas: Concierto Armus del Colegio San Agust\u00edn<\/li>\n<li>22 horas:\u00a0<strong>Concierto Paula Mattheus\u00a0<\/strong><\/li>\n<li>23.45 horas:\u00a0<strong>DJ Rodri D\u00edaz<\/strong><\/li>\n<\/ul>\n<p><strong>Domingo 28 de septiembre\u00a0<\/strong><\/p>\n<ul>\n<li>9 horas: Concurso de pintura r\u00e1pida<\/li>\n<li>10.30 horas: Actuaci\u00f3n de Jotas aragonesas<\/li>\n<li>11 horas: Castillos hinchables<\/li>\n<li>11 horas: Espect\u00e1culo circense y acrob\u00e1tico \u00abEl poder de los libros\u00bb<\/li>\n<li>11.30 horas: Simult\u00e1nea Internacional de Ajedrez<\/li>\n<li>12 horas: Flash Mob<\/li>\n<li>13 horas: Misa Mayor en la Parroquia de San Miguel Arc\u00e1ngel<\/li>\n<li>13 horas: Espect\u00e1culo de magia con Dani O&#8217;Magic<\/li>\n<li>16.30-18.30 horas: Horas silenciosas<\/li>\n<li>17 horas: Taller de marionetas ecol\u00f3gicas<\/li>\n<li>18.30 horas: T\u00edteres con Cabeza<\/li>\n<li>19.30 horas:\u00a0<strong>Concierto Sabor de Ventas<\/strong><\/li>\n<li>21 horas:\u00a0<strong>Concierto \u00cdndica<\/strong><\/li>\n<\/ul>\n<div id=\"toc_container\" class=\"no_bullets\"><\/div>\n","protected":false},"excerpt":{"rendered":"<p>Ser\u00e1n del 25 al 28 de septiembre. <\/p>\n","protected":false},"author":15,"featured_media":52750,"comment_status":"open","ping_status":"open","sticky":false,"template":"","format":"standard","meta":{"footnotes":""},"categories":[101],"tags":[],"class_list":{"0":"post-60250","1":"post","2":"type-post","3":"status-publish","4":"format-standard","5":"has-post-thumbnail","7":"category-ferias-fiestas-mercados-madrid"},"_links":{"self":[{"href":"https:\/\/www.vidademadrid.com\/es\/wp-json\/wp\/v2\/posts\/60250","targetHints":{"allow":["GET"]}}],"collection":[{"href":"https:\/\/www.vidademadrid.com\/es\/wp-json\/wp\/v2\/posts"}],"about":[{"href":"https:\/\/www.vidademadrid.com\/es\/wp-json\/wp\/v2\/types\/post"}],"author":[{"embeddable":true,"href":"https:\/\/www.vidademadrid.com\/es\/wp-json\/wp\/v2\/users\/15"}],"replies":[{"embeddable":true,"href":"https:\/\/www.vidademadrid.com\/es\/wp-json\/wp\/v2\/comments?post=60250"}],"version-history":[{"count":2,"href":"https:\/\/www.vidademadrid.com\/es\/wp-json\/wp\/v2\/posts\/60250\/revisions"}],"predecessor-version":[{"id":60255,"href":"https:\/\/www.vidademadrid.com\/es\/wp-json\/wp\/v2\/posts\/60250\/revisions\/60255"}],"wp:featuredmedia":[{"embeddable":true,"href":"https:\/\/www.vidademadrid.com\/es\/wp-json\/wp\/v2\/media\/52750"}],"wp:attachment":[{"href":"https:\/\/www.vidademadrid.com\/es\/wp-json\/wp\/v2\/media?parent=60250"}],"wp:term":[{"taxonomy":"category","embeddable":true,"href":"https:\/\/www.vidademadrid.com\/es\/wp-json\/wp\/v2\/categories?post=60250"},{"taxonomy":"post_tag","embeddable":true,"href":"https:\/\/www.vidademadrid.com\/es\/wp-json\/wp\/v2\/tags?post=60250"}],"curies":[{"name":"wp","href":"https:\/\/api.w.org\/{rel}","templated":true}]}}