{"id":60191,"date":"2025-09-16T11:32:27","date_gmt":"2025-09-16T09:32:27","guid":{"rendered":"https:\/\/www.vidademadrid.com\/es\/?p=60191"},"modified":"2025-10-04T14:43:50","modified_gmt":"2025-10-04T12:43:50","slug":"tienda-on-madrid-apertura-noviembre-2025","status":"publish","type":"post","link":"https:\/\/www.vidademadrid.com\/es\/60191\/tienda-on-madrid-apertura-noviembre-2025\/","title":{"rendered":"On abrir\u00e1 su primera tienda en Espa\u00f1a y estar\u00e1 ubicada en Madrid"},"content":{"rendered":"<p>La marca suiza de deporte,\u00a0<strong>On,\u00a0<\/strong>abrir\u00e1 su primera tienda en Espa\u00f1a y estar\u00e1 ubicada en el\u00a0<strong>Barrio de Salamanca\u00a0<\/strong>en Madrid. Te contamos toda la informaci\u00f3n en este art\u00edculo.<\/p>\n<h2>On abrir\u00e1 en Madrid<\/h2>\n<p><strong>On<\/strong> aterrizar\u00e1 en Espa\u00f1a con una <strong>tienda de dos plantas\u00a0<\/strong>en el\u00a0<strong>Barrio de Salamanca.\u00a0<\/strong>Se trata de la primera\u00a0<em>flagship\u00a0<\/em>de la marca en Espa\u00f1a.<\/p>\n<p>La tienda estar\u00e1 ubicada en la\u00a0<strong>calle Serrano, 17\u00a0<\/strong>y se espera que abra sus puertas a\u00a0<strong>finales de noviembre de este a\u00f1o.\u00a0<\/strong><\/p>\n<p><strong>On\u00a0<\/strong>es una marca que naci\u00f3 en los Alpes suizos en 2010 con la misi\u00f3n de \u00abdespertar el esp\u00edritu humano a trav\u00e9s del movimiento\u00bb y cuenta ya con presencia en\u00a0<strong>80 pa\u00edses.\u00a0<\/strong>Cuenta con ropa, calzado y accesorios para deporte,\u00a0<em>running<\/em>, actividades al aire libre y tenis.<\/p>\n","protected":false},"excerpt":{"rendered":"<p>Se espera que abra a finales de noviembre. <\/p>\n","protected":false},"author":15,"featured_media":60193,"comment_status":"open","ping_status":"open","sticky":false,"template":"","format":"standard","meta":{"footnotes":""},"categories":[27],"tags":[],"class_list":{"0":"post-60191","1":"post","2":"type-post","3":"status-publish","4":"format-standard","5":"has-post-thumbnail","7":"category-tiendas-madrid"},"_links":{"self":[{"href":"https:\/\/www.vidademadrid.com\/es\/wp-json\/wp\/v2\/posts\/60191","targetHints":{"allow":["GET"]}}],"collection":[{"href":"https:\/\/www.vidademadrid.com\/es\/wp-json\/wp\/v2\/posts"}],"about":[{"href":"https:\/\/www.vidademadrid.com\/es\/wp-json\/wp\/v2\/types\/post"}],"author":[{"embeddable":true,"href":"https:\/\/www.vidademadrid.com\/es\/wp-json\/wp\/v2\/users\/15"}],"replies":[{"embeddable":true,"href":"https:\/\/www.vidademadrid.com\/es\/wp-json\/wp\/v2\/comments?post=60191"}],"version-history":[{"count":1,"href":"https:\/\/www.vidademadrid.com\/es\/wp-json\/wp\/v2\/posts\/60191\/revisions"}],"predecessor-version":[{"id":60196,"href":"https:\/\/www.vidademadrid.com\/es\/wp-json\/wp\/v2\/posts\/60191\/revisions\/60196"}],"wp:featuredmedia":[{"embeddable":true,"href":"https:\/\/www.vidademadrid.com\/es\/wp-json\/wp\/v2\/media\/60193"}],"wp:attachment":[{"href":"https:\/\/www.vidademadrid.com\/es\/wp-json\/wp\/v2\/media?parent=60191"}],"wp:term":[{"taxonomy":"category","embeddable":true,"href":"https:\/\/www.vidademadrid.com\/es\/wp-json\/wp\/v2\/categories?post=60191"},{"taxonomy":"post_tag","embeddable":true,"href":"https:\/\/www.vidademadrid.com\/es\/wp-json\/wp\/v2\/tags?post=60191"}],"curies":[{"name":"wp","href":"https:\/\/api.w.org\/{rel}","templated":true}]}}