{"id":60173,"date":"2025-09-12T12:17:40","date_gmt":"2025-09-12T10:17:40","guid":{"rendered":"https:\/\/www.vidademadrid.com\/es\/?p=60173"},"modified":"2025-10-04T14:49:22","modified_gmt":"2025-10-04T12:49:22","slug":"planes-para-este-fin-de-semana-12-13-y-14-de-septiembre-de-2025","status":"publish","type":"post","link":"https:\/\/www.vidademadrid.com\/es\/60173\/planes-para-este-fin-de-semana-12-13-y-14-de-septiembre-de-2025\/","title":{"rendered":"Planes para este fin de semana: 12, 13 y 14 de septiembre de 2025"},"content":{"rendered":"<p>Como cada semana, os dejamos nuestro <strong>MEGA POST DE PLANES<\/strong> para este finde <strong>12,13 y 14 de septiembre 2025 en Madrid<\/strong>: Nueva exposici\u00f3n inmersiva de Cleopatra, exposici\u00f3n fotogr\u00e1fica de Leica, Madrid es Moda, estrenos de exposiciones y teatros, fiestas patronales&#8230; Un finde cargado de planes para todos los gustos.<\/p>\n<h2>Actividades destacadas<\/h2>\n<h3><span class=\"a_GcMg font-feature-liga-off font-feature-clig-off font-feature-calt-off text-decoration-none text-strikethrough-none\">Cleopatra, la exposici\u00f3n inmersiva<\/span><\/h3>\n<p class=\"cvGsUA direction-ltr align-center para-style-body\"><span class=\"a_GcMg font-feature-liga-off font-feature-clig-off font-feature-calt-off text-decoration-none text-strikethrough-none\">Estreno de la la cuarta producci\u00f3n de Madrid Artes Digitales: un <strong>viaje multisensorial por Egipto<\/strong>, que invita a descubrir a Cleopatra como estratega pol\u00edtica, figura divina y mujer clave en la historia del poder. Con <strong>sala inmersiva, realidad virtual, metaverso, la in\u00e9dita sala de hologramas<\/strong> y m\u00e1s. Disponible en Matadero. Toda la info y entradas <a href=\"https:\/\/madridartesdigitales.com\/agenda\/cleopatra\/?gad_source=1&amp;gad_campaignid=22741289406&amp;gbraid=0AAAAAoaFO6kUhDZkRTrtq-SpXgTP2rKm6&amp;gclid=CjwKCAjwiY_GBhBEEiwAFaghvqcGBkUwJdVEeVkOGPzwq9aOfdCKRN-AnghIdZ8dXYYU_PCArB_vwhoClOQQAvD_BwE\">aqu\u00ed.<\/a> <\/span><span class=\"a_GcMg font-feature-liga-off font-feature-clig-off font-feature-calt-off text-decoration-none text-strikethrough-none\">Reportaje completo en nuestro <a href=\"https:\/\/www.instagram.com\/p\/DOdBB7rjbCK\/\">reel.\u00a0<\/a><\/span><\/p>\n<h3><span class=\"a_GcMg font-feature-liga-off font-feature-clig-off font-feature-calt-off text-decoration-none text-strikethrough-none\">Leica. 100 a\u00f1os de fotograf\u00eda<\/span><\/h3>\n<p><span class=\"a_GcMg font-feature-liga-off font-feature-clig-off font-feature-calt-off text-decoration-none text-strikethrough-none\">La nueva exposici\u00f3n <strong>\u00abLeica. Un siglo de fotograf\u00eda\u00bb<\/strong> re\u00fane m\u00e1s de 170 fotograf\u00edas y ofrece un recorrido por la carrera de grandes fot\u00f3grafos nacionales e internacionales. Disponible gratis en el Teatro Fern\u00e1n G\u00f3mez.Toda la info <a href=\"https:\/\/www.teatrofernangomez.es\/actividades\/leica-un-siglo-de-fotografia-1925-2025\">aqu\u00ed.\u00a0<\/a><\/span><\/p>\n<figure id=\"attachment_60153\" aria-describedby=\"caption-attachment-60153\" style=\"width: 1200px\" class=\"wp-caption aligncenter\"><a href=\"https:\/\/www.vidademadrid.com\/es\/wp-content\/uploads\/2025\/09\/Leica.jpg\"><img loading=\"lazy\" decoding=\"async\" class=\"size-full wp-image-60153\" src=\"https:\/\/www.vidademadrid.com\/es\/wp-content\/uploads\/2025\/09\/Leica.jpg\" alt=\"\" width=\"1200\" height=\"600\" srcset=\"https:\/\/www.vidademadrid.com\/es\/wp-content\/uploads\/2025\/09\/Leica.jpg 1200w, https:\/\/www.vidademadrid.com\/es\/wp-content\/uploads\/2025\/09\/Leica-300x150.jpg 300w, https:\/\/www.vidademadrid.com\/es\/wp-content\/uploads\/2025\/09\/Leica-1024x512.jpg 1024w, https:\/\/www.vidademadrid.com\/es\/wp-content\/uploads\/2025\/09\/Leica-768x384.jpg 768w, https:\/\/www.vidademadrid.com\/es\/wp-content\/uploads\/2025\/09\/Leica-696x348.jpg 696w, https:\/\/www.vidademadrid.com\/es\/wp-content\/uploads\/2025\/09\/Leica-1068x534.jpg 1068w, https:\/\/www.vidademadrid.com\/es\/wp-content\/uploads\/2025\/09\/Leica-840x420.jpg 840w\" sizes=\"auto, (max-width: 1200px) 100vw, 1200px\" \/><\/a><figcaption id=\"caption-attachment-60153\" class=\"wp-caption-text\">Foto: Centro Cultural de la Villa Fern\u00e1n G\u00f3mez<\/figcaption><\/figure>\n<h3><span class=\"a_GcMg font-feature-liga-off font-feature-clig-off font-feature-calt-off text-decoration-none text-strikethrough-none\">Todas las nuevas exposiciones (gratuitas)<\/span><\/h3>\n<p><span class=\"a_GcMg font-feature-liga-off font-feature-clig-off font-feature-calt-off text-decoration-none text-strikethrough-none\">Este fin de semana tambi\u00e9n se estrenan estas exposiciones: <\/span><\/p>\n<ul>\n<li><strong><span class=\"a_GcMg font-feature-liga-off font-feature-clig-off font-feature-calt-off text-decoration-none text-strikethrough-none\">Alfredo Alcain<\/span><\/strong><span class=\"a_GcMg font-feature-liga-off font-feature-clig-off font-feature-calt-off text-decoration-none text-strikethrough-none\"> en la Sala Alcal\u00e1 31. Toda la info <a href=\"https:\/\/www.comunidad.madrid\/actividades\/2025\/exposicion-alfredo-alcain-retrospectiva\">aqu\u00ed.\u00a0<\/a><\/span><\/li>\n<li><strong><span class=\"a_GcMg font-feature-liga-off font-feature-clig-off font-feature-calt-off text-decoration-none text-strikethrough-none\">\u201cLos caf\u00e9s literarios de Madrid\u201d<\/span><\/strong><span class=\"a_GcMg font-feature-liga-off font-feature-clig-off font-feature-calt-off text-decoration-none text-strikethrough-none\"> y <\/span><strong><span class=\"a_GcMg font-feature-liga-off font-feature-clig-off font-feature-calt-off text-decoration-none text-strikethrough-none\">\u201cMil y un Quijotes\u201d<\/span><\/strong><span class=\"a_GcMg font-feature-liga-off font-feature-clig-off font-feature-calt-off text-decoration-none text-strikethrough-none\"> en la Serrer\u00eda Belga. Toda la info <a href=\"https:\/\/www.serreria-belga.es\/\">aqu\u00ed.\u00a0<\/a><\/span><\/li>\n<li><strong><span class=\"a_GcMg font-feature-liga-off font-feature-clig-off font-feature-calt-off text-decoration-none text-strikethrough-none\">Julia Toro<\/span><\/strong><span class=\"a_GcMg font-feature-liga-off font-feature-clig-off font-feature-calt-off text-decoration-none text-strikethrough-none\"> en Museo L\u00e1zaro Galdiano. Toda la info <a href=\"https:\/\/www.flg.es\/agenda-de-actividades\/exposiciones-temporales\/exposicion-julia-toro-photoespana-2025\">aqu\u00ed.\u00a0<\/a><\/span><\/li>\n<li><strong><span class=\"a_GcMg font-feature-liga-off font-feature-clig-off font-feature-calt-off text-decoration-none text-strikethrough-none\">\u201cOro Tejido\u201d<\/span><\/strong><span class=\"a_GcMg font-feature-liga-off font-feature-clig-off font-feature-calt-off text-decoration-none text-strikethrough-none\"> en La Casa Encendida. Toda la info <a href=\"https:\/\/www.lacasaencendida.es\/exposiciones\/oro-tejido-con-paja\">aqu\u00ed.\u00a0<\/a><\/span><\/li>\n<li><strong><span class=\"a_GcMg font-feature-liga-off font-feature-clig-off font-feature-calt-off text-decoration-none text-strikethrough-none\">Joan Mir\u00f3<\/span><span class=\"a_GcMg font-feature-liga-off font-feature-clig-off font-feature-calt-off text-decoration-none text-strikethrough-none\"> y <\/span><span class=\"a_GcMg font-feature-liga-off font-feature-clig-off font-feature-calt-off text-decoration-none text-strikethrough-none\">Stanley Whitney<\/span><\/strong><span class=\"a_GcMg font-feature-liga-off font-feature-clig-off font-feature-calt-off text-decoration-none text-strikethrough-none\"> en Galer\u00eda Cay\u00f3n. Toda la info <a href=\"https:\/\/galeriacayon.com\/exposiciones-y-ferias-arte\/\">aqu\u00ed.\u00a0<\/a><\/span><\/li>\n<\/ul>\n<h3><span class=\"a_GcMg font-feature-liga-off font-feature-clig-off font-feature-calt-off text-decoration-none text-strikethrough-none\">Rita\u2019s La Vaguada<\/span><\/h3>\n<p><span class=\"a_GcMg font-feature-liga-off font-feature-clig-off font-feature-calt-off text-decoration-none text-strikethrough-none\">Disfruta de una experiencia divertida en la azotea de La Vaguada. El s\u00e1bado y el domingo, a partir de las 12 h, el brunch open air con buena comida, dj, c\u00f3cteles, zona chillout, cachimbas y ambiente veraniego. El viernes, el tardeo open air a partir de las 17 h. Toda la info y entradas <a href=\"https:\/\/ritas.es\/ritas-vaguada\/\">aqu\u00ed.\u00a0<\/a><\/span><\/p>\n<p><em>*Plan en colaboraci\u00f3n.\u00a0<\/em><\/p>\n<h2>M\u00e1s planes<\/h2>\n<h3><span class=\"a_GcMg font-feature-liga-off font-feature-clig-off font-feature-calt-off text-decoration-none text-strikethrough-none\">Exposici\u00f3n nuevos imaginarios<\/span><\/h3>\n<p><span class=\"a_GcMg font-feature-liga-off font-feature-clig-off font-feature-calt-off text-decoration-none text-strikethrough-none\">La exposici\u00f3n <strong>Nuevos imaginarios<\/strong> surge de la confluencia entre las pr\u00e1cticas cinematogr\u00e1ficas y los espacios art\u00edsticos, a partir de una selecci\u00f3n de obras de cineastas con reconocimiento internacional. Disponible gratis en <strong>Contempor\u00e1nea Condeduque<\/strong>. Toda la info <a href=\"https:\/\/www.condeduquemadrid.es\/actividades\/nuevos-imaginarios\">aqu\u00ed.\u00a0<\/a><\/span><\/p>\n<figure id=\"attachment_60169\" aria-describedby=\"caption-attachment-60169\" style=\"width: 1200px\" class=\"wp-caption aligncenter\"><a href=\"https:\/\/www.vidademadrid.com\/es\/wp-content\/uploads\/2025\/09\/Nuevos-imaginarios.jpg\"><img loading=\"lazy\" decoding=\"async\" class=\"size-full wp-image-60169\" src=\"https:\/\/www.vidademadrid.com\/es\/wp-content\/uploads\/2025\/09\/Nuevos-imaginarios.jpg\" alt=\"\" width=\"1200\" height=\"600\" srcset=\"https:\/\/www.vidademadrid.com\/es\/wp-content\/uploads\/2025\/09\/Nuevos-imaginarios.jpg 1200w, https:\/\/www.vidademadrid.com\/es\/wp-content\/uploads\/2025\/09\/Nuevos-imaginarios-300x150.jpg 300w, https:\/\/www.vidademadrid.com\/es\/wp-content\/uploads\/2025\/09\/Nuevos-imaginarios-1024x512.jpg 1024w, https:\/\/www.vidademadrid.com\/es\/wp-content\/uploads\/2025\/09\/Nuevos-imaginarios-768x384.jpg 768w, https:\/\/www.vidademadrid.com\/es\/wp-content\/uploads\/2025\/09\/Nuevos-imaginarios-696x348.jpg 696w, https:\/\/www.vidademadrid.com\/es\/wp-content\/uploads\/2025\/09\/Nuevos-imaginarios-1068x534.jpg 1068w, https:\/\/www.vidademadrid.com\/es\/wp-content\/uploads\/2025\/09\/Nuevos-imaginarios-840x420.jpg 840w\" sizes=\"auto, (max-width: 1200px) 100vw, 1200px\" \/><\/a><figcaption id=\"caption-attachment-60169\" class=\"wp-caption-text\">Foto: Ayuntamiento de Madrid<\/figcaption><\/figure>\n<h3><span class=\"a_GcMg font-feature-liga-off font-feature-clig-off font-feature-calt-off text-decoration-none text-strikethrough-none\">Fiver\u201925<\/span><\/h3>\n<p><span class=\"a_GcMg font-feature-liga-off font-feature-clig-off font-feature-calt-off text-decoration-none text-strikethrough-none\"><strong>Fiver, festival internacional de cine, danza y nuevos medios<\/strong>, celebra su 13\u00aa edici\u00f3n en <strong>Centro Danza Matadero<\/strong> presentando obras de reconocidos artistas con 20 pel\u00edculas internacionales. Toda la info <a href=\"https:\/\/www.centrodanzamatadero.es\/actividades\/fiver25\">aqu\u00ed.\u00a0<\/a><\/span><\/p>\n<h3><span class=\"a_GcMg font-feature-liga-off font-feature-clig-off font-feature-calt-off text-decoration-none text-strikethrough-none\">Apertura Madrid Gallery Weekend<\/span><\/h3>\n<p><span class=\"a_GcMg font-feature-liga-off font-feature-clig-off font-feature-calt-off text-decoration-none text-strikethrough-none\"><strong>55 galer\u00edas<\/strong> abren sus puertas para disfrutar de exposiciones y actividades como m\u00fasica en directo, visitas guiadas, firmas de libros y m\u00e1s. Toda la info y ubicaciones <a href=\"https:\/\/www.artemadrid.com\/apertura-2\/\">aqu\u00ed.\u00a0<\/a><\/span><\/p>\n<h3>Oktoberfest<\/h3>\n<ul>\n<li><span class=\"a_GcMg font-feature-liga-off font-feature-clig-off font-feature-calt-off text-decoration-none text-strikethrough-none\"><strong>Oktoberfest Vallekana:<\/strong> Una gran carpa al m\u00e1s puro estilo alem\u00e1n, con bancos y mesas de madera con cervezas tradicionales, foodtrucks, actividades, m\u00fasica y mucho m\u00e1s. Toda la info <a href=\"https:\/\/www.instagram.com\/oktoberfestvallekana\/\">aqu\u00ed.<\/a>\u00a0<\/span><\/li>\n<li><span class=\"a_GcMg font-feature-liga-off font-feature-clig-off font-feature-calt-off text-decoration-none text-strikethrough-none\"><strong>Oktoberfest Experience:<\/strong> El Oktoberfest de Paulaner estar\u00e1 ubicado en el interior del <strong>Gran Teatro CaixaBank.<\/strong> Contar\u00e1 con todos los elementos, tradiciones y decoraciones b\u00e1varas para trasladar a todos los visitantes al epicentro de la fiesta alemana. Toda la info <a href=\"https:\/\/feverup.com\/m\/199672?srsltid=AfmBOor144rFNJH9serAlm6pZmJ33dPUlZFpGVheKaofpQLIMbnbexni\">aqu\u00ed.<\/a>\u00a0<\/span><\/li>\n<\/ul>\n<figure id=\"attachment_45115\" aria-describedby=\"caption-attachment-45115\" style=\"width: 1200px\" class=\"wp-caption aligncenter\"><a href=\"https:\/\/www.vidademadrid.com\/es\/wp-content\/uploads\/2022\/09\/Oktoberfest.jpeg\"><img loading=\"lazy\" decoding=\"async\" class=\"size-full wp-image-45115\" src=\"https:\/\/www.vidademadrid.com\/es\/wp-content\/uploads\/2022\/09\/Oktoberfest.jpeg\" alt=\"\" width=\"1200\" height=\"600\" srcset=\"https:\/\/www.vidademadrid.com\/es\/wp-content\/uploads\/2022\/09\/Oktoberfest.jpeg 1200w, https:\/\/www.vidademadrid.com\/es\/wp-content\/uploads\/2022\/09\/Oktoberfest-300x150.jpeg 300w, https:\/\/www.vidademadrid.com\/es\/wp-content\/uploads\/2022\/09\/Oktoberfest-1024x512.jpeg 1024w, https:\/\/www.vidademadrid.com\/es\/wp-content\/uploads\/2022\/09\/Oktoberfest-768x384.jpeg 768w, https:\/\/www.vidademadrid.com\/es\/wp-content\/uploads\/2022\/09\/Oktoberfest-696x348.jpeg 696w, https:\/\/www.vidademadrid.com\/es\/wp-content\/uploads\/2022\/09\/Oktoberfest-1068x534.jpeg 1068w, https:\/\/www.vidademadrid.com\/es\/wp-content\/uploads\/2022\/09\/Oktoberfest-840x420.jpeg 840w\" sizes=\"auto, (max-width: 1200px) 100vw, 1200px\" \/><\/a><figcaption id=\"caption-attachment-45115\" class=\"wp-caption-text\">Foto: esmadrid<\/figcaption><\/figure>\n<h3><span class=\"a_GcMg font-feature-liga-off font-feature-clig-off font-feature-calt-off text-decoration-none text-strikethrough-none\">Estrenos de Teatro<\/span><\/h3>\n<p><span class=\"a_GcMg font-feature-liga-off font-feature-clig-off font-feature-calt-off text-decoration-none text-strikethrough-none\">Este fin de semana podr\u00e1s disfrutar de los estrenos en distintos teatros de Madrid:<\/span><\/p>\n<ul>\n<li><strong><span class=\"a_GcMg font-feature-liga-off font-feature-clig-off font-feature-calt-off text-decoration-none text-strikethrough-none\">Sara Baras<\/span><\/strong><span class=\"a_GcMg font-feature-liga-off font-feature-clig-off font-feature-calt-off text-decoration-none text-strikethrough-none\"> en el Teatro Gran V\u00eda. Toda la info <a href=\"https:\/\/gruposmedia.com\/teatro-gran-via\/sara-baras-vuela\/\">aqu\u00ed.\u00a0<\/a><\/span><\/li>\n<li><strong><span class=\"a_GcMg font-feature-liga-off font-feature-clig-off font-feature-calt-off text-decoration-none text-strikethrough-none\">Poeta [perdido] en Nueva York<\/span><\/strong><span class=\"a_GcMg font-feature-liga-off font-feature-clig-off font-feature-calt-off text-decoration-none text-strikethrough-none\"> en el Teatro Fern\u00e1n G\u00f3mez. Toda la info <a href=\"https:\/\/www.teatrofernangomez.es\/actividades\/poeta-perdido-en-nueva-york\">aqu\u00ed.\u00a0<\/a><\/span><\/li>\n<li><strong><span class=\"a_GcMg font-feature-liga-off font-feature-clig-off font-feature-calt-off text-decoration-none text-strikethrough-none\">Carmen, nada de nadie <\/span><\/strong><span class=\"a_GcMg font-feature-liga-off font-feature-clig-off font-feature-calt-off text-decoration-none text-strikethrough-none\">en el Teatro Espa\u00f1ol. Toda la info <a href=\"https:\/\/www.teatroespanol.es\/carmen-nada-de-nadie\">aqu\u00ed.\u00a0<\/a><\/span><\/li>\n<li><strong><span class=\"a_GcMg font-feature-liga-off font-feature-clig-off font-feature-calt-off text-decoration-none text-strikethrough-none\">Atrapadas en la ofi <\/span><\/strong><span class=\"a_GcMg font-feature-liga-off font-feature-clig-off font-feature-calt-off text-decoration-none text-strikethrough-none\">en el Teatro Lara. Toda la info <a href=\"https:\/\/teatrolara.com\/programacion\/atrapadas-en-la-ofi\">aqu\u00ed.\u00a0<\/a><\/span><\/li>\n<li><strong><span class=\"a_GcMg font-feature-liga-off font-feature-clig-off font-feature-calt-off text-decoration-none text-strikethrough-none\">El orgullo de quererte. Zarzuela<\/span><\/strong><span class=\"a_GcMg font-feature-liga-off font-feature-clig-off font-feature-calt-off text-decoration-none text-strikethrough-none\"> en los Teatros del Canal. Toda la info <a href=\"https:\/\/www.teatroscanal.com\/espectaculo\/el-orgullo-de-quererte-zarzuela-tc2526\/\">aqu\u00ed.\u00a0<\/a><\/span><\/li>\n<li><strong><span class=\"a_GcMg font-feature-liga-off font-feature-clig-off font-feature-calt-off text-decoration-none text-strikethrough-none\">1936<\/span><\/strong><span class=\"a_GcMg font-feature-liga-off font-feature-clig-off font-feature-calt-off text-decoration-none text-strikethrough-none\"> en el Teatro Valle-Incl\u00e1n. Toda la info <a href=\"https:\/\/dramatico.inaem.gob.es\/evento\/1936-4\/\">aqu\u00ed.\u00a0<\/a><\/span><\/li>\n<\/ul>\n<h2>Eventos en la ciudad<\/h2>\n<h3><span class=\"a_GcMg font-feature-liga-off font-feature-clig-off font-feature-calt-off text-decoration-none text-strikethrough-none\">Desfile en la Plaza de Oriente<\/span><\/h3>\n<p class=\"cvGsUA direction-ltr align-center para-style-body\"><span class=\"a_GcMg font-feature-liga-off font-feature-clig-off font-feature-calt-off text-decoration-none text-strikethrough-none\"><strong>Madrid es Moda<\/strong> celebra su 10\u00ba aniversario con un desfile en <\/span><span class=\"a_GcMg font-feature-liga-off font-feature-clig-off font-feature-calt-off text-decoration-none text-strikethrough-none\">los jardines de la <strong>Plaza de Oriente<\/strong>. El evento contar\u00e1 con la participaci\u00f3n de m\u00e1s de <strong>20 dise\u00f1adores<\/strong> que presentar\u00e1n sus colecciones. <strong>Madrid es Moda ser\u00e1 del 13 al 16 de septiembre<\/strong> con eventos en distintos espacios de la ciudad. Toda la info<a href=\"https:\/\/www.madrid.es\/portales\/munimadrid\/es\/Inicio\/Actualidad\/Noticias\/Madrid-inaugura-una-nueva-edicion-de-la-Semana-de-la-Moda-con-un-desfile-al-pie-del-Palacio-Real\/?vgnextfmt=default&amp;vgnextoid=c71d162bdb239910VgnVCM100000891ecb1aRCRD&amp;vgnextchannel=a12149fa40ec9410VgnVCM100000171f5a0aRCRD\"> aqu\u00ed.\u00a0<\/a><\/span><\/p>\n<h3><span class=\"a_GcMg font-feature-liga-off font-feature-clig-off font-feature-calt-off text-decoration-none text-strikethrough-none\">Coca-Cola Music Experience<\/span><\/h3>\n<p><span class=\"a_GcMg font-feature-liga-off font-feature-clig-off font-feature-calt-off text-decoration-none text-strikethrough-none\">El CCME celebra su 15\u00ba aniversario con la mejor m\u00fasica y experiencias. Se presentar\u00e1n <strong>J Balvin, Viva Suecia, Malm\u00f6 040, Lola \u00cdndigo, \u00c1lvaro de Luna, Tiago PZK<\/strong> y m\u00e1s. Toda la info, cartel completo y entradas <a href=\"https:\/\/www.coca-cola.com\/es\/es\/offerings\/musica\">aqu\u00ed.\u00a0<\/a><\/span><\/p>\n<h3><span class=\"a_GcMg font-feature-liga-off font-feature-clig-off font-feature-calt-off text-decoration-none text-strikethrough-none\">La Vuelta<\/span><\/h3>\n<p><span class=\"a_GcMg font-feature-liga-off font-feature-clig-off font-feature-calt-off text-decoration-none text-strikethrough-none\"><strong>La Vuelta<\/strong> a Espa\u00f1a terminar\u00e1 en Madrid y pasar\u00e1 por la calle Mayor, Puerta del Sol, Gran V\u00eda, Callao, Cibeles y el Paisaje de la Luz. Consulta las noticias por si hay cambios de programa. Toda la info <a href=\"https:\/\/www.esmadrid.com\/agenda\/la-vuelta-madrid\">aqu\u00ed.\u00a0<\/a><\/span><\/p>\n<h3><span class=\"a_GcMg font-feature-liga-off font-feature-clig-off font-feature-calt-off text-decoration-none text-strikethrough-none\">Festival Proyector<\/span><\/h3>\n<p><span class=\"a_GcMg font-feature-liga-off font-feature-clig-off font-feature-calt-off text-decoration-none text-strikethrough-none\">El <strong>Festival Proyector<\/strong> muestra nuevos lenguajes y formatos a trav\u00e9s de unas 300 piezas de cine, performance, videoarte, piezas site specific, interactivas y obras \u00fanicas que se ver\u00e1n en primicia en el Festival. Disponible en distintas ubicaciones gratis. Toda la info <a href=\"https:\/\/proyector.info\/\">aqu\u00ed.\u00a0<\/a><\/span><\/p>\n<h3><span class=\"a_GcMg font-feature-liga-off font-feature-clig-off font-feature-calt-off text-decoration-none text-strikethrough-none\">Back to the Book Festival<\/span><\/h3>\n<p><span class=\"a_GcMg font-feature-liga-off font-feature-clig-off font-feature-calt-off text-decoration-none text-strikethrough-none\"><strong>Autores, editores y lectores reunidos<\/strong> a la vuelta del verano en un espacio de encuentro. Habr\u00e1 actividades para todos los p\u00fablicos, firmas, charlas, m\u00fasica, caf\u00e9 y cerveza. Disponible solo este finde y gratis en <strong>Casa del Lector de Matadero<\/strong>. Toda la info <a href=\"https:\/\/backtothebook.es\/\">aqu\u00ed.\u00a0<\/a><\/span><\/p>\n<h2>Fiestas patronales<\/h2>\n<h3><span class=\"a_GcMg font-feature-liga-off font-feature-clig-off font-feature-calt-off text-decoration-none text-strikethrough-none\">Fiestas de Ciudad Lineal<\/span><\/h3>\n<p class=\"cvGsUA direction-ltr align-center para-style-body\"><span class=\"a_GcMg font-feature-liga-off font-feature-clig-off font-feature-calt-off text-decoration-none text-strikethrough-none\">Las Fiestas de Ciudad Lineal tendr\u00e1 actividades para todos los p\u00fablicos y grandes conciertos. <\/span><span class=\"a_GcMg font-feature-liga-off font-feature-clig-off font-feature-calt-off text-decoration-none text-strikethrough-none\">Viernes 12:<\/span><span class=\"a_GcMg font-feature-liga-off font-feature-clig-off font-feature-calt-off text-decoration-none text-strikethrough-none\"> Funambulista (22:15), s\u00e1bado<\/span><span class=\"a_GcMg font-feature-liga-off font-feature-clig-off font-feature-calt-off text-decoration-none text-strikethrough-none\">\u00a013<\/span><span class=\"a_GcMg font-feature-liga-off font-feature-clig-off font-feature-calt-off text-decoration-none text-strikethrough-none\">: Canteca de Macao (23:00) y <\/span><span class=\"a_GcMg font-feature-liga-off font-feature-clig-off font-feature-calt-off text-decoration-none text-strikethrough-none\">Domingo 14<\/span><span class=\"a_GcMg font-feature-liga-off font-feature-clig-off font-feature-calt-off text-decoration-none text-strikethrough-none\">: Momo \u201cTributo a Queen\u201d (21:15). Programa completo<a href=\"https:\/\/www.madrid.es\/UnidadesDescentralizadas\/DistritoCiudadLineal\/PROGRAMACIONCULTURAL\/2025SEPTIEMBRE\/FIESTAS%20DISTRITO\/ARCHIVOS\/TripticoFiestasCL25.pdf\"> aqu\u00ed.\u00a0<\/a><\/span><\/p>\n<h3><span class=\"a_GcMg font-feature-liga-off font-feature-clig-off font-feature-calt-off text-decoration-none text-strikethrough-none\">Fiestas de Barajas<\/span><\/h3>\n<p class=\"cvGsUA direction-ltr align-center para-style-body\"><span class=\"a_GcMg font-feature-liga-off font-feature-clig-off font-feature-calt-off text-decoration-none text-strikethrough-none\">Vuelven las Fiestas de Barajas con actividades familiares, musicales, deportivas, religiosas y m\u00e1s. <\/span><span class=\"a_GcMg font-feature-liga-off font-feature-clig-off font-feature-calt-off text-decoration-none text-strikethrough-none\">Viernes 12<\/span><span class=\"a_GcMg font-feature-liga-off font-feature-clig-off font-feature-calt-off text-decoration-none text-strikethrough-none\">: Orquesta Vulkano Show (00:00), s<\/span><span class=\"a_GcMg font-feature-liga-off font-feature-clig-off font-feature-calt-off text-decoration-none text-strikethrough-none\">\u00e1bado 13<\/span><span class=\"a_GcMg font-feature-liga-off font-feature-clig-off font-feature-calt-off text-decoration-none text-strikethrough-none\">: Marlon (00:00) y domingo<\/span><span class=\"a_GcMg font-feature-liga-off font-feature-clig-off font-feature-calt-off text-decoration-none text-strikethrough-none\">\u00a014<\/span><span class=\"a_GcMg font-feature-liga-off font-feature-clig-off font-feature-calt-off text-decoration-none text-strikethrough-none\">: Concierto \u00danicos Francisco y Tamara. Programa completo<a href=\"https:\/\/diario.madrid.es\/wp-content\/uploads\/2025\/09\/BARAJAS-PROGRAMA-FIESTAS-2025.pdf\"> aqu\u00ed.\u00a0<\/a><\/span><\/p>\n<h3><span class=\"a_GcMg font-feature-liga-off font-feature-clig-off font-feature-calt-off text-decoration-none text-strikethrough-none\">Fiestas de la Virgen de la Torre en Villa de Vallecas<\/span><\/h3>\n<p><span class=\"a_GcMg font-feature-liga-off font-feature-clig-off font-feature-calt-off text-decoration-none text-strikethrough-none\">Las Fiestas de Villa de Vallecas tendr\u00e1n actividades familiares, culturales, deportivas, limonada popular, fuegos articiales<\/span> <span class=\"a_GcMg font-feature-liga-off font-feature-clig-off font-feature-calt-off text-decoration-none text-strikethrough-none\">y presentaciones musicales. Programa completo <a href=\"https:\/\/www.madrid.es\/UnidadWeb\/UGBBDD\/Actividades\/Distritos\/VillaVallecas\/Actividades\/ficheros\/ProgramaFiestasVTorre2025VdVallecas.pdf\">aqu\u00ed.\u00a0<\/a><\/span><\/p>\n<h3><span class=\"a_GcMg font-feature-liga-off font-feature-clig-off font-feature-calt-off text-decoration-none text-strikethrough-none\">Fiestas de la Ventilla en Tetu\u00e1n<\/span><\/h3>\n<p><span class=\"a_GcMg font-feature-liga-off font-feature-clig-off font-feature-calt-off text-decoration-none text-strikethrough-none\">Las Fiestas de la Ventilla en Tetu\u00e1n tendr\u00e1n actividades infantiles, deportivas, culturales y dos actuaciones musicales: <\/span><span class=\"a_GcMg font-feature-liga-off font-feature-clig-off font-feature-calt-off text-decoration-none text-strikethrough-none\">Viernes 12<\/span><span class=\"a_GcMg font-feature-liga-off font-feature-clig-off font-feature-calt-off text-decoration-none text-strikethrough-none\">: La Real Academia de la Parranda (20:00) y Los D\u2019Orlando (22:15). Programa completo<a href=\"https:\/\/sede.madrid.es\/UnidadWeb\/UGBBDD\/Actividades\/Distritos\/Tetuan\/ficheros\/progsept.pdf\"> aqu\u00ed.\u00a0<\/a><\/span><\/p>\n<h3><span class=\"a_GcMg font-feature-liga-off font-feature-clig-off font-feature-calt-off text-decoration-none text-strikethrough-none\">Fiestas patronales en la regi\u00f3n<\/span><\/h3>\n<p><span class=\"a_GcMg font-feature-liga-off font-feature-clig-off font-feature-calt-off text-decoration-none text-strikethrough-none\">Este fin de semana se celebran fiestas tambi\u00e9n en: <\/span><\/p>\n<ul>\n<li><strong><span class=\"a_GcMg font-feature-liga-off font-feature-clig-off font-feature-calt-off text-decoration-none text-strikethrough-none\">Parla<\/span><\/strong><span class=\"a_GcMg font-feature-liga-off font-feature-clig-off font-feature-calt-off text-decoration-none text-strikethrough-none\"> (hasta 21\/9). Programa completo <a href=\"https:\/\/www.ayuntamientoparla.es\/servicios\/cultura\/fiestas-patronales-parla-2025\">aqu\u00ed.\u00a0<\/a><\/span><\/li>\n<li><strong><span class=\"a_GcMg font-feature-liga-off font-feature-clig-off font-feature-calt-off text-decoration-none text-strikethrough-none\">M\u00f3stoles<\/span><\/strong><span class=\"a_GcMg font-feature-liga-off font-feature-clig-off font-feature-calt-off text-decoration-none text-strikethrough-none\"> (\u00faltimo finde). Programa completo <a href=\"https:\/\/www.mostoles.es\/Festejos\/es\/fiestas\/fiestas-patronales.ficheros\/1383544-Programa%20de%20Fiestas%20Patronales%20de%20M%C3%B3stoles%202025.pdf\">aqu\u00ed.\u00a0<\/a><\/span><\/li>\n<li><strong><span class=\"a_GcMg font-feature-liga-off font-feature-clig-off font-feature-calt-off text-decoration-none text-strikethrough-none\">Fuenlabrada<\/span><\/strong><span class=\"a_GcMg font-feature-liga-off font-feature-clig-off font-feature-calt-off text-decoration-none text-strikethrough-none\"> (\u00faltimo finde). Programa completo <a href=\"https:\/\/defiestaenfiesta.es\/archivos\/programas\/Fiestas-de-Fuenlabrada-2025-planinfantil-es-68922725a1c16.pdf\">aqu\u00ed.\u00a0<\/a><\/span><\/li>\n<li><strong><span class=\"a_GcMg font-feature-liga-off font-feature-clig-off font-feature-calt-off text-decoration-none text-strikethrough-none\">Majadahonda<\/span><\/strong><span class=\"a_GcMg font-feature-liga-off font-feature-clig-off font-feature-calt-off text-decoration-none text-strikethrough-none\"> (\u00faltimo finde). Programa completo <a href=\"https:\/\/www.majadahonda.org\/documents\/36614\/860036\/PROGRAMA+FIESTAS+2025.pdf\/f03a6159-0cc2-c616-b8cd-7e955a63e746\">aqu\u00ed.\u00a0<\/a><\/span><\/li>\n<li><strong><span class=\"a_GcMg font-feature-liga-off font-feature-clig-off font-feature-calt-off text-decoration-none text-strikethrough-none\">Manzanares el Real<\/span><\/strong><span class=\"a_GcMg font-feature-liga-off font-feature-clig-off font-feature-calt-off text-decoration-none text-strikethrough-none\"> (solo este finde). Programa completo <a href=\"https:\/\/manzanareselreal.es\/wp-content\/uploads\/2025\/07\/PROGRAMA-FIESTAS-2025-3.pdf\">aqu\u00ed.\u00a0<\/a><\/span><\/li>\n<\/ul>\n<h2>\u00daltima oportunidad para disfrutar de&#8230;<\/h2>\n<ul>\n<li><span class=\"a_GcMg font-feature-liga-off font-feature-clig-off font-feature-calt-off text-decoration-none text-strikethrough-none\">Exposici\u00f3n <strong>\u201cTan lejos, tan cerca. Guadalupe de M\u00e9xico en Espa\u00f1a\u201d<\/strong> en el Prado. Toda la info <a href=\"https:\/\/www.museodelprado.es\/actualidad\/exposicion\/tan-lejos-tan-cerca-guadalupe-de-mexico-en-espaa\/79d98c40-2157-cc85-d92b-d4cd046bb729\">aqu\u00ed.\u00a0<\/a><\/span><\/li>\n<li><span class=\"a_GcMg font-feature-liga-off font-feature-clig-off font-feature-calt-off text-decoration-none text-strikethrough-none\"><strong>Cine de verano \u201cLa Estival\u201d<\/strong> en Plaza de Espa\u00f1a. Toda la info <a href=\"https:\/\/www.laestival.com\/\">aqu\u00ed.\u00a0<\/a><\/span><\/li>\n<li><span class=\"a_GcMg font-feature-liga-off font-feature-clig-off font-feature-calt-off text-decoration-none text-strikethrough-none\">Exposiciones <strong>PHotoESPA\u00d1A<\/strong>. Toda la info <a href=\"https:\/\/phe.es\/exposiciones\/madrid\/\">aqu\u00ed.\u00a0<\/a><\/span><\/li>\n<li><span class=\"a_GcMg font-feature-liga-off font-feature-clig-off font-feature-calt-off text-decoration-none text-strikethrough-none\">Exposici\u00f3n <strong>\u201cIsabel Coixet\u201d<\/strong> en el Museo Thyssen. Toda la info <a href=\"https:\/\/www.museothyssen.org\/exposiciones\/isabel-coixet-collages\">aqu\u00ed.\u00a0<\/a><\/span><\/li>\n<li><span class=\"a_GcMg font-feature-liga-off font-feature-clig-off font-feature-calt-off text-decoration-none text-strikethrough-none\">Exposici\u00f3n<strong> \u201cMadrid entre libros\u201d<\/strong> en C.C Condeduque. Toda la info <a href=\"https:\/\/www.madrid.es\/portales\/munimadrid\/es\/Madrid-entre-libros-150-anos-de-la-Biblioteca-Historica-Municipal-de-Madrid\/?vgnextfmt=default&amp;vgnextoid=8d52d9881b725910VgnVCM2000001f4a900aRCRD&amp;vgnextchannel=15d3efff228fe410VgnVCM2000000c205a0aRCRD\">aqu\u00ed.\u00a0<\/a><\/span><\/li>\n<li><span class=\"a_GcMg font-feature-liga-off font-feature-clig-off font-feature-calt-off text-decoration-none text-strikethrough-none\">Exposici\u00f3n <strong>\u201cVoces del Pac\u00edfico\u201d<\/strong> en el CaixaForum. Toda la info <a href=\"https:\/\/caixaforum.org\/es\/madrid\/p\/voces-del-pacifico_a168425221\">aqu\u00ed.\u00a0<\/a><\/span><\/li>\n<li><span class=\"a_GcMg font-feature-liga-off font-feature-clig-off font-feature-calt-off text-decoration-none text-strikethrough-none\">Exposici\u00f3n<strong> \u201cCarmen Mart\u00edn Gaite y el collage\u201d<\/strong> en la Casa del Lector. Toda la info <a href=\"https:\/\/www.mataderomadrid.org\/programacion\/exposicion-carmen-martin-gaite-y-el-collage-un-diario-en-libertad\">aqu\u00ed.\u00a0<\/a><\/span><\/li>\n<li><span class=\"a_GcMg font-feature-liga-off font-feature-clig-off font-feature-calt-off text-decoration-none text-strikethrough-none\">Exposici\u00f3n <strong>\u201cTreinta Obras Maestras de la Biblioteca L\u00e1zaro Galdiano\u201d<\/strong> en el Museo L\u00e1zaro Galdiano. Toda la info <a href=\"https:\/\/www.flg.es\/agenda-de-actividades\/exposiciones-temporales\/exposicion-30-obras-maestras-biblioteca-lazaro-galdiano\">aqu\u00ed.\u00a0<\/a><\/span><\/li>\n<\/ul>\n<p class=\"cvGsUA direction-ltr align-start para-style-body\">\n","protected":false},"excerpt":{"rendered":"<p>Nueva exposici\u00f3n inmersiva de Cleopatra, exposici\u00f3n fotogr\u00e1fica de Leica, Madrid es Moda, estrenos de exposiciones y teatros, fiestas patronales y m\u00e1s <\/p>\n","protected":false},"author":13,"featured_media":60136,"comment_status":"open","ping_status":"open","sticky":false,"template":"","format":"standard","meta":{"footnotes":""},"categories":[194,119],"tags":[],"class_list":{"0":"post-60173","1":"post","2":"type-post","3":"status-publish","4":"format-standard","5":"has-post-thumbnail","7":"category-planes-del-fin-de-semana-madrid","8":"category-portada"},"_links":{"self":[{"href":"https:\/\/www.vidademadrid.com\/es\/wp-json\/wp\/v2\/posts\/60173","targetHints":{"allow":["GET"]}}],"collection":[{"href":"https:\/\/www.vidademadrid.com\/es\/wp-json\/wp\/v2\/posts"}],"about":[{"href":"https:\/\/www.vidademadrid.com\/es\/wp-json\/wp\/v2\/types\/post"}],"author":[{"embeddable":true,"href":"https:\/\/www.vidademadrid.com\/es\/wp-json\/wp\/v2\/users\/13"}],"replies":[{"embeddable":true,"href":"https:\/\/www.vidademadrid.com\/es\/wp-json\/wp\/v2\/comments?post=60173"}],"version-history":[{"count":2,"href":"https:\/\/www.vidademadrid.com\/es\/wp-json\/wp\/v2\/posts\/60173\/revisions"}],"predecessor-version":[{"id":60176,"href":"https:\/\/www.vidademadrid.com\/es\/wp-json\/wp\/v2\/posts\/60173\/revisions\/60176"}],"wp:featuredmedia":[{"embeddable":true,"href":"https:\/\/www.vidademadrid.com\/es\/wp-json\/wp\/v2\/media\/60136"}],"wp:attachment":[{"href":"https:\/\/www.vidademadrid.com\/es\/wp-json\/wp\/v2\/media?parent=60173"}],"wp:term":[{"taxonomy":"category","embeddable":true,"href":"https:\/\/www.vidademadrid.com\/es\/wp-json\/wp\/v2\/categories?post=60173"},{"taxonomy":"post_tag","embeddable":true,"href":"https:\/\/www.vidademadrid.com\/es\/wp-json\/wp\/v2\/tags?post=60173"}],"curies":[{"name":"wp","href":"https:\/\/api.w.org\/{rel}","templated":true}]}}