{"id":60152,"date":"2025-09-10T10:00:00","date_gmt":"2025-09-10T08:00:00","guid":{"rendered":"https:\/\/www.vidademadrid.com\/es\/?p=60152"},"modified":"2025-09-10T06:03:19","modified_gmt":"2025-09-10T04:03:19","slug":"exposicion-fotografica-leica-fechas-horarios","status":"publish","type":"post","link":"https:\/\/www.vidademadrid.com\/es\/60152\/exposicion-fotografica-leica-fechas-horarios\/","title":{"rendered":"Una exposici\u00f3n fotogr\u00e1fica gratuita celebra los 100 a\u00f1os de Leica"},"content":{"rendered":"<p>Una nueva exposici\u00f3n fotogr\u00e1fica llega a Madrid para celebrar los <strong>100 a\u00f1os de Leica.<\/strong> Esta muestra ofrece un recorrido por la obra de grandes fot\u00f3grafos nacionales e internacionales. Te contamos toda la informaci\u00f3n en este art\u00edculo.\u00a0<\/p>\n<h2><span style=\"font-weight: 400;\">Exposici\u00f3n \u00abLeica. Un siglo de fotograf\u00eda\u00bb<\/span><\/h2>\n<p>La nueva exposici\u00f3n <strong>\u00abLeica. Un siglo de fotograf\u00eda\u00bb\u00a0<\/strong>re\u00fane m\u00e1s de 170 fotograf\u00edas y ofrece un recorrido por la carrera de grandes fot\u00f3grafos nacionales e internacionales con distintas tem\u00e1ticas como la\u00a0<strong>fotograf\u00eda de calle, documento social, retratos, paisaje urbano y fotograf\u00edas de naturaleza.\u00a0<\/strong><\/p>\n<p>Se han seleccionado im\u00e1genes de autores vinculados a la marca durante los siglos XX y XXI como\u00a0<strong>Bruce Davidson, Alberto Korda, Ralph Gibson, Steve McCurry\u00a0<\/strong>y m\u00e1s. Adem\u00e1s, la exposici\u00f3n propone un recorrido por la historia de\u00a0<strong>Leica,\u00a0<\/strong>cuyo prototipo es de 1914 pero se convirti\u00f3 en una realidad en 1925 debido al estallido de la Primera Guerra Mundial.\u00a0<\/p>\n<h2>Visita la exposici\u00f3n\u00a0<\/h2>\n<p>La exposici\u00f3n <strong>\u00abLeica. Un siglo de fotograf\u00eda\u00bb\u00a0<\/strong>se podr\u00e1 visitar del\u00a0<strong>10 de septiembre de 2025 al 11 de enero de 2026\u00a0<\/strong>en el\u00a0<strong>Teatro Fern\u00e1n G\u00f3mez. Centro Cultural de la Villa\u00a0<\/strong>(Metro Col\u00f3n).\u00a0<\/p>\n<p>El horario es de\u00a0martes a domingo de 10 a 20 horas. Los lunes permanecer\u00e1 cerrada. El acceso a la exposici\u00f3n es\u00a0<strong>gratuito.\u00a0<\/strong><\/p>\n\n\n<p><\/p>\n","protected":false},"excerpt":{"rendered":"<p>Se podr\u00e1 visitar hasta del 10 de septiembre al 11 de enero de 2026. <\/p>\n","protected":false},"author":15,"featured_media":60153,"comment_status":"open","ping_status":"open","sticky":false,"template":"","format":"standard","meta":{"footnotes":""},"categories":[111],"tags":[],"class_list":{"0":"post-60152","1":"post","2":"type-post","3":"status-publish","4":"format-standard","5":"has-post-thumbnail","7":"category-exposiciones-madrid"},"_links":{"self":[{"href":"https:\/\/www.vidademadrid.com\/es\/wp-json\/wp\/v2\/posts\/60152","targetHints":{"allow":["GET"]}}],"collection":[{"href":"https:\/\/www.vidademadrid.com\/es\/wp-json\/wp\/v2\/posts"}],"about":[{"href":"https:\/\/www.vidademadrid.com\/es\/wp-json\/wp\/v2\/types\/post"}],"author":[{"embeddable":true,"href":"https:\/\/www.vidademadrid.com\/es\/wp-json\/wp\/v2\/users\/15"}],"replies":[{"embeddable":true,"href":"https:\/\/www.vidademadrid.com\/es\/wp-json\/wp\/v2\/comments?post=60152"}],"version-history":[{"count":1,"href":"https:\/\/www.vidademadrid.com\/es\/wp-json\/wp\/v2\/posts\/60152\/revisions"}],"predecessor-version":[{"id":60154,"href":"https:\/\/www.vidademadrid.com\/es\/wp-json\/wp\/v2\/posts\/60152\/revisions\/60154"}],"wp:featuredmedia":[{"embeddable":true,"href":"https:\/\/www.vidademadrid.com\/es\/wp-json\/wp\/v2\/media\/60153"}],"wp:attachment":[{"href":"https:\/\/www.vidademadrid.com\/es\/wp-json\/wp\/v2\/media?parent=60152"}],"wp:term":[{"taxonomy":"category","embeddable":true,"href":"https:\/\/www.vidademadrid.com\/es\/wp-json\/wp\/v2\/categories?post=60152"},{"taxonomy":"post_tag","embeddable":true,"href":"https:\/\/www.vidademadrid.com\/es\/wp-json\/wp\/v2\/tags?post=60152"}],"curies":[{"name":"wp","href":"https:\/\/api.w.org\/{rel}","templated":true}]}}