{"id":60128,"date":"2025-09-08T16:48:01","date_gmt":"2025-09-08T14:48:01","guid":{"rendered":"https:\/\/www.vidademadrid.com\/es\/?p=60128"},"modified":"2025-09-08T16:50:30","modified_gmt":"2025-09-08T14:50:30","slug":"exposicion-desenfocado-caixaforum-202","status":"publish","type":"post","link":"https:\/\/www.vidademadrid.com\/es\/60128\/exposicion-desenfocado-caixaforum-202\/","title":{"rendered":"La exposici\u00f3n \u00abDesenfocado\u00bb llega al CaixaForum con obras de Giacometti, Monet y Rothko"},"content":{"rendered":"<p>El&nbsp;<strong>CaixaForum&nbsp;<\/strong>acoge una nueva exposici\u00f3n temporal que re\u00fane obras de grandes aristas y explora c\u00f3mo la serie de los&nbsp;<strong>nen\u00fafares de Monet&nbsp;<\/strong>introdujo el concepto de desenfoque en el arte, de lo borroso e impreciso. Te contamos todo sobre <strong>\u00abDesenfocado\u00bb&nbsp;<\/strong>en este art\u00edculo.<\/p>\n<h2><span style=\"font-weight: 400;\">\u00abDesenfocado\u00bb en el CaixaForum&nbsp;<\/span><\/h2>\n<p>La exposici\u00f3n&nbsp;<strong>\u00abDesenfocado\u00bb&nbsp;<\/strong>parte de la serie de los nen\u00fafares de Monet y c\u00f3mo el concepto de desenfoque en su obra, derivada de sus problemas de vista, supuso una nueva manera para comprender el mundo e introdujo lo borroso e impreciso en el arte.<\/p>\n<p>Los nen\u00fafares de Monet han sido consideradas durante mucho tiempo como el parang\u00f3n de la pintura abstracta. <strong>\u00abDesenfocado\u00bb&nbsp;<\/strong>analiza el desenfoque del siglo XIX y las enlaza con pinturas, v\u00eddeos, fotograf\u00edas e instalaciones de grandes artistas como&nbsp;<strong>Alberto Giacometti, Gerhard Richter, Mark Rothko, Eva Nielsens, Claude Monet, Thomas Ruff, Alfredo Jaar, Soledad Sevilla, Christian Boltanski, Mame-Diarra Nian, Bill Viola y m\u00e1s.&nbsp;<\/strong><\/p>\n<h2>Visita la exposici\u00f3n<\/h2>\n<p>La exposici\u00f3n <strong>\u00abDesenfocado\u00bb&nbsp;<\/strong>se podr\u00e1 visitar del&nbsp;<strong>17 de septiembre de 2025 al 12 de abril de 2026&nbsp;<\/strong>en el&nbsp;<strong>CaixaForum&nbsp;<\/strong>(Metro Estaci\u00f3n del Arte). Se podr\u00e1 visitar de lunes a domingo de 10 a 20 horas.<\/p>\n<p>El precio de la entrada general es de 6 euros.<\/p>\n","protected":false},"excerpt":{"rendered":"<p>Se podr\u00e1 visitar del 17 de septiembre al 12 de abril. <\/p>\n","protected":false},"author":15,"featured_media":60129,"comment_status":"open","ping_status":"open","sticky":false,"template":"","format":"standard","meta":{"footnotes":""},"categories":[111,119],"tags":[],"class_list":{"0":"post-60128","1":"post","2":"type-post","3":"status-publish","4":"format-standard","5":"has-post-thumbnail","7":"category-exposiciones-madrid","8":"category-portada"},"_links":{"self":[{"href":"https:\/\/www.vidademadrid.com\/es\/wp-json\/wp\/v2\/posts\/60128","targetHints":{"allow":["GET"]}}],"collection":[{"href":"https:\/\/www.vidademadrid.com\/es\/wp-json\/wp\/v2\/posts"}],"about":[{"href":"https:\/\/www.vidademadrid.com\/es\/wp-json\/wp\/v2\/types\/post"}],"author":[{"embeddable":true,"href":"https:\/\/www.vidademadrid.com\/es\/wp-json\/wp\/v2\/users\/15"}],"replies":[{"embeddable":true,"href":"https:\/\/www.vidademadrid.com\/es\/wp-json\/wp\/v2\/comments?post=60128"}],"version-history":[{"count":2,"href":"https:\/\/www.vidademadrid.com\/es\/wp-json\/wp\/v2\/posts\/60128\/revisions"}],"predecessor-version":[{"id":60131,"href":"https:\/\/www.vidademadrid.com\/es\/wp-json\/wp\/v2\/posts\/60128\/revisions\/60131"}],"wp:featuredmedia":[{"embeddable":true,"href":"https:\/\/www.vidademadrid.com\/es\/wp-json\/wp\/v2\/media\/60129"}],"wp:attachment":[{"href":"https:\/\/www.vidademadrid.com\/es\/wp-json\/wp\/v2\/media?parent=60128"}],"wp:term":[{"taxonomy":"category","embeddable":true,"href":"https:\/\/www.vidademadrid.com\/es\/wp-json\/wp\/v2\/categories?post=60128"},{"taxonomy":"post_tag","embeddable":true,"href":"https:\/\/www.vidademadrid.com\/es\/wp-json\/wp\/v2\/tags?post=60128"}],"curies":[{"name":"wp","href":"https:\/\/api.w.org\/{rel}","templated":true}]}}