{"id":60044,"date":"2025-08-29T16:10:43","date_gmt":"2025-08-29T14:10:43","guid":{"rendered":"https:\/\/www.vidademadrid.com\/es\/?p=60044"},"modified":"2025-08-31T22:53:56","modified_gmt":"2025-08-31T20:53:56","slug":"autobuses-gratuitos-bicimad-1-de-septiembre-2025","status":"publish","type":"post","link":"https:\/\/www.vidademadrid.com\/es\/60044\/autobuses-gratuitos-bicimad-1-de-septiembre-2025\/","title":{"rendered":"Los autobuses de la EMT y Bicimad ser\u00e1n gratuitos este lunes 1 de septiembre"},"content":{"rendered":"<p>Los autobuses de la\u00a0<strong>Empresa Municipal de Transportes de Madrid\u00a0<\/strong>(EMT) y los viajes en Bicimad ser\u00e1n gratuitos el 1 de septiembre. Es la primera vez que se activa esta medida durante la jornada del inicio de la actividad laboral. Te contamos toda la informaci\u00f3n en este art\u00edculo.<\/p>\n<h2>Autobuses de la EMT gratuitos<\/h2>\n<p><script async=\"\" src=\"https:\/\/pagead2.googlesyndication.com\/pagead\/js\/adsbygoogle.js\"><\/script> <ins class=\"adsbygoogle\" style=\"display: block;\" data-ad-format=\"fluid\" data-ad-layout-key=\"-7f+eo+1+2-5\" data-ad-client=\"ca-pub-7450064428034605\" data-ad-slot=\"7327027071\"><\/ins><script>(adsbygoogle = window.adsbygoogle || []).push({});<\/script><\/p>\n<p>Los viajes en los autobuses la EMT volver\u00e1n a ser gratuitos. El d\u00eda <strong>1 de septiembre<\/strong>, coincidiendo con el inicio de las actividades laborales, ser\u00e1n gratuitos los viajes desde las 00:00 horas y hasta las 23:59.<\/p>\n<p>Esta medida aplica para todas las l\u00edneas excepto la l\u00ednea Expr\u00e9s Aeropuerto. Posteriormente, los d\u00edas<strong> 8 y 9 de septiembre<\/strong> los autobuses volver\u00e1n a ser gratuitos.<\/p>\n<h3>\u00bfC\u00f3mo funciona?<\/h3>\n<p>Como en otras ocasiones, los viajeros deber\u00e1n validar su t\u00edtulo de transporte al subir al autob\u00fas. Si no disponen de \u00e9l, el conductor les facilitar\u00e1 un billete sencillo sin coste.<\/p>\n<h2>Viajes gratuitos en Bicimad<\/h2>\n<p><script async=\"\" src=\"http s:\/\/pagead2.googlesyndication.com\/pagead\/js\/adsbygoogle.js\"><\/script> <ins class=\"adsbygoogle\" style=\"display: block; text-align: center;\" data-ad-layout=\"in-article\" data-ad-format=\"fluid\" data-ad-client=\"ca-pub-7450064428034605\" data-ad-slot=\"5670045061\"><\/ins> <script>(adsbygoogle = window.adsbygoogle || []).push({});<\/script><\/p>\n<p>El servicio de bicicleta el\u00e9ctrica,\u00a0<strong>Bicimad,\u00a0<\/strong>se suma a las jornadas gratuitas y todos los viajes de hasta 30 minutos de duraci\u00f3n ser\u00e1n gratuitos los d\u00edas\u00a0<strong>1, 8 y 9 de septiembre.\u00a0<\/strong><\/p>\n","protected":false},"excerpt":{"rendered":"<p>El 8 y 9 tambi\u00e9n ser\u00e1n gratuitos. <\/p>\n","protected":false},"author":15,"featured_media":54253,"comment_status":"open","ping_status":"open","sticky":false,"template":"","format":"standard","meta":{"footnotes":""},"categories":[187,23],"tags":[],"class_list":{"0":"post-60044","1":"post","2":"type-post","3":"status-publish","4":"format-standard","5":"has-post-thumbnail","7":"category-madrid-hoy","8":"category-transportes-huelgas-madrid"},"_links":{"self":[{"href":"https:\/\/www.vidademadrid.com\/es\/wp-json\/wp\/v2\/posts\/60044","targetHints":{"allow":["GET"]}}],"collection":[{"href":"https:\/\/www.vidademadrid.com\/es\/wp-json\/wp\/v2\/posts"}],"about":[{"href":"https:\/\/www.vidademadrid.com\/es\/wp-json\/wp\/v2\/types\/post"}],"author":[{"embeddable":true,"href":"https:\/\/www.vidademadrid.com\/es\/wp-json\/wp\/v2\/users\/15"}],"replies":[{"embeddable":true,"href":"https:\/\/www.vidademadrid.com\/es\/wp-json\/wp\/v2\/comments?post=60044"}],"version-history":[{"count":2,"href":"https:\/\/www.vidademadrid.com\/es\/wp-json\/wp\/v2\/posts\/60044\/revisions"}],"predecessor-version":[{"id":60047,"href":"https:\/\/www.vidademadrid.com\/es\/wp-json\/wp\/v2\/posts\/60044\/revisions\/60047"}],"wp:featuredmedia":[{"embeddable":true,"href":"https:\/\/www.vidademadrid.com\/es\/wp-json\/wp\/v2\/media\/54253"}],"wp:attachment":[{"href":"https:\/\/www.vidademadrid.com\/es\/wp-json\/wp\/v2\/media?parent=60044"}],"wp:term":[{"taxonomy":"category","embeddable":true,"href":"https:\/\/www.vidademadrid.com\/es\/wp-json\/wp\/v2\/categories?post=60044"},{"taxonomy":"post_tag","embeddable":true,"href":"https:\/\/www.vidademadrid.com\/es\/wp-json\/wp\/v2\/tags?post=60044"}],"curies":[{"name":"wp","href":"https:\/\/api.w.org\/{rel}","templated":true}]}}