{"id":59943,"date":"2025-08-07T06:55:05","date_gmt":"2025-08-07T04:55:05","guid":{"rendered":"https:\/\/www.vidademadrid.com\/es\/?p=59943"},"modified":"2025-10-04T14:51:28","modified_gmt":"2025-10-04T12:51:28","slug":"planes-para-este-fin-de-semana-en-madrid-8-9-10-de-agosto-de-2025","status":"publish","type":"post","link":"https:\/\/www.vidademadrid.com\/es\/59943\/planes-para-este-fin-de-semana-en-madrid-8-9-10-de-agosto-de-2025\/","title":{"rendered":"Planes para este fin de semana en Madrid: 8, 9 y 10 de agosto de 2025"},"content":{"rendered":"<p>Como cada semana, os dejamos nuestro <strong>MEGA POST DE PLANES<\/strong> para este finde <strong>8, 9 y 10<\/strong>\u00a0<strong>de agosto de 2025 en Madrid <\/strong>(muchos gratis): Fiestas de San Cayetano y San Lorenzo, actividades del Verano de la Villa, otras fiestas populares y mucho m\u00e1s. Adem\u00e1s, te dejamos una recomendaci\u00f3n <em>foodie <\/em>para esta semana.<\/p>\n<h2>Actividades destacadas<\/h2>\n<figure id=\"attachment_35344\" aria-describedby=\"caption-attachment-35344\" style=\"width: 1200px\" class=\"wp-caption aligncenter\"><a href=\"https:\/\/www.vidademadrid.com\/es\/wp-content\/uploads\/2021\/08\/calle-oso-san-cayetano.jpg\"><img loading=\"lazy\" decoding=\"async\" class=\"size-full wp-image-35344\" src=\"https:\/\/www.vidademadrid.com\/es\/wp-content\/uploads\/2021\/08\/calle-oso-san-cayetano.jpg\" alt=\"\" width=\"1200\" height=\"600\" srcset=\"https:\/\/www.vidademadrid.com\/es\/wp-content\/uploads\/2021\/08\/calle-oso-san-cayetano.jpg 1200w, https:\/\/www.vidademadrid.com\/es\/wp-content\/uploads\/2021\/08\/calle-oso-san-cayetano-300x150.jpg 300w, https:\/\/www.vidademadrid.com\/es\/wp-content\/uploads\/2021\/08\/calle-oso-san-cayetano-1024x512.jpg 1024w, https:\/\/www.vidademadrid.com\/es\/wp-content\/uploads\/2021\/08\/calle-oso-san-cayetano-768x384.jpg 768w, https:\/\/www.vidademadrid.com\/es\/wp-content\/uploads\/2021\/08\/calle-oso-san-cayetano-696x348.jpg 696w, https:\/\/www.vidademadrid.com\/es\/wp-content\/uploads\/2021\/08\/calle-oso-san-cayetano-1068x534.jpg 1068w, https:\/\/www.vidademadrid.com\/es\/wp-content\/uploads\/2021\/08\/calle-oso-san-cayetano-840x420.jpg 840w\" sizes=\"auto, (max-width: 1200px) 100vw, 1200px\" \/><\/a><figcaption id=\"caption-attachment-35344\" class=\"wp-caption-text\">Calle del Oso, Madrid | Foto: Vida de Madrid<\/figcaption><\/figure>\n<h3><span class=\"OYPEnA font-feature-liga-off font-feature-clig-off font-feature-calt-off text-decoration-none text-strikethrough-none\">Fiestas de San Cayetano<\/span><\/h3>\n<p><span class=\"OYPEnA font-feature-liga-off font-feature-clig-off font-feature-calt-off text-decoration-none text-strikethrough-none\">La primera verbena del verano, las <strong>Fiestas de San Cayetano<\/strong>, se celebran en la zona del Rastro y Embajadores con m\u00fasica castiza, la tradicional limonada, actuaciones de zarzuela y m\u00e1s. Disponibles solo hasta este viernes 8 de agosto en <strong>La Latina<\/strong>. No te pierdas el ambiente en nuestro <a href=\"https:\/\/www.instagram.com\/p\/DM_FHZEtBaa\/\">reels.\u00a0<\/a>\u00a0<\/span><\/p>\n<h3><span class=\"OYPEnA font-feature-liga-off font-feature-clig-off font-feature-calt-off text-decoration-none text-strikethrough-none\">Fiestas de San Lorenzo\u00a0<\/span><\/h3>\n<p class=\"cvGsUA direction-ltr align-center para-style-body\"><span class=\"OYPEnA font-feature-liga-off font-feature-clig-off font-feature-calt-off text-decoration-none text-strikethrough-none\">Las <strong>Fiestas de San Lorenzo<\/strong> vuelven este a\u00f1o al barrio de <strong>Lavapi\u00e9s<\/strong> y este a\u00f1o el escenario principal estar\u00e1 en plaza Arturo Barea. Habr\u00e1 actuaciones castizas, limonada, <\/span><span class=\"OYPEnA font-feature-liga-off font-feature-clig-off font-feature-calt-off text-decoration-none text-strikethrough-none\">talleres y m\u00e1s. Disponibles hasta el 12 de agosto. M\u00e1s info <a href=\"https:\/\/www.esmadrid.com\/fiestas-agosto-madrid-san-cayetano-san-lorenzo-virgen-la-paloma\">aqu\u00ed.<\/a>\u00a0<\/span><\/p>\n<h3>Actividades Veranos de la Villa<\/h3>\n<p>Te destacamos las principales actividades para este fin de semana dentro de la <strong>programaci\u00f3n completa de Veranos de la Villa<\/strong>. Recuerda que puedes ver todas las actividades programadas <a href=\"https:\/\/www.veranosdelavilla.com\/es\/programa\">aqu\u00ed.\u00a0<\/a><\/p>\n<h4>Lavanderas<\/h4>\n<p><span class=\"OYPEnA font-feature-liga-off font-feature-clig-off font-feature-calt-off text-decoration-none text-strikethrough-none\">Esta puesta en escena tiene como objetivo rescatar el legado de<\/span> <span class=\"OYPEnA font-feature-liga-off font-feature-clig-off font-feature-calt-off text-decoration-none text-strikethrough-none\">las lavanderas de Madrid con un homenaje que culminar\u00e1 en una intervenci\u00f3n art\u00edstica que celebrar\u00e1 su papel en la cultural popular y tradicional. Disponible este s\u00e1bado y domingo en el <strong>IES San Isidro<\/strong>. Toda la info <a href=\"https:\/\/www.veranosdelavilla.com\/es\/evento\/lavanderas\">aqu\u00ed.\u00a0<\/a><\/span><\/p>\n<h4><span class=\"OYPEnA font-feature-liga-off font-feature-clig-off font-feature-calt-off text-decoration-none text-strikethrough-none\">Marcos Madrigal<\/span><\/h4>\n<p><span class=\"OYPEnA font-feature-liga-off font-feature-clig-off font-feature-calt-off text-decoration-none text-strikethrough-none\">Marcos Madrigal propone un programa a trav\u00e9s de un recorrido por la riqueza expresiva y estil\u00edstica de la m\u00fasica iberoamericana del siglo XX con un <strong>concierto<\/strong> que celebra la diversidad musical de Espa\u00f1a y Am\u00e9rica Latina. Disponible este domingo en el <strong>IES San Isidro. <\/strong>Toda la info <a href=\"https:\/\/www.veranosdelavilla.com\/es\/evento\/marcos-madrigal\">aqu\u00ed.\u00a0<\/a><\/span><\/p>\n<h4><span class=\"OYPEnA font-feature-liga-off font-feature-clig-off font-feature-calt-off text-decoration-none text-strikethrough-none\">La Boh\u00e9me<\/span><\/h4>\n<p><span class=\"OYPEnA font-feature-liga-off font-feature-clig-off font-feature-calt-off text-decoration-none text-strikethrough-none\">La Boh\u00e8me ambientada en el <strong>Par\u00eds del siglo XIX<\/strong> cuenta la historia de cuatro j\u00f3venes bohemios que malviven en una buhardilla del barrio latino de la ciudad. Disponible este s\u00e1bado en Conde Duque &#8211; Patio Central. Toda la info <a href=\"https:\/\/www.veranosdelavilla.com\/es\/evento\/la-boheme-g-puccini-version-piano-y-voces\">aqu\u00ed.\u00a0<\/a><\/span><\/p>\n<h4><span class=\"OYPEnA font-feature-liga-off font-feature-clig-off font-feature-calt-off text-decoration-none text-strikethrough-none\">Riva &amp; Repele Dance Company<\/span><\/h4>\n<p><span class=\"OYPEnA font-feature-liga-off font-feature-clig-off font-feature-calt-off text-decoration-none text-strikethrough-none\"><strong>Riva &amp; Repele<\/strong> presenta un programa de tres coreograf\u00edas distintas: La Jeune Fille et les Morts, Old Land, y Te encuentro donde termina el horizonte, cada una explora distintas facetas de la experiencia humana. Disponible este s\u00e1bado en Conde Duque &#8211; Teatro. Toda la info <a href=\"https:\/\/www.veranosdelavilla.com\/es\/evento\/riva-repele-dance-company\">aqu\u00ed.\u00a0<\/a><\/span><\/p>\n<h2>Conciertos<\/h2>\n<h3><span class=\"OYPEnA font-feature-liga-off font-feature-clig-off font-feature-calt-off text-decoration-none text-strikethrough-none\">La Sant\u00edsima Voladora<\/span><\/h3>\n<p><span class=\"OYPEnA font-feature-liga-off font-feature-clig-off font-feature-calt-off text-decoration-none text-strikethrough-none\">La <strong>Sant\u00edsima Voladora<\/strong> es una banda originaria de Aguascalientes que ha desarrollado un estilo distintivo que se denomina \u201ctropimetal\u201d: una en\u00e9rgica fusi\u00f3n de metal, cumbia, ska, banda sinaloense, reggae, punk y ritmos tropicales. Disponible gratis en <strong>Casa de M\u00e9xico en Espa\u00f1a<\/strong> este viernes a las 19 h. Toda la info <a href=\"https:\/\/www.casademexico.es\/musica\/frecuencia-sonora-rock-eme-equis-2025-la-santisima-voladora\/\">aqu\u00ed.\u00a0<\/a><\/span><\/p>\n<h3><span class=\"OYPEnA font-feature-liga-off font-feature-clig-off font-feature-calt-off text-decoration-none text-strikethrough-none\">\u201cAmores rojos\u201d<\/span><\/h3>\n<p><span class=\"OYPEnA font-feature-liga-off font-feature-clig-off font-feature-calt-off text-decoration-none text-strikethrough-none\">El programa \u201cLope a la fresca\u201d estrena \u201cAmores rojos\u00bb. Cantos a la guitarra espa\u00f1ola\u201d con un repertorio renacentista que a\u00fana ecos de la Edad Media y el Barroco. Disponible gratis en <strong>Casa Museo Lope de Vega<\/strong> todos los viernes de agosto. Toda la info<a href=\"https:\/\/casamuseolopedevega.org\/es\/actividades\/espectaculos\"> aqu\u00ed.\u00a0<\/a><\/span><\/p>\n<h3><span class=\"OYPEnA font-feature-liga-off font-feature-clig-off font-feature-calt-off text-decoration-none text-strikethrough-none\">Concierto Tr\u00edo de cuerda<\/span><\/h3>\n<p><span class=\"OYPEnA font-feature-liga-off font-feature-clig-off font-feature-calt-off text-decoration-none text-strikethrough-none\">Disfruta de un concierto de tr\u00edo de cuerda en los <strong>Jardines de Concha M\u00e9ndez<\/strong> como parte del programa \u201cSoy Verano. Soy Chamber\u00ed 2025\u201d. Toda la info <a href=\"https:\/\/www.chamberi30dias.es\/calendar\/11854\/20250809\">aqu\u00ed.\u00a0<\/a><\/span><\/p>\n<h3><span class=\"OYPEnA font-feature-liga-off font-feature-clig-off font-feature-calt-off text-decoration-none text-strikethrough-none\">Coro femenino Medicine Hat College<\/span><\/h3>\n<p><span class=\"OYPEnA font-feature-liga-off font-feature-clig-off font-feature-calt-off text-decoration-none text-strikethrough-none\">El coro femenino <strong>Medicine Hat College<\/strong> que lidera este recital gratuito en Madrid est\u00e1 integrado por 25 chicas de entre 12 y 18 a\u00f1os y tiene ya una trayectoria de 35 a\u00f1os, con sede en la localidad de Medicine Hat, en Canad\u00e1. Disponible gratis este domingo en Santo Cristo del Olivar. Toda la info <a href=\"https:\/\/www.esmadrid.com\/agenda\/verano-coral-madrid-iglesia-santo-cristo-olivar\">aqu\u00ed.\u00a0<\/a><\/span><\/p>\n<h2>Teatro<\/h2>\n<h3><span class=\"OYPEnA font-feature-liga-off font-feature-clig-off font-feature-calt-off text-decoration-none text-strikethrough-none\">Se alquila en Teatro Bellas Artes<\/span><\/h3>\n<p><span class=\"OYPEnA font-feature-liga-off font-feature-clig-off font-feature-calt-off text-decoration-none text-strikethrough-none\"><strong>\u00abSe Alquila\u00bb<\/strong> es una divertida comedia que transcurre en un piso de alquiler donde uno de los dos actores alquila al otro y comienzan a suceder situaciones improvistas. Toda la info y entradas <a href=\"https:\/\/www.teatrobellasartes.es\/obra-de-teatro\/se-alquila\/?utm_source=sem&amp;utm_medium=cpc&amp;utm_campaign=se_alquila&amp;gad_source=1&amp;gad_campaignid=22718650297&amp;gbraid=0AAAAAC6R1VS_utWooKjHa19apjBBlzsKv&amp;gclid=CjwKCAjw-svEBhB6EiwAEzSdrlffp0eATeLEYBDx_Nrd1zMsuymperJj2Hl6mHuzauuyFjS-w4eqZRoCPPMQAvD_BwE\">aqu\u00ed.\u00a0<\/a><\/span><\/p>\n<h3><span class=\"OYPEnA font-feature-liga-off font-feature-clig-off font-feature-calt-off text-decoration-none text-strikethrough-none\">Yllana: The Opera Locos en Gran Teatro Caixabank<\/span><\/h3>\n<p><span class=\"OYPEnA font-feature-liga-off font-feature-clig-off font-feature-calt-off text-decoration-none text-strikethrough-none\"><strong>The Opera Locos<\/strong> es un espect\u00e1culo c\u00f3mico oper\u00edstico, basado en los grandes \u00e9xitos de la \u00f3pera, que se fusionan con otros estilos musicales creando una experiencia diferente a la hora de experimentar la \u00f3pera. Toda la info y entradas <a href=\"https:\/\/tickets.oneboxtds.com\/laestacion\/events\/28985?sessionView=LIST\">aqu\u00ed.\u00a0<\/a><\/span><\/p>\n<h3><span class=\"OYPEnA font-feature-liga-off font-feature-clig-off font-feature-calt-off text-decoration-none text-strikethrough-none\">El Busc\u00f3n de Quevedo en Centro Cultural Galileo (gratis)<\/span><\/h3>\n<p><span class=\"OYPEnA font-feature-liga-off font-feature-clig-off font-feature-calt-off text-decoration-none text-strikethrough-none\">Un actor entra por casualidad en un desv\u00e1n lleno de objetos teatrales ya en desuso, y se produce la magia de la representaci\u00f3n. Un simple libro antiguo es una excusa perfecta para jugar a ser aquello que no eres. Toda la info entradas <a href=\"https:\/\/www.madrid.es\/portales\/munimadrid\/es\/Inicio\/Actualidad\/Actividades-y-eventos\/Noches-de-Clasico-El-Buscon-de-Quevedo\/?vgnextfmt=default&amp;vgnextoid=4c68f3aa90537910VgnVCM2000001f4a900aRCRD&amp;vgnextchannel=ca9671ee4a9eb410VgnVCM100000171f5a0aRCRD\">aqu\u00ed.\u00a0<\/a><\/span><\/p>\n<h2>Otras fiestas populares<\/h2>\n<figure id=\"attachment_47116\" aria-describedby=\"caption-attachment-47116\" style=\"width: 1200px\" class=\"wp-caption aligncenter\"><a href=\"https:\/\/www.vidademadrid.com\/es\/wp-content\/uploads\/2022\/12\/san-lorenzo.jpg\"><img loading=\"lazy\" decoding=\"async\" class=\"size-full wp-image-47116\" src=\"https:\/\/www.vidademadrid.com\/es\/wp-content\/uploads\/2022\/12\/san-lorenzo.jpg\" alt=\"\" width=\"1200\" height=\"600\" srcset=\"https:\/\/www.vidademadrid.com\/es\/wp-content\/uploads\/2022\/12\/san-lorenzo.jpg 1200w, https:\/\/www.vidademadrid.com\/es\/wp-content\/uploads\/2022\/12\/san-lorenzo-300x150.jpg 300w, https:\/\/www.vidademadrid.com\/es\/wp-content\/uploads\/2022\/12\/san-lorenzo-1024x512.jpg 1024w, https:\/\/www.vidademadrid.com\/es\/wp-content\/uploads\/2022\/12\/san-lorenzo-768x384.jpg 768w, https:\/\/www.vidademadrid.com\/es\/wp-content\/uploads\/2022\/12\/san-lorenzo-696x348.jpg 696w, https:\/\/www.vidademadrid.com\/es\/wp-content\/uploads\/2022\/12\/san-lorenzo-1068x534.jpg 1068w, https:\/\/www.vidademadrid.com\/es\/wp-content\/uploads\/2022\/12\/san-lorenzo-840x420.jpg 840w\" sizes=\"auto, (max-width: 1200px) 100vw, 1200px\" \/><\/a><figcaption id=\"caption-attachment-47116\" class=\"wp-caption-text\">Foto: Turismo de San Lorenzo de El Escorial<\/figcaption><\/figure>\n<h3><span class=\"OYPEnA font-feature-liga-off font-feature-clig-off font-feature-calt-off text-decoration-none text-strikethrough-none\">Fiestas de San Lorenzo de El Escorial<\/span><\/h3>\n<p><span class=\"OYPEnA font-feature-liga-off font-feature-clig-off font-feature-calt-off text-decoration-none text-strikethrough-none\">Vuelven las tradicionales <strong>Fiestas de San Lorenzo de El Escorial<\/strong> con espect\u00e1culos musicales, eventos deportivos, conferencias, actividades familiares y m\u00e1s. Disponible ahasta el 15 de agosto. Toda la info y programaci\u00f3n <a href=\"https:\/\/www.aytosanlorenzo.es\/actualidad\/san-lorenzo-de-el-escorial-presenta-sus-fiestas-patronales-2025-con-ocho-dias-de-festejos-una-jornada-dedicada-a-las-penas-y-mucha-musica-para-todas-las-edades\/\">aqu\u00ed.\u00a0<\/a><\/span><\/p>\n<h3><span class=\"OYPEnA font-feature-liga-off font-feature-clig-off font-feature-calt-off text-decoration-none text-strikethrough-none\">Fiestas de Guadarrama<\/span><\/h3>\n<p><span class=\"OYPEnA font-feature-liga-off font-feature-clig-off font-feature-calt-off text-decoration-none text-strikethrough-none\">Las <strong>Fiestas de Guadarrama<\/strong>, en honor a la Virgen de La Jarosa, tendr\u00e1n actividades acu\u00e1ticas, eventos musicales, actividades familiares y m\u00e1s. Toda la info y programaci\u00f3n <a href=\"https:\/\/guadarrama.es\/actividades\/GUADARRAMA_programa_fiestas_virgen_jarosa_2025.pdf\">aqu\u00ed.\u00a0<\/a><\/span><\/p>\n<h3><span class=\"OYPEnA font-feature-liga-off font-feature-clig-off font-feature-calt-off text-decoration-none text-strikethrough-none\">Fiestas patronales Pinto<\/span><\/h3>\n<p><span class=\"OYPEnA font-feature-liga-off font-feature-clig-off font-feature-calt-off text-decoration-none text-strikethrough-none\">Las <strong>Fiestas de Pinto<\/strong> llegan con actividades familiares y deportivas, eventos taurinos y fuegos artificiales. Entre las actividades conciertos de Ana Guerra (S\u00e1bado 9 a 22:30) y Fiesta Holi (Domingo 10 a 18:30). Toda la info y programaci\u00f3n <a href=\"https:\/\/www.ayto-pinto.es\/-\/programaci%C3%B3n-completa-fiestas-patronales-pinto-2025\">aqu\u00ed.\u00a0<\/a><\/span><\/p>\n<h2>\u00daltima oportunidad para disfrutar de&#8230;<\/h2>\n<h3><span class=\"OYPEnA font-feature-liga-off font-feature-clig-off font-feature-calt-off text-decoration-none text-strikethrough-none\">El mundo de Van Gogh &amp; El oro de Klimt<\/span><\/h3>\n<p><span class=\"OYPEnA font-feature-liga-off font-feature-clig-off font-feature-calt-off text-decoration-none text-strikethrough-none\">Disfruta de <strong>dos exposiciones inmersivas<\/strong> que te adentran en el universo de dos grandes pintores: <strong>Van Gogh y Klimt<\/strong>. Disponible en <strong>Nomad Museo Inmersivo de Plaza Espa\u00f1a<\/strong>. Toda la info y \u00faltimas entradas <a href=\"https:\/\/www.nomadmuseo.es\/\">aqu\u00ed.<\/a>\u00a0<\/span><\/p>\n<h3><span class=\"OYPEnA font-feature-liga-off font-feature-clig-off font-feature-calt-off text-decoration-none text-strikethrough-none\">El dios de la juventud en Teatro Pav\u00f3n\u00a0<\/span><\/h3>\n<p><span class=\"OYPEnA font-feature-liga-off font-feature-clig-off font-feature-calt-off text-decoration-none text-strikethrough-none\">Concluida su obra m\u00e1s perfecta, Amalia asegura que no tiene sentido seguir viviendo cuando ya solo queda envejecer. Entregada al suicidio se encuentra con Mateo, un joven<\/span> <span class=\"OYPEnA font-feature-liga-off font-feature-clig-off font-feature-calt-off text-decoration-none text-strikethrough-none\">que ha ca\u00eddo enamorado de ella. Juntos compartir\u00e1n un viaje en tren. Toda la info y \u00faltimas entradas <a href=\"https:\/\/elpavonteatro.es\/programacion\/el-dios-de-la-juventud\/\">aqu\u00ed.\u00a0<\/a><\/span><\/p>\n<h3><span class=\"OYPEnA font-feature-liga-off font-feature-clig-off font-feature-calt-off text-decoration-none text-strikethrough-none\">La mujer de negro en Teatro Alc\u00e1zar\u00a0<\/span><\/h3>\n<p><span class=\"OYPEnA font-feature-liga-off font-feature-clig-off font-feature-calt-off text-decoration-none text-strikethrough-none\">Esta obra cuenta la <strong>historia de Arthur Kipps<\/strong>, un abogado de mediana edad que alquila un teatro y contrata a un actor para que le ayude a contar un suceso fantasmag\u00f3rico que le sucedi\u00f3 a \u00e9l y que nunca ha podido revelar a nadie. Toda la info y \u00faltimas entradas <a href=\"https:\/\/gruposmedia.com\/teatro-alcazar\/la-mujer-de-negro\/\">aqu\u00ed.\u00a0<\/a><\/span><\/p>\n<h2>Restaurantes para el finde<\/h2>\n<h3>Kote<\/h3>\n<p><span class=\"OYPEnA font-feature-liga-off font-feature-clig-off font-feature-calt-off text-decoration-none text-strikethrough-none\"><strong>Primer buffet de parrilla coreana premium y de autor<\/strong> con una propuesta muy cuidada. Est\u00e1 ubicado muy cerca de <strong>Plaza Espa\u00f1a<\/strong>. Cuentan con dos men\u00fas, que incluyen acompa\u00f1amientos y los distintos tipos de corte de carne para preparar a la parrila. Descubre nuestra experiencia completa a trav\u00e9s de <a href=\"https:\/\/www.instagram.com\/stories\/highlights\/18053949518415870\/\">IG stories.\u00a0<\/a><\/span><\/p>\n","protected":false},"excerpt":{"rendered":"<p>Fiestas de San Cayetano y San Lorenzo, actividades del Verano de la Villa, otras fiestas populares y mucho m\u00e1s<\/p>\n","protected":false},"author":13,"featured_media":57283,"comment_status":"open","ping_status":"open","sticky":false,"template":"","format":"standard","meta":{"footnotes":""},"categories":[187,194,119],"tags":[],"class_list":{"0":"post-59943","1":"post","2":"type-post","3":"status-publish","4":"format-standard","5":"has-post-thumbnail","7":"category-madrid-hoy","8":"category-planes-del-fin-de-semana-madrid","9":"category-portada"},"_links":{"self":[{"href":"https:\/\/www.vidademadrid.com\/es\/wp-json\/wp\/v2\/posts\/59943","targetHints":{"allow":["GET"]}}],"collection":[{"href":"https:\/\/www.vidademadrid.com\/es\/wp-json\/wp\/v2\/posts"}],"about":[{"href":"https:\/\/www.vidademadrid.com\/es\/wp-json\/wp\/v2\/types\/post"}],"author":[{"embeddable":true,"href":"https:\/\/www.vidademadrid.com\/es\/wp-json\/wp\/v2\/users\/13"}],"replies":[{"embeddable":true,"href":"https:\/\/www.vidademadrid.com\/es\/wp-json\/wp\/v2\/comments?post=59943"}],"version-history":[{"count":1,"href":"https:\/\/www.vidademadrid.com\/es\/wp-json\/wp\/v2\/posts\/59943\/revisions"}],"predecessor-version":[{"id":59944,"href":"https:\/\/www.vidademadrid.com\/es\/wp-json\/wp\/v2\/posts\/59943\/revisions\/59944"}],"wp:featuredmedia":[{"embeddable":true,"href":"https:\/\/www.vidademadrid.com\/es\/wp-json\/wp\/v2\/media\/57283"}],"wp:attachment":[{"href":"https:\/\/www.vidademadrid.com\/es\/wp-json\/wp\/v2\/media?parent=59943"}],"wp:term":[{"taxonomy":"category","embeddable":true,"href":"https:\/\/www.vidademadrid.com\/es\/wp-json\/wp\/v2\/categories?post=59943"},{"taxonomy":"post_tag","embeddable":true,"href":"https:\/\/www.vidademadrid.com\/es\/wp-json\/wp\/v2\/tags?post=59943"}],"curies":[{"name":"wp","href":"https:\/\/api.w.org\/{rel}","templated":true}]}}