{"id":59923,"date":"2025-08-01T10:22:23","date_gmt":"2025-08-01T08:22:23","guid":{"rendered":"https:\/\/www.vidademadrid.com\/es\/?p=59923"},"modified":"2025-08-04T08:28:02","modified_gmt":"2025-08-04T06:28:02","slug":"nueva-ttp-agosto-2025-nuevas-oficina","status":"publish","type":"post","link":"https:\/\/www.vidademadrid.com\/es\/59923\/nueva-ttp-agosto-2025-nuevas-oficina\/","title":{"rendered":"La Tarjeta Transporte P\u00fablico se renueva, as\u00ed ser\u00e1 a partir de agosto"},"content":{"rendered":"<p>La\u00a0<strong>Comunidad de Madrid\u00a0<\/strong>ha presentado la nueva imagen de la\u00a0<strong>Tarjeta Transporte P\u00fablico\u00a0<\/strong>del Consorcio Regional de Transportes que estar\u00e1 a disposici\u00f3n de los usuarios a partir del mes de agosto.<\/p>\n<h2>Cambio de imagen de la Tarjeta Transporte P\u00fablico<\/h2>\n<p><script async=\"\" src=\"https:\/\/pagead2.googlesyndication.com\/pagead\/js\/adsbygoogle.js\"><\/script> <ins class=\"adsbygoogle\" style=\"display: block;\" data-ad-format=\"fluid\" data-ad-layout-key=\"-7f+eo+1+2-5\" data-ad-client=\"ca-pub-7450064428034605\" data-ad-slot=\"7327027071\"><\/ins><script>(adsbygoogle = window.adsbygoogle || []).push({});<\/script><\/p>\n<p>El consejero de Vivienda, Transportes e Infraestructuras de la Comunidad de Madrid, Jorge Rodrigo, ha presentado la nueva imagen de la\u00a0<strong>Tarjeta Transporte P\u00fablico.\u00a0<\/strong>La nueva tarjeta presenta un dise\u00f1o m\u00e1s moderno y din\u00e1mico.<\/p>\n<h3>As\u00ed ser\u00e1 la nueva Tarjeta Transporte P\u00fablico<\/h3>\n<div id='gallery-1' class='gallery galleryid-59923 gallery-columns-3 gallery-size-full'><figure class='gallery-item'>\n\t\t\t<div class='gallery-icon landscape'>\n\t\t\t\t<a href='https:\/\/www.vidademadrid.com\/es\/59923\/nueva-ttp-agosto-2025-nuevas-oficina\/tarjetaturistica-preal-imagen_2caras\/'><img loading=\"lazy\" decoding=\"async\" width=\"2880\" height=\"2130\" src=\"https:\/\/www.vidademadrid.com\/es\/wp-content\/uploads\/2025\/08\/tarjetaturistica-preal-imagen_2caras.png\" class=\"attachment-full size-full\" alt=\"\" aria-describedby=\"gallery-1-59925\" srcset=\"https:\/\/www.vidademadrid.com\/es\/wp-content\/uploads\/2025\/08\/tarjetaturistica-preal-imagen_2caras.png 2880w, https:\/\/www.vidademadrid.com\/es\/wp-content\/uploads\/2025\/08\/tarjetaturistica-preal-imagen_2caras-300x222.png 300w, https:\/\/www.vidademadrid.com\/es\/wp-content\/uploads\/2025\/08\/tarjetaturistica-preal-imagen_2caras-1024x757.png 1024w, https:\/\/www.vidademadrid.com\/es\/wp-content\/uploads\/2025\/08\/tarjetaturistica-preal-imagen_2caras-768x568.png 768w, https:\/\/www.vidademadrid.com\/es\/wp-content\/uploads\/2025\/08\/tarjetaturistica-preal-imagen_2caras-1536x1136.png 1536w, https:\/\/www.vidademadrid.com\/es\/wp-content\/uploads\/2025\/08\/tarjetaturistica-preal-imagen_2caras-2048x1515.png 2048w, https:\/\/www.vidademadrid.com\/es\/wp-content\/uploads\/2025\/08\/tarjetaturistica-preal-imagen_2caras-485x360.png 485w, https:\/\/www.vidademadrid.com\/es\/wp-content\/uploads\/2025\/08\/tarjetaturistica-preal-imagen_2caras-696x515.png 696w, https:\/\/www.vidademadrid.com\/es\/wp-content\/uploads\/2025\/08\/tarjetaturistica-preal-imagen_2caras-1068x790.png 1068w, https:\/\/www.vidademadrid.com\/es\/wp-content\/uploads\/2025\/08\/tarjetaturistica-preal-imagen_2caras-1920x1420.png 1920w, https:\/\/www.vidademadrid.com\/es\/wp-content\/uploads\/2025\/08\/tarjetaturistica-preal-imagen_2caras-568x420.png 568w, https:\/\/www.vidademadrid.com\/es\/wp-content\/uploads\/2025\/08\/tarjetaturistica-preal-imagen_2caras-80x60.png 80w\" sizes=\"auto, (max-width: 2880px) 100vw, 2880px\" \/><\/a>\n\t\t\t<\/div>\n\t\t\t\t<figcaption class='wp-caption-text gallery-caption' id='gallery-1-59925'>\n\t\t\t\tFoto: Comunidad de Madrid \n\t\t\t\t<\/figcaption><\/figure><figure class='gallery-item'>\n\t\t\t<div class='gallery-icon landscape'>\n\t\t\t\t<a href='https:\/\/www.vidademadrid.com\/es\/59923\/nueva-ttp-agosto-2025-nuevas-oficina\/tarjetapersonal-imagen_2caras\/'><img loading=\"lazy\" decoding=\"async\" width=\"2880\" height=\"2130\" src=\"https:\/\/www.vidademadrid.com\/es\/wp-content\/uploads\/2025\/08\/tarjetapersonal-imagen_2caras.png\" class=\"attachment-full size-full\" alt=\"\" aria-describedby=\"gallery-1-59926\" srcset=\"https:\/\/www.vidademadrid.com\/es\/wp-content\/uploads\/2025\/08\/tarjetapersonal-imagen_2caras.png 2880w, https:\/\/www.vidademadrid.com\/es\/wp-content\/uploads\/2025\/08\/tarjetapersonal-imagen_2caras-300x222.png 300w, https:\/\/www.vidademadrid.com\/es\/wp-content\/uploads\/2025\/08\/tarjetapersonal-imagen_2caras-1024x757.png 1024w, https:\/\/www.vidademadrid.com\/es\/wp-content\/uploads\/2025\/08\/tarjetapersonal-imagen_2caras-768x568.png 768w, https:\/\/www.vidademadrid.com\/es\/wp-content\/uploads\/2025\/08\/tarjetapersonal-imagen_2caras-1536x1136.png 1536w, https:\/\/www.vidademadrid.com\/es\/wp-content\/uploads\/2025\/08\/tarjetapersonal-imagen_2caras-2048x1515.png 2048w, https:\/\/www.vidademadrid.com\/es\/wp-content\/uploads\/2025\/08\/tarjetapersonal-imagen_2caras-485x360.png 485w, https:\/\/www.vidademadrid.com\/es\/wp-content\/uploads\/2025\/08\/tarjetapersonal-imagen_2caras-696x515.png 696w, https:\/\/www.vidademadrid.com\/es\/wp-content\/uploads\/2025\/08\/tarjetapersonal-imagen_2caras-1068x790.png 1068w, https:\/\/www.vidademadrid.com\/es\/wp-content\/uploads\/2025\/08\/tarjetapersonal-imagen_2caras-1920x1420.png 1920w, https:\/\/www.vidademadrid.com\/es\/wp-content\/uploads\/2025\/08\/tarjetapersonal-imagen_2caras-568x420.png 568w, https:\/\/www.vidademadrid.com\/es\/wp-content\/uploads\/2025\/08\/tarjetapersonal-imagen_2caras-80x60.png 80w\" sizes=\"auto, (max-width: 2880px) 100vw, 2880px\" \/><\/a>\n\t\t\t<\/div>\n\t\t\t\t<figcaption class='wp-caption-text gallery-caption' id='gallery-1-59926'>\n\t\t\t\tFoto: Comunidad de Madrid \n\t\t\t\t<\/figcaption><\/figure><figure class='gallery-item'>\n\t\t\t<div class='gallery-icon landscape'>\n\t\t\t\t<a href='https:\/\/www.vidademadrid.com\/es\/59923\/nueva-ttp-agosto-2025-nuevas-oficina\/tarjetamulti-imagen_2caras\/'><img loading=\"lazy\" decoding=\"async\" width=\"2880\" height=\"2130\" src=\"https:\/\/www.vidademadrid.com\/es\/wp-content\/uploads\/2025\/08\/tarjetamulti-imagen_2caras.png\" class=\"attachment-full size-full\" alt=\"\" aria-describedby=\"gallery-1-59927\" srcset=\"https:\/\/www.vidademadrid.com\/es\/wp-content\/uploads\/2025\/08\/tarjetamulti-imagen_2caras.png 2880w, https:\/\/www.vidademadrid.com\/es\/wp-content\/uploads\/2025\/08\/tarjetamulti-imagen_2caras-300x222.png 300w, https:\/\/www.vidademadrid.com\/es\/wp-content\/uploads\/2025\/08\/tarjetamulti-imagen_2caras-1024x757.png 1024w, https:\/\/www.vidademadrid.com\/es\/wp-content\/uploads\/2025\/08\/tarjetamulti-imagen_2caras-768x568.png 768w, https:\/\/www.vidademadrid.com\/es\/wp-content\/uploads\/2025\/08\/tarjetamulti-imagen_2caras-1536x1136.png 1536w, https:\/\/www.vidademadrid.com\/es\/wp-content\/uploads\/2025\/08\/tarjetamulti-imagen_2caras-2048x1515.png 2048w, https:\/\/www.vidademadrid.com\/es\/wp-content\/uploads\/2025\/08\/tarjetamulti-imagen_2caras-485x360.png 485w, https:\/\/www.vidademadrid.com\/es\/wp-content\/uploads\/2025\/08\/tarjetamulti-imagen_2caras-696x515.png 696w, https:\/\/www.vidademadrid.com\/es\/wp-content\/uploads\/2025\/08\/tarjetamulti-imagen_2caras-1068x790.png 1068w, https:\/\/www.vidademadrid.com\/es\/wp-content\/uploads\/2025\/08\/tarjetamulti-imagen_2caras-1920x1420.png 1920w, https:\/\/www.vidademadrid.com\/es\/wp-content\/uploads\/2025\/08\/tarjetamulti-imagen_2caras-568x420.png 568w, https:\/\/www.vidademadrid.com\/es\/wp-content\/uploads\/2025\/08\/tarjetamulti-imagen_2caras-80x60.png 80w\" sizes=\"auto, (max-width: 2880px) 100vw, 2880px\" \/><\/a>\n\t\t\t<\/div>\n\t\t\t\t<figcaption class='wp-caption-text gallery-caption' id='gallery-1-59927'>\n\t\t\t\tFoto: Comunidad de Madrid \n\t\t\t\t<\/figcaption><\/figure><figure class='gallery-item'>\n\t\t\t<div class='gallery-icon landscape'>\n\t\t\t\t<a href='https:\/\/www.vidademadrid.com\/es\/59923\/nueva-ttp-agosto-2025-nuevas-oficina\/tarjetainfantil-imagen_2caras\/'><img loading=\"lazy\" decoding=\"async\" width=\"2880\" height=\"2130\" src=\"https:\/\/www.vidademadrid.com\/es\/wp-content\/uploads\/2025\/08\/tarjetainfantil-imagen_2caras.png\" class=\"attachment-full size-full\" alt=\"\" aria-describedby=\"gallery-1-59928\" srcset=\"https:\/\/www.vidademadrid.com\/es\/wp-content\/uploads\/2025\/08\/tarjetainfantil-imagen_2caras.png 2880w, https:\/\/www.vidademadrid.com\/es\/wp-content\/uploads\/2025\/08\/tarjetainfantil-imagen_2caras-300x222.png 300w, https:\/\/www.vidademadrid.com\/es\/wp-content\/uploads\/2025\/08\/tarjetainfantil-imagen_2caras-1024x757.png 1024w, https:\/\/www.vidademadrid.com\/es\/wp-content\/uploads\/2025\/08\/tarjetainfantil-imagen_2caras-768x568.png 768w, https:\/\/www.vidademadrid.com\/es\/wp-content\/uploads\/2025\/08\/tarjetainfantil-imagen_2caras-1536x1136.png 1536w, https:\/\/www.vidademadrid.com\/es\/wp-content\/uploads\/2025\/08\/tarjetainfantil-imagen_2caras-2048x1515.png 2048w, https:\/\/www.vidademadrid.com\/es\/wp-content\/uploads\/2025\/08\/tarjetainfantil-imagen_2caras-485x360.png 485w, https:\/\/www.vidademadrid.com\/es\/wp-content\/uploads\/2025\/08\/tarjetainfantil-imagen_2caras-696x515.png 696w, https:\/\/www.vidademadrid.com\/es\/wp-content\/uploads\/2025\/08\/tarjetainfantil-imagen_2caras-1068x790.png 1068w, https:\/\/www.vidademadrid.com\/es\/wp-content\/uploads\/2025\/08\/tarjetainfantil-imagen_2caras-1920x1420.png 1920w, https:\/\/www.vidademadrid.com\/es\/wp-content\/uploads\/2025\/08\/tarjetainfantil-imagen_2caras-568x420.png 568w, https:\/\/www.vidademadrid.com\/es\/wp-content\/uploads\/2025\/08\/tarjetainfantil-imagen_2caras-80x60.png 80w\" sizes=\"auto, (max-width: 2880px) 100vw, 2880px\" \/><\/a>\n\t\t\t<\/div>\n\t\t\t\t<figcaption class='wp-caption-text gallery-caption' id='gallery-1-59928'>\n\t\t\t\tFoto: Comunidad de Madrid \n\t\t\t\t<\/figcaption><\/figure><figure class='gallery-item'>\n\t\t\t<div class='gallery-icon landscape'>\n\t\t\t\t<a href='https:\/\/www.vidademadrid.com\/es\/59923\/nueva-ttp-agosto-2025-nuevas-oficina\/rob09949_0\/'><img loading=\"lazy\" decoding=\"async\" width=\"2560\" height=\"1712\" src=\"https:\/\/www.vidademadrid.com\/es\/wp-content\/uploads\/2025\/08\/rob09949_0-scaled.jpeg\" class=\"attachment-full size-full\" alt=\"\" aria-describedby=\"gallery-1-59929\" srcset=\"https:\/\/www.vidademadrid.com\/es\/wp-content\/uploads\/2025\/08\/rob09949_0-scaled.jpeg 2560w, https:\/\/www.vidademadrid.com\/es\/wp-content\/uploads\/2025\/08\/rob09949_0-300x201.jpeg 300w, https:\/\/www.vidademadrid.com\/es\/wp-content\/uploads\/2025\/08\/rob09949_0-1024x685.jpeg 1024w, https:\/\/www.vidademadrid.com\/es\/wp-content\/uploads\/2025\/08\/rob09949_0-768x513.jpeg 768w, https:\/\/www.vidademadrid.com\/es\/wp-content\/uploads\/2025\/08\/rob09949_0-1536x1027.jpeg 1536w, https:\/\/www.vidademadrid.com\/es\/wp-content\/uploads\/2025\/08\/rob09949_0-2048x1369.jpeg 2048w, https:\/\/www.vidademadrid.com\/es\/wp-content\/uploads\/2025\/08\/rob09949_0-696x465.jpeg 696w, https:\/\/www.vidademadrid.com\/es\/wp-content\/uploads\/2025\/08\/rob09949_0-1068x714.jpeg 1068w, https:\/\/www.vidademadrid.com\/es\/wp-content\/uploads\/2025\/08\/rob09949_0-1920x1284.jpeg 1920w, https:\/\/www.vidademadrid.com\/es\/wp-content\/uploads\/2025\/08\/rob09949_0-628x420.jpeg 628w\" sizes=\"auto, (max-width: 2560px) 100vw, 2560px\" \/><\/a>\n\t\t\t<\/div>\n\t\t\t\t<figcaption class='wp-caption-text gallery-caption' id='gallery-1-59929'>\n\t\t\t\tFoto: Comunidad de Madrid \n\t\t\t\t<\/figcaption><\/figure>\n\t\t<\/div>\n\n<h2>Abrir\u00e1 cinco nuevas oficinas del Consorcio Regional de Transportes<\/h2>\n<p><script async=\"\" src=\"http s:\/\/pagead2.googlesyndication.com\/pagead\/js\/adsbygoogle.js\"><\/script> <ins class=\"adsbygoogle\" style=\"display: block; text-align: center;\" data-ad-layout=\"in-article\" data-ad-format=\"fluid\" data-ad-client=\"ca-pub-7450064428034605\" data-ad-slot=\"5670045061\"><\/ins> <script>(adsbygoogle = window.adsbygoogle || []).push({});<\/script><\/p>\n<p>La\u00a0<strong>Comunidad de Madrid\u00a0<\/strong>tambi\u00e9n abrir\u00e1 cinco nuevas oficinas del Consorcio Regional de Transportes, el primero estar\u00e1 en la\u00a0<strong>estaci\u00f3n de Atocha,\u00a0<\/strong>donde se habilitar\u00e1 un espacio provisional mientras duren las obras de ampliaci\u00f3n de la L\u00ednea 11 de Metro.<\/p>\n<p>Tambi\u00e9n, durante el \u00faltimo cuatrimestre del a\u00f1o se abrir\u00e1n nuevas oficinas en\u00a0<strong>Parla\u00a0<\/strong>y\u00a0<strong>Alcorc\u00f3n.\u00a0<\/strong>A partir de 2026, se ubicar\u00e1n dos nuevas oficinas en\u00a0<strong>Aranjuez\u00a0<\/strong>y\u00a0<strong>Plaza El\u00edptica.\u00a0<\/strong><\/p>\n","protected":false},"excerpt":{"rendered":"<p>Adem\u00e1s, se abrir\u00e1n cinco nuevos puntos de gesti\u00f3n. <\/p>\n","protected":false},"author":15,"featured_media":59924,"comment_status":"open","ping_status":"open","sticky":false,"template":"","format":"standard","meta":{"footnotes":""},"categories":[12,187,23],"tags":[],"class_list":{"0":"post-59923","1":"post","2":"type-post","3":"status-publish","4":"format-standard","5":"has-post-thumbnail","7":"category-actualidad-noticias-madrid","8":"category-madrid-hoy","9":"category-transportes-huelgas-madrid"},"_links":{"self":[{"href":"https:\/\/www.vidademadrid.com\/es\/wp-json\/wp\/v2\/posts\/59923","targetHints":{"allow":["GET"]}}],"collection":[{"href":"https:\/\/www.vidademadrid.com\/es\/wp-json\/wp\/v2\/posts"}],"about":[{"href":"https:\/\/www.vidademadrid.com\/es\/wp-json\/wp\/v2\/types\/post"}],"author":[{"embeddable":true,"href":"https:\/\/www.vidademadrid.com\/es\/wp-json\/wp\/v2\/users\/15"}],"replies":[{"embeddable":true,"href":"https:\/\/www.vidademadrid.com\/es\/wp-json\/wp\/v2\/comments?post=59923"}],"version-history":[{"count":1,"href":"https:\/\/www.vidademadrid.com\/es\/wp-json\/wp\/v2\/posts\/59923\/revisions"}],"predecessor-version":[{"id":59930,"href":"https:\/\/www.vidademadrid.com\/es\/wp-json\/wp\/v2\/posts\/59923\/revisions\/59930"}],"wp:featuredmedia":[{"embeddable":true,"href":"https:\/\/www.vidademadrid.com\/es\/wp-json\/wp\/v2\/media\/59924"}],"wp:attachment":[{"href":"https:\/\/www.vidademadrid.com\/es\/wp-json\/wp\/v2\/media?parent=59923"}],"wp:term":[{"taxonomy":"category","embeddable":true,"href":"https:\/\/www.vidademadrid.com\/es\/wp-json\/wp\/v2\/categories?post=59923"},{"taxonomy":"post_tag","embeddable":true,"href":"https:\/\/www.vidademadrid.com\/es\/wp-json\/wp\/v2\/tags?post=59923"}],"curies":[{"name":"wp","href":"https:\/\/api.w.org\/{rel}","templated":true}]}}