{"id":59917,"date":"2025-07-31T13:00:07","date_gmt":"2025-07-31T11:00:07","guid":{"rendered":"https:\/\/www.vidademadrid.com\/es\/?p=59917"},"modified":"2025-10-04T14:51:29","modified_gmt":"2025-10-04T12:51:29","slug":"planes-para-este-fin-de-semana-en-madrid-1-2-y-3-de-agosto","status":"publish","type":"post","link":"https:\/\/www.vidademadrid.com\/es\/59917\/planes-para-este-fin-de-semana-en-madrid-1-2-y-3-de-agosto\/","title":{"rendered":"Planes para este fin de semana en Madrid: 1, 2 y 3 de agosto"},"content":{"rendered":"<p>Como cada semana, os dejamos nuestro <strong>MEGA POST DE PLANES<\/strong> para este finde:<strong> 1, 2 y 3 de agosto\u00a0de 2025 en Madrid\u00a0<\/strong>(muchos gratis): El Prado de Noche, Fiesta Flow 2000 en Rita&#8217;s Brunch, actividades de Veranos de la Villa y mucho m\u00e1s.\u00a0 Adem\u00e1s, te dejamos una recomendaci\u00f3n <em>foodie\u00a0<\/em>para esta semana.<\/p>\n<h2>Actividades destacadas<\/h2>\n<h3><span class=\"OYPEnA font-feature-liga-off font-feature-clig-off font-feature-calt-off text-decoration-none text-strikethrough-none\">Rita\u2019s Summer Edition: Flow 2000<\/span><\/h3>\n<p><span class=\"OYPEnA font-feature-liga-off font-feature-clig-off font-feature-calt-off text-decoration-none text-strikethrough-none\">Fiesta del agua con m\u00fasica en directo, dj\u2019s, juegos, comidas y c\u00f3cteles, este s\u00e1bado con <strong>tem\u00e1tica a\u00f1os 2000<\/strong> y actividades como \u201cOutfit 2000 con elecci\u00f3n de miss y mister 2000\u201d, \u201cBingo musical \u00e9poca 2000&#8243; y m\u00e1s. Toda la info y entradas <a href=\"https:\/\/ritas.es\/eventos\/ritas-summer-edition-2-agosto\/?occurrence=2025-08-02\">aqu\u00ed.\u00a0<\/a><\/span><\/p>\n<p><em>*Plan en colaboraci\u00f3n.\u00a0<\/em><\/p>\n<h3><span class=\"OYPEnA font-feature-liga-off font-feature-clig-off font-feature-calt-off text-decoration-none text-strikethrough-none\">El Prado de Noche<\/span><\/h3>\n<p><span class=\"OYPEnA font-feature-liga-off font-feature-clig-off font-feature-calt-off text-decoration-none text-strikethrough-none\">El <strong>Museo del Prado<\/strong> abrir\u00e1 este s\u00e1bado de 20.30h a 23.30h la primera planta del edificio Villanueva, que incluye la Galer\u00eda central con obras como Las Meninas y Las tres gracias. Esta ser\u00e1 la \u00faltima oportunidad del mes para disfrutar de la <strong>pinoteca de noche de manera gratuita<\/strong>. M\u00e1s info <a href=\"https:\/\/www.museodelprado.es\/recurso\/el-prado-de-noche-2025\/d2184ef9-b78c-44e7-89c1-00ff88e0b982\">aqu\u00ed.\u00a0<\/a><\/span><\/p>\n<h3><span class=\"OYPEnA font-feature-liga-off font-feature-clig-off font-feature-calt-off text-decoration-none text-strikethrough-none\">Exposici\u00f3n Laberintos Trasversales<\/span><\/h3>\n<p><span class=\"OYPEnA font-feature-liga-off font-feature-clig-off font-feature-calt-off text-decoration-none text-strikethrough-none\">Esta muestra es un <strong>alegato escult\u00f3rico<\/strong> a un posicionamiento nuevo para la escultura, confrontando el pasado y futuro y revisando los m\u00e1rgenes de lo subjetivo. Disponible hasta el 7 de septiembre en <strong>La Neomud\u00e9jar<\/strong>. Entrada por 8 euros. Toda la info y entradas<a href=\"https:\/\/www.laneomudejar.com\/\"> aqu\u00ed.\u00a0<\/a><\/span><\/p>\n<h3>Planes Veranos de la Villa<\/h3>\n<figure id=\"attachment_59656\" aria-describedby=\"caption-attachment-59656\" style=\"width: 1200px\" class=\"wp-caption aligncenter\"><a href=\"https:\/\/www.vidademadrid.com\/es\/wp-content\/uploads\/2025\/06\/Veranos-de-la-Villa-2025.jpg\"><img loading=\"lazy\" decoding=\"async\" class=\"size-full wp-image-59656\" src=\"https:\/\/www.vidademadrid.com\/es\/wp-content\/uploads\/2025\/06\/Veranos-de-la-Villa-2025.jpg\" alt=\"\" width=\"1200\" height=\"600\" srcset=\"https:\/\/www.vidademadrid.com\/es\/wp-content\/uploads\/2025\/06\/Veranos-de-la-Villa-2025.jpg 1200w, https:\/\/www.vidademadrid.com\/es\/wp-content\/uploads\/2025\/06\/Veranos-de-la-Villa-2025-300x150.jpg 300w, https:\/\/www.vidademadrid.com\/es\/wp-content\/uploads\/2025\/06\/Veranos-de-la-Villa-2025-1024x512.jpg 1024w, https:\/\/www.vidademadrid.com\/es\/wp-content\/uploads\/2025\/06\/Veranos-de-la-Villa-2025-768x384.jpg 768w, https:\/\/www.vidademadrid.com\/es\/wp-content\/uploads\/2025\/06\/Veranos-de-la-Villa-2025-696x348.jpg 696w, https:\/\/www.vidademadrid.com\/es\/wp-content\/uploads\/2025\/06\/Veranos-de-la-Villa-2025-1068x534.jpg 1068w, https:\/\/www.vidademadrid.com\/es\/wp-content\/uploads\/2025\/06\/Veranos-de-la-Villa-2025-840x420.jpg 840w\" sizes=\"auto, (max-width: 1200px) 100vw, 1200px\" \/><\/a><figcaption id=\"caption-attachment-59656\" class=\"wp-caption-text\">Foto: Prensa<\/figcaption><\/figure>\n<h4><span class=\"OYPEnA font-feature-liga-off font-feature-clig-off font-feature-calt-off text-decoration-none text-strikethrough-none\">Espect\u00e1culo de Sara Calero<\/span><\/h4>\n<p><span class=\"OYPEnA font-feature-liga-off font-feature-clig-off font-feature-calt-off text-decoration-none text-strikethrough-none\">Sara Calero es uno de los principales referentes actuales de la <strong>danza espa\u00f1ola y el baile flamenco<\/strong> y pone una puesta en escena llena de originalidad, inteligencia y creatividad. Disponible s\u00e1bado y domingo a las 21.30h en el <strong>IES San Isidro<\/strong>. Acceso gratuita. M\u00e1s info <a href=\"https:\/\/www.veranosdelavilla.com\/es\/evento\/sara-calero\">aqu\u00ed.\u00a0<\/a><\/span><\/p>\n<h4><span class=\"OYPEnA font-feature-liga-off font-feature-clig-off font-feature-calt-off text-decoration-none text-strikethrough-none\">Martirio<\/span><\/h4>\n<p><span class=\"OYPEnA font-feature-liga-off font-feature-clig-off font-feature-calt-off text-decoration-none text-strikethrough-none\">Basado en el tango y en las ra\u00edces argentino-espa\u00f1olas, Martirio presenta su nuevo trabajo que fusiona ambos modos de hacer canci\u00f3n. Disponible este domingo a las 22h en <strong>Conde Duque &#8211; Patio Central.<\/strong> Toda la info y entradas<a href=\"https:\/\/www.veranosdelavilla.com\/es\/evento\/al-sur-del-tango\"> aqu\u00ed.\u00a0<\/a><\/span><\/p>\n<h4><span class=\"OYPEnA font-feature-liga-off font-feature-clig-off font-feature-calt-off text-decoration-none text-strikethrough-none\">Les Trois Plummes<\/span><\/h4>\n<p><span class=\"OYPEnA font-feature-liga-off font-feature-clig-off font-feature-calt-off text-decoration-none text-strikethrough-none\">Esta puesta en escena flirtea con la pel\u00edcula La naranja mec\u00e1nica y crea un lenguaje a trav\u00e9s de un performance de danza en los que los espectadores deben intervenir. Disponible viernes y s\u00e1bado a las 18.30h en <strong>Conde Duque &#8211; Teatro<\/strong>. Toda la info y entradas <a href=\"https:\/\/www.veranosdelavilla.com\/es\/evento\/les-trois-plumes-de-marco-chenevier-alessia-pinto\">aqu\u00ed.\u00a0<\/a><\/span><\/p>\n<h3><span class=\"OYPEnA font-feature-liga-off font-feature-clig-off font-feature-calt-off text-decoration-none text-strikethrough-none\">Pop-up Aitana<\/span><\/h3>\n<p><span class=\"OYPEnA font-feature-liga-off font-feature-clig-off font-feature-calt-off text-decoration-none text-strikethrough-none\">Hasta hoy, 1 de agosto, en <strong>UMusic Shop<\/strong>\u00a0(Calle Carretas, 10) se podr\u00e1 disfrutar del pop-up de Aitana con <strong>merchandising exclusivo<\/strong>, zonas interactivas decoradas con elementos del tour y la posibilidad de personalizar<\/span><span class=\"OYPEnA font-feature-liga-off font-feature-clig-off font-feature-calt-off text-decoration-none text-strikethrough-none\">\u00a0prendas.<\/span><\/p>\n<h2>Planes de teatro y m\u00fasica<\/h2>\n<h3><span class=\"OYPEnA font-feature-liga-off font-feature-clig-off font-feature-calt-off text-decoration-none text-strikethrough-none\">Trash!<\/span><\/h3>\n<p><span class=\"OYPEnA font-feature-liga-off font-feature-clig-off font-feature-calt-off text-decoration-none text-strikethrough-none\">Este <strong>espect\u00e1culo musical<\/strong> se ambienta en un centro de reciclaje de basura, donde cuatro trabajadores con mucha imaginaci\u00f3n dan nuevos usos a los desechos que llegan al lugar. Disponible viernes y s\u00e1bado a las 18.30h en Conde Duque &#8211; Teatro. Toda la info y entradas <a href=\"https:\/\/teatromadrid.com\/espectaculo\/yllana-tothem-trash\">aqu\u00ed.\u00a0<\/a><\/span><\/p>\n<h3>Conciertos para este fin de semana<\/h3>\n<h4><span class=\"OYPEnA font-feature-liga-off font-feature-clig-off font-feature-calt-off text-decoration-none text-strikethrough-none\">Concierto Queen con Momo<\/span><\/h4>\n<p>La Orquesta y Coro de RTVE junto a Momo Cort\u00e9s <strong>homenajean a Queen<\/strong>, una de las bandas m\u00e1s importantes de la historia. Disponible este viernes y s\u00e1bado a las 22h en <span class=\"OYPEnA font-feature-liga-off font-feature-clig-off font-feature-calt-off text-decoration-none text-strikethrough-none\"><strong>Conde Duque &#8211; Patio Central<\/strong>. Toda la info y entradas <a href=\"https:\/\/www.veranosdelavilla.com\/es\/evento\/queen-a-night-at-the-symphony-con-momo\">aqu\u00ed.\u00a0<\/a><\/span><\/p>\n<h4>Lionel Richie<\/h4>\n<p>Lionel Richie llega a Madrid con su gira \u201cSay Hello To The Hits\u00bb un tributo al legado musical de este \u00edcono cultural. Disponible este s\u00e1bado a las 21h en el Movistar Arena. \u00daltimas entradas <a href=\"https:\/\/www.movistararena.es\/informacion?evento=lionel-richie-say-hello-to-the-hits\">aqu\u00ed.\u00a0<\/a><\/p>\n<h4>Conciertos gratuitos<\/h4>\n<ul>\n<li><span class=\"OYPEnA font-feature-liga-off font-feature-clig-off font-feature-calt-off text-decoration-none text-strikethrough-none\"><strong>Concierto \u201cAmores rojos\u201d:<\/strong> El programa \u201cLope a la fresca\u201d estrena \u201cAmores rojos. Cantos a la guitarra espa\u00f1ola\u201d con un repertorio renacentista que a\u00fana ecos de la Edad Media y el Barroco. Disponible todos los viernes de agosto gratis en <strong>Casa Museo Lope de Vega<\/strong>. Toda la info <a href=\"https:\/\/casamuseolopedevega.org\/es\/actividades\/116-actividades\/recitales-y-espectaculos-2\">aqu\u00ed.\u00a0<\/a><\/span><\/li>\n<li><span class=\"OYPEnA font-feature-liga-off font-feature-clig-off font-feature-calt-off text-decoration-none text-strikethrough-none\"><strong>D\u00fao a la Brave:<\/strong> El d\u00fao de viol\u00edn con piano A la Brave se presentar\u00e1 en los jardines del concejal Alejandro Mu\u00f1oz Revenga en un concierto \u00fanico. Disponible solo este finde en <strong>Centro Cultural Galileo<\/strong>. Toda la info <a href=\"https:\/\/diario.madrid.es\/chamberi\/2025\/04\/30\/que-hacer-en-mayo-en-el-centro-cultural-galileo\/\">aqu\u00ed.\u00a0<\/a><\/span><\/li>\n<\/ul>\n<h4><span class=\"OYPEnA font-feature-liga-off font-feature-clig-off font-feature-calt-off text-decoration-none text-strikethrough-none\">Tras la estela de Maese Falla<\/span><\/h4>\n<p><span class=\"OYPEnA font-feature-liga-off font-feature-clig-off font-feature-calt-off text-decoration-none text-strikethrough-none\">El <strong>Festival de San Lorenzo<\/strong> presenta <strong>\u201cTras la estela de Maese Falla\u201d<\/strong>, un viaje a trav\u00e9s de la m\u00fasica espa\u00f1ola del siglo XX articulado alrededor de Juli\u00e1n Bautista, Manuela de la Falla y Federico Garc\u00eda Lorca. Solo este s\u00e1bado a las 20.30h en la Capilla de Nuestra Se\u00f1ora de Abantos. Toda la info y entradas<a href=\"https:\/\/www.madrid.org\/veranoescorial\/2025\/orquesta-carlos-3.html\"> aqu\u00ed.\u00a0<\/a><\/span><\/p>\n<h2>\u00daltima oportunidad para disfrutar de&#8230;<\/h2>\n<h3><span class=\"OYPEnA font-feature-liga-off font-feature-clig-off font-feature-calt-off text-decoration-none text-strikethrough-none\">Los mundos de Alicia en Caixaforum\u00a0<\/span><\/h3>\n<p><span class=\"OYPEnA font-feature-liga-off font-feature-clig-off font-feature-calt-off text-decoration-none text-strikethrough-none\">Esta exposici\u00f3n se centra en los or\u00edgenes, adaptaciones y reinterpretaciones art\u00edsticas de <strong>Alicia en el pa\u00eds de las maravillas<\/strong> a lo largo del tiempo y en diversas disciplinas. Disponible hasta este domingo. Toda la info y \u00faltimas entradas <a href=\"https:\/\/caixaforum.org\/es\/madrid\/p\/los-mundos-de-alicia_a168616900\">aqu\u00ed.\u00a0<\/a><\/span><\/p>\n<h3><span class=\"OYPEnA font-feature-liga-off font-feature-clig-off font-feature-calt-off text-decoration-none text-strikethrough-none\">Lago de los Cisnes en el Teatro Gran V\u00eda\u00a0<\/span><\/h3>\n<p><span class=\"OYPEnA font-feature-liga-off font-feature-clig-off font-feature-calt-off text-decoration-none text-strikethrough-none\">El Ballet Cl\u00e1sico de Cuba Laura Alonso presenta <strong>El lago de los cisnes<\/strong>, una obra que transcurre entre el amor y la magia, enlazando la eterna lucha entre el bien y el mal. \u00daltima funci\u00f3n este domingo. Toda la info y entradas <a href=\"https:\/\/gruposmedia.com\/cartelera\/el-lago-de-los-cisnes-ballet-clasico-de-cuba\/\">aqu\u00ed.\u00a0<\/a><\/span><\/p>\n<h3><span class=\"OYPEnA font-feature-liga-off font-feature-clig-off font-feature-calt-off text-decoration-none text-strikethrough-none\">En el comp\u00e1s del verano en Serrer\u00eda Belga\u00a0<\/span><\/h3>\n<p><span class=\"OYPEnA font-feature-liga-off font-feature-clig-off font-feature-calt-off text-decoration-none text-strikethrough-none\">Esta muestra propone un recorrido olfativo por ocho <strong>espacios emblem\u00e1ticos de la ciudad<\/strong> como CentroCentro, la Casa de la Panader\u00eda, Matadero y m\u00e1s. Acceso gratuito. Disponible hasta este domingo. Toda la info <a href=\"https:\/\/www.serreria-belga.es\/actividades\/en-el-compas-del-verano\">aqu\u00ed.\u00a0<\/a><\/span><\/p>\n<h2>Restaurantes para el finde<\/h2>\n<h3>Salino<\/h3>\n<p><span class=\"OYPEnA font-feature-liga-off font-feature-clig-off font-feature-calt-off text-decoration-none text-strikethrough-none\">Es el restaurante m\u00e1s gastron\u00f3mico del grupo Cachivache, en pleno <strong>barrio Retiro<\/strong>, que ofrece una carta variada, con los m\u00edticos torreznos de La Raquetista y <strong>sugerencias veraniegas<\/strong> como el bonito del norte en escabeche de zanahoria con piparras en tempura. Descubre nuestra experiencia completa a trav\u00e9s de <a href=\"https:\/\/www.instagram.com\/stories\/highlights\/17921016933077101\/\"><em>stories<\/em>.\u00a0<\/a><\/span><\/p>\n","protected":false},"excerpt":{"rendered":"<p>El Prado de Noche, Fiesta Flow 2000 en Rita&#8217;s Brunch, actividades de Veranos de la Villa y mucho m\u00e1s.<\/p>\n","protected":false},"author":13,"featured_media":57546,"comment_status":"open","ping_status":"open","sticky":false,"template":"","format":"standard","meta":{"footnotes":""},"categories":[194,119],"tags":[],"class_list":{"0":"post-59917","1":"post","2":"type-post","3":"status-publish","4":"format-standard","5":"has-post-thumbnail","7":"category-planes-del-fin-de-semana-madrid","8":"category-portada"},"_links":{"self":[{"href":"https:\/\/www.vidademadrid.com\/es\/wp-json\/wp\/v2\/posts\/59917","targetHints":{"allow":["GET"]}}],"collection":[{"href":"https:\/\/www.vidademadrid.com\/es\/wp-json\/wp\/v2\/posts"}],"about":[{"href":"https:\/\/www.vidademadrid.com\/es\/wp-json\/wp\/v2\/types\/post"}],"author":[{"embeddable":true,"href":"https:\/\/www.vidademadrid.com\/es\/wp-json\/wp\/v2\/users\/13"}],"replies":[{"embeddable":true,"href":"https:\/\/www.vidademadrid.com\/es\/wp-json\/wp\/v2\/comments?post=59917"}],"version-history":[{"count":3,"href":"https:\/\/www.vidademadrid.com\/es\/wp-json\/wp\/v2\/posts\/59917\/revisions"}],"predecessor-version":[{"id":59921,"href":"https:\/\/www.vidademadrid.com\/es\/wp-json\/wp\/v2\/posts\/59917\/revisions\/59921"}],"wp:featuredmedia":[{"embeddable":true,"href":"https:\/\/www.vidademadrid.com\/es\/wp-json\/wp\/v2\/media\/57546"}],"wp:attachment":[{"href":"https:\/\/www.vidademadrid.com\/es\/wp-json\/wp\/v2\/media?parent=59917"}],"wp:term":[{"taxonomy":"category","embeddable":true,"href":"https:\/\/www.vidademadrid.com\/es\/wp-json\/wp\/v2\/categories?post=59917"},{"taxonomy":"post_tag","embeddable":true,"href":"https:\/\/www.vidademadrid.com\/es\/wp-json\/wp\/v2\/tags?post=59917"}],"curies":[{"name":"wp","href":"https:\/\/api.w.org\/{rel}","templated":true}]}}