{"id":59853,"date":"2025-07-23T19:58:14","date_gmt":"2025-07-23T17:58:14","guid":{"rendered":"https:\/\/www.vidademadrid.com\/es\/?p=59853"},"modified":"2025-10-04T14:51:29","modified_gmt":"2025-10-04T12:51:29","slug":"planes-para-este-fin-de-semana-en-madrid-24-25-26-y-27-de-julio-de-2025","status":"publish","type":"post","link":"https:\/\/www.vidademadrid.com\/es\/59853\/planes-para-este-fin-de-semana-en-madrid-24-25-26-y-27-de-julio-de-2025\/","title":{"rendered":"Planes para este fin de semana en Madrid: 24, 25, 26 y 27 de julio de 2025"},"content":{"rendered":"<p>Como cada semana, os dejamos nuestro <strong>MEGA POST DE PLANES<\/strong> para este finde (con d\u00eda no laborable incluido) 2<strong>4, 25, 26 y 27<\/strong> <strong>de julio de 2025 en Madrid <\/strong>(muchos gratis): nueva \u00abFontana di Trevi\u00bb de Madrid, fiesta Ibicenca en Rita&#8217;s, actividades de Veranos de la Villa 2025 y mucho m\u00e1s.\u00a0 Adem\u00e1s, te dejamos una recomendaci\u00f3n <em>foodie <\/em>para esta semana.<\/p>\n<h2>Actividades destacadas<\/h2>\n<h3><span class=\"OYPEnA font-feature-liga-off font-feature-clig-off font-feature-calt-off text-decoration-none text-strikethrough-none\">Visita la \u201cFontana di Trevi\u201d de Madrid<\/span><\/h3>\n<figure id=\"attachment_59849\" aria-describedby=\"caption-attachment-59849\" style=\"width: 1200px\" class=\"wp-caption aligncenter\"><a href=\"https:\/\/www.vidademadrid.com\/es\/wp-content\/uploads\/2025\/07\/Fuente-de-Lozoya.jpg\"><img loading=\"lazy\" decoding=\"async\" class=\"size-full wp-image-59849\" src=\"https:\/\/www.vidademadrid.com\/es\/wp-content\/uploads\/2025\/07\/Fuente-de-Lozoya.jpg\" alt=\"\" width=\"1200\" height=\"600\" srcset=\"https:\/\/www.vidademadrid.com\/es\/wp-content\/uploads\/2025\/07\/Fuente-de-Lozoya.jpg 1200w, https:\/\/www.vidademadrid.com\/es\/wp-content\/uploads\/2025\/07\/Fuente-de-Lozoya-300x150.jpg 300w, https:\/\/www.vidademadrid.com\/es\/wp-content\/uploads\/2025\/07\/Fuente-de-Lozoya-1024x512.jpg 1024w, https:\/\/www.vidademadrid.com\/es\/wp-content\/uploads\/2025\/07\/Fuente-de-Lozoya-768x384.jpg 768w, https:\/\/www.vidademadrid.com\/es\/wp-content\/uploads\/2025\/07\/Fuente-de-Lozoya-696x348.jpg 696w, https:\/\/www.vidademadrid.com\/es\/wp-content\/uploads\/2025\/07\/Fuente-de-Lozoya-1068x534.jpg 1068w, https:\/\/www.vidademadrid.com\/es\/wp-content\/uploads\/2025\/07\/Fuente-de-Lozoya-840x420.jpg 840w\" sizes=\"auto, (max-width: 1200px) 100vw, 1200px\" \/><\/a><figcaption id=\"caption-attachment-59849\" class=\"wp-caption-text\">Foto: Ayuntamiento de Madrid<\/figcaption><\/figure>\n<p class=\"cvGsUA direction-ltr align-center para-style-body\"><span class=\"OYPEnA font-feature-liga-off font-feature-clig-off font-feature-calt-off text-decoration-none text-strikethrough-none\">Esta semana ha abierto al p\u00fablico la <strong>Fuente del r\u00edo Lozoya<\/strong> en el Primer Dep\u00f3sito del Canal. La fuente hab\u00eda estado hasta ahora tapada por una valla y sin acceso. No te pierdas el r<\/span><span class=\"OYPEnA font-feature-liga-off font-feature-clig-off font-feature-calt-off text-decoration-none text-strikethrough-none\">eportaje completo en nuestro <a href=\"https:\/\/www.instagram.com\/p\/DMX1jEZowDc\/\">reels de @vidademadrid<\/a>.<\/span><\/p>\n<h3><span class=\"OYPEnA font-feature-liga-off font-feature-clig-off font-feature-calt-off text-decoration-none text-strikethrough-none\">Fiesta ibicenca en Ritas\u00a0<\/span><\/h3>\n<p><span class=\"OYPEnA font-feature-liga-off font-feature-clig-off font-feature-calt-off text-decoration-none text-strikethrough-none\">El <strong>White Party de Rita\u2019s Summer Edition<\/strong>: shows en directo, DJ\u2019s, foodtrucks, c\u00f3cteles, juegos de agua, bingo musical y mucho m\u00e1s. Disponible este s\u00e1bado de 13h a 19.30h. <\/span><span class=\"OYPEnA font-feature-liga-off font-feature-clig-off font-feature-calt-off text-decoration-none text-strikethrough-none\">Entradas en <a href=\"https:\/\/ritas.es\/ritas-summer-edition\/\">rita.es<\/a><\/span><span class=\"OYPEnA font-feature-liga-off font-feature-clig-off font-feature-calt-off text-decoration-none text-strikethrough-none\"> (tambi\u00e9n del Flamingo Party del domingo).\u00a0<\/span><\/p>\n<h3>Disfruta de alguna e las actividades de Veranos de la Villa 2025<\/h3>\n<figure id=\"attachment_59656\" aria-describedby=\"caption-attachment-59656\" style=\"width: 1200px\" class=\"wp-caption aligncenter\"><a href=\"https:\/\/www.vidademadrid.com\/es\/wp-content\/uploads\/2025\/06\/Veranos-de-la-Villa-2025.jpg\"><img loading=\"lazy\" decoding=\"async\" class=\"size-full wp-image-59656\" src=\"https:\/\/www.vidademadrid.com\/es\/wp-content\/uploads\/2025\/06\/Veranos-de-la-Villa-2025.jpg\" alt=\"\" width=\"1200\" height=\"600\" srcset=\"https:\/\/www.vidademadrid.com\/es\/wp-content\/uploads\/2025\/06\/Veranos-de-la-Villa-2025.jpg 1200w, https:\/\/www.vidademadrid.com\/es\/wp-content\/uploads\/2025\/06\/Veranos-de-la-Villa-2025-300x150.jpg 300w, https:\/\/www.vidademadrid.com\/es\/wp-content\/uploads\/2025\/06\/Veranos-de-la-Villa-2025-1024x512.jpg 1024w, https:\/\/www.vidademadrid.com\/es\/wp-content\/uploads\/2025\/06\/Veranos-de-la-Villa-2025-768x384.jpg 768w, https:\/\/www.vidademadrid.com\/es\/wp-content\/uploads\/2025\/06\/Veranos-de-la-Villa-2025-696x348.jpg 696w, https:\/\/www.vidademadrid.com\/es\/wp-content\/uploads\/2025\/06\/Veranos-de-la-Villa-2025-1068x534.jpg 1068w, https:\/\/www.vidademadrid.com\/es\/wp-content\/uploads\/2025\/06\/Veranos-de-la-Villa-2025-840x420.jpg 840w\" sizes=\"auto, (max-width: 1200px) 100vw, 1200px\" \/><\/a><figcaption id=\"caption-attachment-59656\" class=\"wp-caption-text\">Foto: Prensa<\/figcaption><\/figure>\n<h4><span class=\"OYPEnA font-feature-liga-off font-feature-clig-off font-feature-calt-off text-decoration-none text-strikethrough-none\">Experiencia con la Banda Sinf\u00f3nica<\/span><\/h4>\n<p><span class=\"OYPEnA font-feature-liga-off font-feature-clig-off font-feature-calt-off text-decoration-none text-strikethrough-none\">La <strong>Banda Sinf\u00f3nica de Madrid<\/strong> ofrecer\u00e1 un concierto donde participar\u00e1n los estudiantes de conservatorios y escuelas de m\u00fasica.<\/span> <span class=\"OYPEnA font-feature-liga-off font-feature-clig-off font-feature-calt-off text-decoration-none text-strikethrough-none\">Los ensayos ser\u00e1n en el Teatro Auditorio de la Casa de Campo el jueves y viernes. Toda la info <a href=\"https:\/\/www.veranosdelavilla.com\/es\/evento\/vive-una-experiencia-musical-con-la-banda-sinfonica-municipal\">aqu\u00ed.\u00a0<\/a><\/span><\/p>\n<h4><span class=\"OYPEnA font-feature-liga-off font-feature-clig-off font-feature-calt-off text-decoration-none text-strikethrough-none\">Marta la piadosa, de Tirso de Molina<\/span><\/h4>\n<p><span class=\"OYPEnA font-feature-liga-off font-feature-clig-off font-feature-calt-off text-decoration-none text-strikethrough-none\">En Marta la piadosa, Tirso de Molina hace que nos enamoremos de Marta y Luc\u00eda, dos hermanas enfrentadas por el mismo hombre y decididas a saltarse cualquier impedimento o convenci\u00f3n social. Disponible este finde de viernes a domingo en el <strong>IES San Isidro<\/strong>. Toda la info <a href=\"https:\/\/www.veranosdelavilla.com\/es\/evento\/marta-la-piadosa-de-tirso-de-molina\">aqu\u00ed.\u00a0<\/a><\/span><\/p>\n<h4><span class=\"OYPEnA font-feature-liga-off font-feature-clig-off font-feature-calt-off text-decoration-none text-strikethrough-none\">Wolf 1069<\/span><\/h4>\n<p><span class=\"OYPEnA font-feature-liga-off font-feature-clig-off font-feature-calt-off text-decoration-none text-strikethrough-none\">Wolf 1069 es un proyecto metam\u00f3rfico que evoluciona con el tiempo, nutri\u00e9ndose de las experiencias de Carlos Gonz\u00e1lez y Mimmo Peruffo y presentan una nueva manera inmersiva de concebir y vivir la m\u00fasica, con inteligencia artificial. Disponible este jueves a las 21.30h en el\u00a0<strong>IES San Isidro<\/strong>. Toda la info <a href=\"https:\/\/www.veranosdelavilla.com\/es\/evento\/wolf-1069\">aqu\u00ed.\u00a0<\/a><\/span><\/p>\n<h4><span class=\"OYPEnA font-feature-liga-off font-feature-clig-off font-feature-calt-off text-decoration-none text-strikethrough-none\">Quinteto Astor Piazzolla<\/span><\/h4>\n<p><span class=\"OYPEnA font-feature-liga-off font-feature-clig-off font-feature-calt-off text-decoration-none text-strikethrough-none\">El <strong>Quinteto Astor Piazzolla<\/strong> ofrece una experiencia \u00fanica que rinde homenaje a su universo creativo. En un solo concierto, combina y contrasta las obras acad\u00e9micas de Piazzolla con su repertorio popular. Disponible este jueves a las 22h en el <strong>Patio Central &#8211; Conde Duque<\/strong>. Toda la info<a href=\"https:\/\/www.veranosdelavilla.com\/index.php\/es\/evento\/quinteto-astor-piazzolla\"> aqu\u00ed.<\/a><\/span><\/p>\n<h4><span class=\"OYPEnA font-feature-liga-off font-feature-clig-off font-feature-calt-off text-decoration-none text-strikethrough-none\">Tomatito<\/span><\/h4>\n<p><span class=\"OYPEnA font-feature-liga-off font-feature-clig-off font-feature-calt-off text-decoration-none text-strikethrough-none\">Disfruta de un espect\u00e1culo \u00fanico de <strong>guitarra flamenca<\/strong> del afamado <strong>Tomatito<\/strong>, que ha colaborado con int\u00e9rpretes de todo el mundo y ha sido reconocido en el teatro, el cine y la m\u00fasica. Disponible este viernes a las 21h en el <strong>Patio Central &#8211; Conde Duque<\/strong>. Toda la info <a href=\"https:\/\/www.veranosdelavilla.com\/es\/evento\/tomatito\">aqu\u00ed.<\/a><\/span><\/p>\n<p>Programaci\u00f3n completa <a href=\"https:\/\/www.veranosdelavilla.com\/es\">aqu\u00ed.\u00a0<\/a><\/p>\n<h2>Planes de m\u00fasica, danza y teatro<\/h2>\n<h3><span class=\"OYPEnA font-feature-liga-off font-feature-clig-off font-feature-calt-off text-decoration-none text-strikethrough-none\">\u201cUn piano y 270 velas\u201d<\/span><\/h3>\n<p><span class=\"OYPEnA font-feature-liga-off font-feature-clig-off font-feature-calt-off text-decoration-none text-strikethrough-none\">Dentro de las actividades del <strong>270 aniversario del Real Jard\u00edn Bot\u00e1nico-CSIC<\/strong>, el concierto del pianista y compositor mallorqu\u00edn David G\u00f3mez: un recital \u00edntimo y emocional con una escenograf\u00eda visualmente impactante. Disponible este viernes a las 22h en el <strong>Real Jard\u00edn Bot\u00e1nico<\/strong>. Entradas por 20 euros. Toda la info <a href=\"https:\/\/rjb.csic.es\/evento\/concierto-un-piano-y-270-velas\/\">aqu\u00ed.\u00a0<\/a><\/span><\/p>\n<h3><span class=\"OYPEnA font-feature-liga-off font-feature-clig-off font-feature-calt-off text-decoration-none text-strikethrough-none\">Xoel L\u00f3pez en el Teatro Real<\/span><\/h3>\n<p><span class=\"OYPEnA font-feature-liga-off font-feature-clig-off font-feature-calt-off text-decoration-none text-strikethrough-none\">Dentro del ciclo Revolution65, el concierto de uno de los grandes referentes de la m\u00fasica independiente espa\u00f1ola: una cita donde el <strong>artista gallego<\/strong> repasar\u00e1 sus canciones m\u00e1s queridas. Disponible este domingo a las 21h. Entradas desde 25 euros. Toda la info y entradas <a href=\"https:\/\/www.teatroreal.es\/es\/espectaculo\/xoel-lopez\">aqu\u00ed<\/a>.\u00a0<\/span><\/p>\n<h3><span class=\"OYPEnA font-feature-liga-off font-feature-clig-off font-feature-calt-off text-decoration-none text-strikethrough-none\">Gran Final Certamen Danza Espa\u00f1ola<\/span><\/h3>\n<p><span class=\"OYPEnA font-feature-liga-off font-feature-clig-off font-feature-calt-off text-decoration-none text-strikethrough-none\">La <strong>Gran Final del Certamen de Danza Espa\u00f1ola y<\/strong><\/span> <span class=\"OYPEnA font-feature-liga-off font-feature-clig-off font-feature-calt-off text-decoration-none text-strikethrough-none\"><strong>Flamenco<\/strong> presentar\u00e1 siete u ocho coreograf\u00edas finalistas y Olga Pericet ser\u00e1 la artista invitada. Disponible en el <strong>Teatro de La Zarzuela<\/strong> este jueves a las 19.30h. Entradas desde 21 euros. Toda la info y entradas <a href=\"https:\/\/certamenflamenco.com\/\">aqu\u00ed.\u00a0<\/a><\/span><\/p>\n<h3><span class=\"OYPEnA font-feature-liga-off font-feature-clig-off font-feature-calt-off text-decoration-none text-strikethrough-none\">Maestrissimo<\/span><\/h3>\n<p><span class=\"OYPEnA font-feature-liga-off font-feature-clig-off font-feature-calt-off text-decoration-none text-strikethrough-none\">Esta puesta en escena es una combinaci\u00f3n de concierto de c\u00e1mara, la comedia sat\u00edrica y el retrato de \u00e9poca, en el que se muestran las aventuras y desventuras de un cuarteto de cuerdas en un per\u00edodo entre los siglos XVII y XVIII. Disponible en el <strong>Gran Teatro CaixaBank<\/strong>. Entradas desde 22 euros. Toda la info y entradas <a href=\"https:\/\/teatromadrid.com\/espectaculo\/yllana-maestrissimo\">aqu\u00ed.\u00a0<\/a><\/span><\/p>\n<h2>Fiestas patronales<\/h2>\n<figure id=\"attachment_52091\" aria-describedby=\"caption-attachment-52091\" style=\"width: 1200px\" class=\"wp-caption aligncenter\"><a href=\"https:\/\/www.vidademadrid.com\/es\/wp-content\/uploads\/2023\/08\/Fiestas-Alcala\u0301.jpeg\"><img loading=\"lazy\" decoding=\"async\" class=\"size-full wp-image-52091\" src=\"https:\/\/www.vidademadrid.com\/es\/wp-content\/uploads\/2023\/08\/Fiestas-Alcala\u0301.jpeg\" alt=\"\" width=\"1200\" height=\"600\" srcset=\"https:\/\/www.vidademadrid.com\/es\/wp-content\/uploads\/2023\/08\/Fiestas-Alcala\u0301.jpeg 1200w, https:\/\/www.vidademadrid.com\/es\/wp-content\/uploads\/2023\/08\/Fiestas-Alcala\u0301-300x150.jpeg 300w, https:\/\/www.vidademadrid.com\/es\/wp-content\/uploads\/2023\/08\/Fiestas-Alcala\u0301-1024x512.jpeg 1024w, https:\/\/www.vidademadrid.com\/es\/wp-content\/uploads\/2023\/08\/Fiestas-Alcala\u0301-768x384.jpeg 768w, https:\/\/www.vidademadrid.com\/es\/wp-content\/uploads\/2023\/08\/Fiestas-Alcala\u0301-696x348.jpeg 696w, https:\/\/www.vidademadrid.com\/es\/wp-content\/uploads\/2023\/08\/Fiestas-Alcala\u0301-1068x534.jpeg 1068w, https:\/\/www.vidademadrid.com\/es\/wp-content\/uploads\/2023\/08\/Fiestas-Alcala\u0301-840x420.jpeg 840w\" sizes=\"auto, (max-width: 1200px) 100vw, 1200px\" \/><\/a><figcaption id=\"caption-attachment-52091\" class=\"wp-caption-text\">Foto: Ayuntamiento de Alcal\u00e1 de Henares<\/figcaption><\/figure>\n<h3><span class=\"OYPEnA font-feature-liga-off font-feature-clig-off font-feature-calt-off text-decoration-none text-strikethrough-none\">Fiestas de Santiago en Carabanchel<\/span><\/h3>\n<p><span class=\"OYPEnA font-feature-liga-off font-feature-clig-off font-feature-calt-off text-decoration-none text-strikethrough-none\">El viernes<\/span><span class=\"OYPEnA font-feature-liga-off font-feature-clig-off font-feature-calt-off text-decoration-none text-strikethrough-none\"> juegos familiares de agua <\/span><span class=\"OYPEnA font-feature-liga-off font-feature-clig-off font-feature-calt-off text-decoration-none text-strikethrough-none\">en Plaza Carabanchel (19:00), <\/span><span class=\"OYPEnA font-feature-liga-off font-feature-clig-off font-feature-calt-off text-decoration-none text-strikethrough-none\">misa solemne<\/span><span class=\"OYPEnA font-feature-liga-off font-feature-clig-off font-feature-calt-off text-decoration-none text-strikethrough-none\"> en la Parroquia San Sebasti\u00e1n M\u00e1rtir (20:00) y <\/span><span class=\"OYPEnA font-feature-liga-off font-feature-clig-off font-feature-calt-off text-decoration-none text-strikethrough-none\">procesi\u00f3n <\/span><span class=\"OYPEnA font-feature-liga-off font-feature-clig-off font-feature-calt-off text-decoration-none text-strikethrough-none\">(21:00). El s\u00e1bado<\/span><span class=\"OYPEnA font-feature-liga-off font-feature-clig-off font-feature-calt-off text-decoration-none text-strikethrough-none\"> reparto de pan y queso<\/span><span class=\"OYPEnA font-feature-liga-off font-feature-clig-off font-feature-calt-off text-decoration-none text-strikethrough-none\"> por la ma\u00f1ana en la parroquia. Descubre la programaci\u00f3n completa <a href=\"http:\/\/chrome-extension:\/\/efaidnbmnnnibpcajpcglclefindmkaj\/https:\/\/www.madrid.es\/UnidadWeb\/UGBBDD\/Actividades\/Distritos\/Carabanchel\/CCCarabanchel\/ficheros\/Prog_fiestas_ElCarmenySantiag.pdf\" data-wplink-url-error=\"true\">aqu\u00ed.\u00a0<\/a><\/span><\/p>\n<h3><span class=\"OYPEnA font-feature-liga-off font-feature-clig-off font-feature-calt-off text-decoration-none text-strikethrough-none\">Fiestas de Villaverde Bajo<\/span><\/h3>\n<p><span class=\"OYPEnA font-feature-liga-off font-feature-clig-off font-feature-calt-off text-decoration-none text-strikethrough-none\">Cuatro d\u00edas de fiestas: conciertos, djs, atracciones, talleres, juegos infantiles y m\u00e1s. El s\u00e1bado actuaci\u00f3n estelar de <\/span><span class=\"OYPEnA font-feature-liga-off font-feature-clig-off font-feature-calt-off text-decoration-none text-strikethrough-none\">Nena Daconte<\/span><span class=\"OYPEnA font-feature-liga-off font-feature-clig-off font-feature-calt-off text-decoration-none text-strikethrough-none\"> (22:30), el domingo <\/span><span class=\"OYPEnA font-feature-liga-off font-feature-clig-off font-feature-calt-off text-decoration-none text-strikethrough-none\">paella popular<\/span><span class=\"OYPEnA font-feature-liga-off font-feature-clig-off font-feature-calt-off text-decoration-none text-strikethrough-none\"> (14:00) y <\/span><span class=\"OYPEnA font-feature-liga-off font-feature-clig-off font-feature-calt-off text-decoration-none text-strikethrough-none\">fuegos artificiales<\/span><span class=\"OYPEnA font-feature-liga-off font-feature-clig-off font-feature-calt-off text-decoration-none text-strikethrough-none\"> (24:00). Descubre la programaci\u00f3n completa <a href=\"https:\/\/www.madrid.es\/portales\/munimadrid\/es\/Inicio\/El-Ayuntamiento\/Villaverde\/Fiestas-Villaverde-Bajo-2025-Distrito-de-Villaverde\/?vgnextfmt=default&amp;vgnextoid=c2b030905b038910VgnVCM200000f921e388RCRD&amp;vgnextchannel=9f51ca5d5fb96010VgnVCM100000dc0ca8c0RCRD\">aqu\u00ed.\u00a0<\/a><\/span><\/p>\n<h2>\u00daltima oportunidad para disfrutar de&#8230;<\/h2>\n<h3><span class=\"OYPEnA font-feature-liga-off font-feature-clig-off font-feature-calt-off text-decoration-none text-strikethrough-none\">The Book of Mormon<\/span><\/h3>\n<p><span class=\"OYPEnA font-feature-liga-off font-feature-clig-off font-feature-calt-off text-decoration-none text-strikethrough-none\">Este musical cuenta la historia de dos j\u00f3venes misioneros mormones que son enviados a Uganda para predicar su religi\u00f3n. Fue elegido como <strong>Mejor Musical de 2024<\/strong>. Volver\u00e1 en octubre en Gran V\u00eda, en el Teatro Rialto. Si quieres disfrutar de sus <strong>\u00faltimas funciones en el Teatro Alcal\u00e1<\/strong>, compra las tuyas <a href=\"https:\/\/thebookofmormonelmusical.es\/?gad_source=1&amp;gad_campaignid=20342443119&amp;gbraid=0AAAAApjg5haR1w4iwx6f8vAcKVLxeLtS9&amp;gclid=Cj0KCQjwkILEBhDeARIsAL--pjx-HP2rNGLCfbzTHym-oPLPmvXkvCW_8moxMeerJgTWD1AroY3LHWsaAjEMEALw_wcB\">aqu\u00ed.\u00a0<\/a><\/span><\/p>\n<h3><span class=\"OYPEnA font-feature-liga-off font-feature-clig-off font-feature-calt-off text-decoration-none text-strikethrough-none\">Un tranv\u00eda llamado Deseo<\/span><\/h3>\n<p><span class=\"OYPEnA font-feature-liga-off font-feature-clig-off font-feature-calt-off text-decoration-none text-strikethrough-none\">Esta gran obra aborda el choque entre la ilusi\u00f3n y el realismo a trav\u00e9s de la historia de Blanche DuBois, que tras arruinarse y perder la casa familiar vuelve a Nueva Orleans a vivir en casa de su hermana. Disponible en el <strong>Teatro Espa\u00f1ol<\/strong>. \u00daltimas entradas <a href=\"https:\/\/www.teatroespanol.es\/un-tranvia-llamado-deseo\">aqu\u00ed.<\/a>\u00a0<\/span><\/p>\n<h2>Restaurantes para el finde<\/h2>\n<h3><span class=\"OYPEnA font-feature-liga-off font-feature-clig-off font-feature-calt-off text-decoration-none text-strikethrough-none\">Tribeca Bistr\u00f3<\/span><\/h3>\n<p>Esta semana visitamos este restaurante ubicado en pleno barrio Salamanca. Un nuevo espacio que ha querido recuperar los <strong>platos de siempre<\/strong> en una propuesta de carta que mezcla tradici\u00f3n y muchas propuestas<strong>\u00a0para compartir<\/strong>. Estate muy pendiente de nuestras IG stories para vivir nuestra experiencia completa.<\/p>\n","protected":false},"excerpt":{"rendered":"<p>Nueva \u00abFontana di Trevi\u00bb de Madrid, fiesta Ibicenca en Rita&#8217;s, actividades de Veranos de la Villa 2025 y mucho m\u00e1s<\/p>\n","protected":false},"author":13,"featured_media":47808,"comment_status":"open","ping_status":"open","sticky":false,"template":"","format":"standard","meta":{"footnotes":""},"categories":[194,119],"tags":[],"class_list":{"0":"post-59853","1":"post","2":"type-post","3":"status-publish","4":"format-standard","5":"has-post-thumbnail","7":"category-planes-del-fin-de-semana-madrid","8":"category-portada"},"_links":{"self":[{"href":"https:\/\/www.vidademadrid.com\/es\/wp-json\/wp\/v2\/posts\/59853","targetHints":{"allow":["GET"]}}],"collection":[{"href":"https:\/\/www.vidademadrid.com\/es\/wp-json\/wp\/v2\/posts"}],"about":[{"href":"https:\/\/www.vidademadrid.com\/es\/wp-json\/wp\/v2\/types\/post"}],"author":[{"embeddable":true,"href":"https:\/\/www.vidademadrid.com\/es\/wp-json\/wp\/v2\/users\/13"}],"replies":[{"embeddable":true,"href":"https:\/\/www.vidademadrid.com\/es\/wp-json\/wp\/v2\/comments?post=59853"}],"version-history":[{"count":5,"href":"https:\/\/www.vidademadrid.com\/es\/wp-json\/wp\/v2\/posts\/59853\/revisions"}],"predecessor-version":[{"id":59862,"href":"https:\/\/www.vidademadrid.com\/es\/wp-json\/wp\/v2\/posts\/59853\/revisions\/59862"}],"wp:featuredmedia":[{"embeddable":true,"href":"https:\/\/www.vidademadrid.com\/es\/wp-json\/wp\/v2\/media\/47808"}],"wp:attachment":[{"href":"https:\/\/www.vidademadrid.com\/es\/wp-json\/wp\/v2\/media?parent=59853"}],"wp:term":[{"taxonomy":"category","embeddable":true,"href":"https:\/\/www.vidademadrid.com\/es\/wp-json\/wp\/v2\/categories?post=59853"},{"taxonomy":"post_tag","embeddable":true,"href":"https:\/\/www.vidademadrid.com\/es\/wp-json\/wp\/v2\/tags?post=59853"}],"curies":[{"name":"wp","href":"https:\/\/api.w.org\/{rel}","templated":true}]}}