{"id":5981,"date":"2016-11-24T16:35:35","date_gmt":"2016-11-24T15:35:35","guid":{"rendered":"http:\/\/www.vidademadrid.com\/es\/?p=5981"},"modified":"2025-10-04T10:09:54","modified_gmt":"2025-10-04T08:09:54","slug":"cafe-zamora-pesadilla-la-cocina-chicote-opiniones-despues","status":"publish","type":"post","link":"https:\/\/www.vidademadrid.com\/es\/5981\/cafe-zamora-pesadilla-la-cocina-chicote-opiniones-despues\/","title":{"rendered":"Caf\u00e9 Zamora en Pesadilla en la cocina de Chicote: opiniones antes y despu\u00e9s"},"content":{"rendered":"<h2><a href=\"http:\/\/www.vidademadrid.com\/es\/5794\/black-friday-2016-madrid\/?utm_source=postvdm&#038;utm_medium=chicote&#038;utm_campaign=blackfriday2016\">Acaba de arrancar el Black Friday! Aqu\u00ed las mejores ofertas!<\/a><\/h2>\n<p>Se emite hoy un programa muy especial de <strong>Pesadilla en la cocina de Chicote<\/strong> en <strong>Caf\u00e9 Zamora<\/strong>, con el chef que quiere por primera vez abandonar el programa sin finalizar una apertura de restaurante.<\/p>\n<p>Antes de descubrir que va a pasar esta noche en el programa de La Sexta, vamos a ver las opiniones de Caf\u00e9 Zamora en internet. Caf\u00e9 de Zamora est\u00e1 en Zamora, en la c\u00e9ntrica Plaza San Miguel 1. <\/p>\n<p>Pesadilla en la cocina en Caf\u00e9 Zamora fue grabado entre el <strong>21 y 26 de noviembre 2015<\/strong>, o sea, hace un a\u00f1o.<\/p>\n<p>El Caf\u00e9 Zamora tiene 69 rese\u00f1as en Tripadvisor con una valoraci\u00f3n muy muy baja: promedio 1,5 de 5. Vamos a leer alguna rese\u00f1a del Caf\u00e9 Zamora.<\/p>\n<h2>Rese\u00f1as de antes de la llegada de Chicote y Pesadilla en la Cocina<\/h2>\n<p><script async src=\"\/\/pagead2.googlesyndication.com\/pagead\/js\/adsbygoogle.js\"><\/script> <!-- Vida 1 --> <ins class=\"adsbygoogle\" style=\"display:block\" data-ad-client=\"ca-pub-7450064428034605\" data-ad-slot=\"2284573579\" data-ad-format=\"auto\"><\/ins> <script> (adsbygoogle = window.adsbygoogle || []).push({}); <\/script> <\/p>\n<p>A\u00f1o 2011<\/p>\n<blockquote><p>\u201cEstafa\u201d<br \/>\nMenu de 15 euros compuesto de una microraci\u00f3n de arroz tipo Colegio y unas supuestas sepias al alioli, correosas y chiclosas totalmente incomestibles y sin posibilidad de ponerle m\u00e1s alioli porque se ha acabado. Los camareros con falta de higiene notable. Para rematar la camarera pregunta si nos ha gustado y cuando le explicamos que eso es impresentable la respuesta&#8230;<\/p><\/blockquote>\n<p>A\u00f1o 2012<\/p>\n<blockquote><p>\u201cTirar el dinero para comer de pena&#8230;\u201d<br \/>\nNo hay nada bueno que se pueda decir de este lugar&#8230;.comida precocinada&#8230; De sabor insulso!! Servicio e higiene mejorable!<\/p><\/blockquote>\n<p>A\u00f1o 2013<\/p>\n<p><script async src=\"\/\/pagead2.googlesyndication.com\/pagead\/js\/adsbygoogle.js\"><\/script> <!-- Vida vertical --> <ins class=\"adsbygoogle\" style=\"display:inline-block;width:300px;height:600px\" data-ad-client=\"ca-pub-7450064428034605\" data-ad-slot=\"7296098777\"><\/ins> <script> (adsbygoogle = window.adsbygoogle || []).push({}); <\/script> <\/p>\n<blockquote><p>\u201c\u00bbLa primera hoja de reclamaciones que pongo en mi vida\u00bb (pd.)\u201d<br \/>\nMi visita a este \u00absitio\u00bb fu\u00e9 en junio y desgraciadamente las cosas siguen igual de mal , teniendo en cuenta la \u00faltima opini\u00f3n[&#8230;]<\/p><\/blockquote>\n<p>A\u00f1o 2014<\/p>\n<blockquote><p>\u201cPeor que pesimo\u201d<br \/>\n\u00a1Peor que pesimo me quede x que lei las opiniones tarde. Ensalada de pollo era el pollo asado que les sobro con huesos ternillas&#8230;<\/p><\/blockquote>\n<p>Y otra&#8230;<\/p>\n<blockquote><p>\u201cLo peor de lo peor\u201d<br \/>\n[&#8230;]Somos de buen comer y en mi vida devolv\u00ed un plato pero esta vez devolv\u00ed el primero por estar pocho y el segundo con la pinta que tenia se me cerr\u00f3 el estomago al tercer bocado. Para colmo mi marido se encuentra un pelo de 20 cent\u00edmetros en su plato. Vamos que dimos c\u00f3mo es l\u00f3gico nuestra queja y pedimos la cuenta. Subimos y nos encontramos al camarero cont\u00e1ndole a otra empleada del lugar nuestra queja (pinta de ser madre e Hijo)seg\u00fan nos ven se callan y ella se va a la registradora pero en vez de cobrarnos se pone a hablar con los t\u00edpicos se\u00f1ores que est\u00e1n con el vino en barra, pasando ol\u00edmpicamente de nosotros. Tras la espera canta 20\u20ac[&#8230;]<\/p><\/blockquote>\n<p>A\u00f1o 2015<\/p>\n<blockquote><p>Comida escasa, p\u00e9sima atenci\u00f3n del personal, no permiten pago con tarjeta, tardan mucho en servirte&#8230;.mejor pasar al siguiente<\/p><\/blockquote>\n<h2>Y que pas\u00f3 despu\u00e9s de la grabaci\u00f3n de Pesadilla en la Cocina en Caf\u00e9 Zamora?<\/h2>\n<p><script async src=\"\/\/pagead2.googlesyndication.com\/pagead\/js\/adsbygoogle.js\"><\/script> <!-- Vida 2 --> <ins class=\"adsbygoogle\" style=\"display:inline-block;width:336px;height:280px\" data-ad-client=\"ca-pub-7450064428034605\" data-ad-slot=\"9336835571\"><\/ins> <script> (adsbygoogle = window.adsbygoogle || []).push({}); <\/script> <\/p>\n<p>S\u00ed tenemos una (m\u00e1s o menos) buena rese\u00f1a en diciembre, unas semanas despu\u00e9s de la grabaci\u00f3n:<\/p>\n<blockquote><p>La atenci\u00f3n fue un poco seca&#8230;.pero tienen tapas variada y un trampantojo de mejillones muy rico. Pedimos varias tapas y la media de precio era de 1,50 x tapa<\/p><\/blockquote>\n<p>Pero el 6 enero 2016:<\/p>\n<blockquote><p>Fuimos a desayunar y fue una tras otra de mal. No nos trajo lo que pedimos y aun as\u00ed no nos lo cambi\u00f3.El tomate artificial de bote para las tostadas. Sales oliendo a fritanga en la ropa y para rematar nos cobr\u00f3 de mas. Mal trato.Para no volver.<\/p><\/blockquote>\n<p>El 2016 sigue siendo un desastre:<\/p>\n<blockquote><p>La calidad de los productos es nefasta respecto a los previos que tienen, del servicio no nos quejamos y en la terraza se estaba bien, para tomar una coca-cola puede ser, para comer ni de broma.<\/p><\/blockquote>\n<blockquote><p>\u201cDeber\u00eda estar prohibido\u201d<br \/>\nLos men\u00fas son escasos y caros. El servicio p\u00e9simo. Las bebidas las sirven caliente. Te proh\u00edben compartir tu comida! Tremendo! Lo ponen por escrito junto con los platos del d\u00eda. Osea, que pago por mi comida y no puedo compartirla&#8230;<\/p><\/blockquote>\n<blockquote><p>Como dice el titulo, el peor sin duda de los bares restaurantes que he estado de las 42 capitales de provincia que he visitado.<\/p><\/blockquote>\n<p>Y terminamos con este comentario, de hace solo 2 semanas:<\/p>\n<blockquote><p>Dando un paseo por zamora se me ocurre entrar a tomar un te con un pincho de tortilla&#8230;.2.20 todo correcto la camarera correcta.<br \/>\nLa tortilla salada no lo siguiente no pasa nada a todos nos puede pasar.<\/p>\n<p>Llega la due\u00f1a&#8230;..y se le ocurre posar el dedo encima de la tortilla y chuparse el dedo que guarrada es eso.<br \/>\nSi eso lo hcen delante de los clientes que haran detras.. no entrare mas solamente por esa guarrada.<\/p><\/blockquote>\n<h2><a href=\"http:\/\/www.vidademadrid.com\/es\/5794\/black-friday-2016-madrid\/?utm_source=postvdm&#038;utm_medium=chicote&#038;utm_campaign=blackfriday2016\">Acaba de arrancar el Black Friday! Aqu\u00ed las mejores ofertas!<\/a><\/h2>\n<p>&#8230;qu\u00e9 ganas de ver el programa! \u00bfQue habr\u00e1 pasado durante la grabaci\u00f3n?<\/p>\n","protected":false},"excerpt":{"rendered":"<p>Acaba de arrancar el Black Friday! Aqu\u00ed las mejores ofertas! Se emite hoy un programa muy especial de Pesadilla en la cocina de Chicote en Caf\u00e9 Zamora, con el chef que quiere por primera vez abandonar el programa sin finalizar una apertura de restaurante. Antes de descubrir que va a pasar esta noche en el [&hellip;]<\/p>\n","protected":false},"author":1,"featured_media":5985,"comment_status":"open","ping_status":"open","sticky":false,"template":"","format":"standard","meta":{"footnotes":""},"categories":[85,1],"tags":[41],"class_list":{"0":"post-5981","1":"post","2":"type-post","3":"status-publish","4":"format-standard","5":"has-post-thumbnail","7":"category-cine-series-television","8":"category-varios","9":"tag-pesadilla-en-la-cocina"},"_links":{"self":[{"href":"https:\/\/www.vidademadrid.com\/es\/wp-json\/wp\/v2\/posts\/5981","targetHints":{"allow":["GET"]}}],"collection":[{"href":"https:\/\/www.vidademadrid.com\/es\/wp-json\/wp\/v2\/posts"}],"about":[{"href":"https:\/\/www.vidademadrid.com\/es\/wp-json\/wp\/v2\/types\/post"}],"author":[{"embeddable":true,"href":"https:\/\/www.vidademadrid.com\/es\/wp-json\/wp\/v2\/users\/1"}],"replies":[{"embeddable":true,"href":"https:\/\/www.vidademadrid.com\/es\/wp-json\/wp\/v2\/comments?post=5981"}],"version-history":[{"count":8,"href":"https:\/\/www.vidademadrid.com\/es\/wp-json\/wp\/v2\/posts\/5981\/revisions"}],"predecessor-version":[{"id":5998,"href":"https:\/\/www.vidademadrid.com\/es\/wp-json\/wp\/v2\/posts\/5981\/revisions\/5998"}],"wp:featuredmedia":[{"embeddable":true,"href":"https:\/\/www.vidademadrid.com\/es\/wp-json\/wp\/v2\/media\/5985"}],"wp:attachment":[{"href":"https:\/\/www.vidademadrid.com\/es\/wp-json\/wp\/v2\/media?parent=5981"}],"wp:term":[{"taxonomy":"category","embeddable":true,"href":"https:\/\/www.vidademadrid.com\/es\/wp-json\/wp\/v2\/categories?post=5981"},{"taxonomy":"post_tag","embeddable":true,"href":"https:\/\/www.vidademadrid.com\/es\/wp-json\/wp\/v2\/tags?post=5981"}],"curies":[{"name":"wp","href":"https:\/\/api.w.org\/{rel}","templated":true}]}}