{"id":59796,"date":"2025-09-19T12:12:50","date_gmt":"2025-09-19T10:12:50","guid":{"rendered":"https:\/\/www.vidademadrid.com\/es\/?p=59796"},"modified":"2025-10-04T15:48:07","modified_gmt":"2025-10-04T13:48:07","slug":"hispanidad-2025-programa-concierto-gloria-estefan","status":"publish","type":"post","link":"https:\/\/www.vidademadrid.com\/es\/59796\/hispanidad-2025-programa-concierto-gloria-estefan\/","title":{"rendered":"Hispanidad 2025: concierto Gloria Estefan, pa\u00eds invitado, programa y homenaje a Vargas Llosa"},"content":{"rendered":"<p>La\u00a0<strong>Comunidad de Madrid\u00a0<\/strong>ha presentado el\u00a0<strong>cartel y un adelanto del programa\u00a0<\/strong>de la quinta edici\u00f3n del\u00a0<strong>Festival de la Hispanidad.\u00a0<\/strong>Este 2025 el cartel lo encabeza la cantante\u00a0<strong>Gloria Estefan\u00a0<\/strong>y\u00a0<strong>Argentina\u00a0<\/strong>ser\u00e1 el pa\u00eds invitado. El lema de la\u00a0<strong>Hispanidad 2025\u00a0<\/strong>tendr\u00e1 como lema \u00abTodos los acentos caben en Madrid\u00bb y se podr\u00e1 disfrutar de actividades musicales, literarias, de cine, danza y folclore.\u00a0<\/p>\n<h2>Hispanidad 2025<\/h2>\n<p><script async=\"\" src=\"https:\/\/pagead2.googlesyndication.com\/pagead\/js\/adsbygoogle.js\"><\/script> <ins class=\"adsbygoogle\" style=\"display: block;\" data-ad-format=\"fluid\" data-ad-layout-key=\"-7f+eo+1+2-5\" data-ad-client=\"ca-pub-7450064428034605\" data-ad-slot=\"7327027071\"><\/ins><script>(adsbygoogle = window.adsbygoogle || []).push({});<\/script>La presidenta de la\u00a0<strong>Comunidad de Madrid\u00a0<\/strong>ha presentado en la Real Casa de Correos el programa de\u00a0<strong>Hispanidad 2025\u00a0<\/strong>que se celebrar\u00e1 del\u00a0<strong>3 al 12 de octubre\u00a0<\/strong>con\u00a0<strong>Argentina como pa\u00eds invitado.\u00a0<\/strong>Adem\u00e1s habr\u00e1 un homenaje al\u00a0<strong>Nobel de Literatura\u00a0<\/strong>peruano\u00a0<strong>Mario Vargas Llosa,\u00a0<\/strong>fallecido este a\u00f1o.<\/p>\n<p>Un a\u00f1o m\u00e1s volver\u00e1 la\u00a0<strong>Gran Cabalgata\u00a0<\/strong>que recorrer\u00e1 la\u00a0<strong>Gran V\u00eda<\/strong> el d\u00eda <strong>5 de octubre <\/strong>y mostrar\u00e1 el folklore de 22 pa\u00edses, por primera vez incluyendo a Estados Unidos. Participar\u00e1n carrozas de Madrid, Argentina, Costa Rica, Estados Unidos, Per\u00fa, Rep\u00fablica Dominicana y m\u00e1s.\u00a0<\/p>\n<p>La mayor\u00eda de las actividades ser\u00e1n gratuitas y se podr\u00e1 disfrutar de espect\u00e1culos, pasacalles, circo y obras de teatro y artes esc\u00e9nicas a cargo de creadores de Argentina, Chile, Venezuela, M\u00e9xico o Uruguay. As\u00ed como exposiciones y visitas gratuitas a espacios culturales como la Real F\u00e1brica de Tapices, el Museo Cerralbo, la Casa de M\u00e9xico, la Galer\u00eda de las Colecciones Reales, la Sociedad Cervantina, la Biblioteca Regional y m\u00e1s.\u00a0<\/p>\n<h3>Escenarios principales y conciertos<\/h3>\n<p><script async=\"\" src=\"http s:\/\/pagead2.googlesyndication.com\/pagead\/js\/adsbygoogle.js\"><\/script> <ins class=\"adsbygoogle\" style=\"display: block; text-align: center;\" data-ad-layout=\"in-article\" data-ad-format=\"fluid\" data-ad-client=\"ca-pub-7450064428034605\" data-ad-slot=\"5670045061\"><\/ins> <script>(adsbygoogle = window.adsbygoogle || []).push({});<\/script>Los escenarios principales estar\u00e1n en la Puerta del Sol, la Plaza Mayor y la Plaza de Espa\u00f1a adem\u00e1s de en distintos enclaves como el Puente del Rey y Col\u00f3n.<\/p>\n<p>Los conciertos confirmados ser\u00e1n de los Babas\u00f3nicos, Mocedades y los Panchos, Miranda!, Henry Mendez, Bomba Est\u00e9reo, Eliadades Ochoa, Silvana Estrada, Ni\u00f1a Polaca, Los Panchos, un espect\u00e1culo del Corral de la Morer\u00eda y Gloria Estefan.<\/p>\n<h3>Concierto Gloria Estefan<\/h3>\n<p>El concierto de\u00a0<strong>Gloria Estefan\u00a0<\/strong>ser\u00e1 el\u00a0<strong>5 de octubre a mediod\u00eda\u00a0<\/strong>en la<strong> Plaza de Col\u00f3n.\u00a0<\/strong>Estefan tambi\u00e9n dar\u00e1 el preg\u00f3n de las fiestas el d\u00eda 3.<\/p>\n<h3>Homenaje a Mario Vargas Llosa\u00a0<\/h3>\n<p><strong>Hispanidad 2025\u00a0<\/strong>tendr\u00e1 un homenaje a\u00a0<strong>Mario Vargas Llosa\u00a0<\/strong>con un ciclo de cine, que comenz\u00f3 el pasado 16 de septiembre y terminar\u00e1 el 6 de octubre en los\u00a0<strong>Teatros del Canal.\u00a0<\/strong><\/p>\n\n\n<p><\/p>\n","protected":false},"excerpt":{"rendered":"<p>Descubre el programa<\/p>\n","protected":false},"author":15,"featured_media":59797,"comment_status":"open","ping_status":"open","sticky":false,"template":"","format":"standard","meta":{"footnotes":""},"categories":[22,11],"tags":[],"class_list":{"0":"post-59796","1":"post","2":"type-post","3":"status-publish","4":"format-standard","5":"has-post-thumbnail","7":"category-conciertos-madrid","8":"category-eventos-madrid"},"_links":{"self":[{"href":"https:\/\/www.vidademadrid.com\/es\/wp-json\/wp\/v2\/posts\/59796","targetHints":{"allow":["GET"]}}],"collection":[{"href":"https:\/\/www.vidademadrid.com\/es\/wp-json\/wp\/v2\/posts"}],"about":[{"href":"https:\/\/www.vidademadrid.com\/es\/wp-json\/wp\/v2\/types\/post"}],"author":[{"embeddable":true,"href":"https:\/\/www.vidademadrid.com\/es\/wp-json\/wp\/v2\/users\/15"}],"replies":[{"embeddable":true,"href":"https:\/\/www.vidademadrid.com\/es\/wp-json\/wp\/v2\/comments?post=59796"}],"version-history":[{"count":5,"href":"https:\/\/www.vidademadrid.com\/es\/wp-json\/wp\/v2\/posts\/59796\/revisions"}],"predecessor-version":[{"id":60234,"href":"https:\/\/www.vidademadrid.com\/es\/wp-json\/wp\/v2\/posts\/59796\/revisions\/60234"}],"wp:featuredmedia":[{"embeddable":true,"href":"https:\/\/www.vidademadrid.com\/es\/wp-json\/wp\/v2\/media\/59797"}],"wp:attachment":[{"href":"https:\/\/www.vidademadrid.com\/es\/wp-json\/wp\/v2\/media?parent=59796"}],"wp:term":[{"taxonomy":"category","embeddable":true,"href":"https:\/\/www.vidademadrid.com\/es\/wp-json\/wp\/v2\/categories?post=59796"},{"taxonomy":"post_tag","embeddable":true,"href":"https:\/\/www.vidademadrid.com\/es\/wp-json\/wp\/v2\/tags?post=59796"}],"curies":[{"name":"wp","href":"https:\/\/api.w.org\/{rel}","templated":true}]}}