{"id":59662,"date":"2025-06-26T23:03:52","date_gmt":"2025-06-26T21:03:52","guid":{"rendered":"https:\/\/www.vidademadrid.com\/es\/?p=59662"},"modified":"2025-06-27T11:44:11","modified_gmt":"2025-06-27T09:44:11","slug":"planes-para-este-fin-de-semana-27-28-y-29-de-junio-de-2025","status":"publish","type":"post","link":"https:\/\/www.vidademadrid.com\/es\/59662\/planes-para-este-fin-de-semana-27-28-y-29-de-junio-de-2025\/","title":{"rendered":"Planes para este fin de semana: 27, 28, y 29 de junio de 2025"},"content":{"rendered":"<p>Como cada semana, os dejamos nuestro <strong>MEGA POST DE PLANES<\/strong> para este finde <strong>27, 28 y 29 de junio de 2025 en Madrid <\/strong>(muchos gratis): Primeras actividades por el Orgullo, cines de verano, primer festival de carnes ahumadas, fiestas de barrio, nuevas exposiciones y y m\u00e1s. Adem\u00e1s, te dejamos nuevas recomendaciones <em>foodies<\/em> diferentes para que las apuntes o vayas en cualquier momento.<\/p>\n<h2>Actividades destacadas\u00a0<\/h2>\n<h3><span class=\"OYPEnA font-feature-liga-off font-feature-clig-off font-feature-calt-off text-decoration-none text-strikethrough-none\">Orgullo de Barrio<\/span><\/h3>\n<p><span class=\"OYPEnA font-feature-liga-off font-feature-clig-off font-feature-calt-off text-decoration-none text-strikethrough-none\">Pistoletazo de salida al ambiente festivo en Chueca con a<strong>ctividades en los locales del barrio<\/strong>, una semana antes del inicio oficial del Orgullo. Y este domingo (19:00-20:30) en Plaza Pedro Zerolo <\/span><span class=\"OYPEnA font-feature-liga-off font-feature-clig-off font-feature-calt-off text-decoration-none text-strikethrough-none\">\u201cPlumas y Patitas\u201d<\/span><span class=\"OYPEnA font-feature-liga-off font-feature-clig-off font-feature-calt-off text-decoration-none text-strikethrough-none\"> con photocall, mercadillo solidario y un desfile de mascotas adoptadas. Toda la info <a href=\"https:\/\/madridorgullo.com\/eventos\/orgullo-de-barrio\/\">aqu\u00ed.<\/a>\u00a0<\/span><\/p>\n<figure id=\"attachment_22090\" aria-describedby=\"caption-attachment-22090\" style=\"width: 1200px\" class=\"wp-caption aligncenter\"><a href=\"https:\/\/www.vidademadrid.com\/es\/wp-content\/uploads\/2020\/06\/calle-ruiz-orgullo.jpg\"><img loading=\"lazy\" decoding=\"async\" class=\"size-full wp-image-22090\" src=\"https:\/\/www.vidademadrid.com\/es\/wp-content\/uploads\/2020\/06\/calle-ruiz-orgullo.jpg\" alt=\"\" width=\"1200\" height=\"600\" srcset=\"https:\/\/www.vidademadrid.com\/es\/wp-content\/uploads\/2020\/06\/calle-ruiz-orgullo.jpg 1200w, https:\/\/www.vidademadrid.com\/es\/wp-content\/uploads\/2020\/06\/calle-ruiz-orgullo-300x150.jpg 300w, https:\/\/www.vidademadrid.com\/es\/wp-content\/uploads\/2020\/06\/calle-ruiz-orgullo-768x384.jpg 768w, https:\/\/www.vidademadrid.com\/es\/wp-content\/uploads\/2020\/06\/calle-ruiz-orgullo-1024x512.jpg 1024w, https:\/\/www.vidademadrid.com\/es\/wp-content\/uploads\/2020\/06\/calle-ruiz-orgullo-696x348.jpg 696w, https:\/\/www.vidademadrid.com\/es\/wp-content\/uploads\/2020\/06\/calle-ruiz-orgullo-1068x534.jpg 1068w, https:\/\/www.vidademadrid.com\/es\/wp-content\/uploads\/2020\/06\/calle-ruiz-orgullo-840x420.jpg 840w\" sizes=\"auto, (max-width: 1200px) 100vw, 1200px\" \/><\/a><figcaption id=\"caption-attachment-22090\" class=\"wp-caption-text\">Foto: Vida de Madrid<\/figcaption><\/figure>\n<h3><span class=\"OYPEnA font-feature-liga-off font-feature-clig-off font-feature-calt-off text-decoration-none text-strikethrough-none\">Festival La Sub25<\/span><\/h3>\n<p><span class=\"OYPEnA font-feature-liga-off font-feature-clig-off font-feature-calt-off text-decoration-none text-strikethrough-none\">Quinta edici\u00f3n del festival gratuito con <strong>danza, performances, arte, circo, realidad aumentada, m\u00fasica inmersiva, sesiones de maquillaje, actividades participativas<\/strong> y m\u00e1s, para dar visibilidad al talento, la fuerza creativa y la multiculturalidad de los artistas m\u00e1s j\u00f3venes. Disponible en la Explanada Madrid R\u00edo y alrededores. Toda la info<a href=\"https:\/\/21distritos.es\/festival\/festival-la-sub25-2025\/\"> aqu\u00ed.\u00a0<\/a><\/span><\/p>\n<h3 class=\"cvGsUA direction-ltr align-center para-style-body\"><span class=\"OYPEnA font-feature-liga-off font-feature-clig-off font-feature-calt-off text-decoration-none text-strikethrough-none\">Smokeout. <\/span><span class=\"OYPEnA font-feature-liga-off font-feature-clig-off font-feature-calt-off text-decoration-none text-strikethrough-none\">Primer festival de carnes ahumadas<\/span><\/h3>\n<p><span class=\"OYPEnA font-feature-liga-off font-feature-clig-off font-feature-calt-off text-decoration-none text-strikethrough-none\">Primera edici\u00f3n de la cita que combina <strong>gastronom\u00eda, brasas, cultura BBQ, entretenimiento y m\u00fasica<\/strong>, todo en un mismo espacio y con entrada gratuita. Con los mejores restaurantes de carne ahumada del pa\u00eds: costillas, brisket, pulled pork\u2026 Podr\u00e1s disfrutar de este plan durante todo el fin de semana en la Plaza de toros San Sebasti\u00e1n de los Reyes. Toda la info <a href=\"https:\/\/www.instagram.com\/smokeout.fest\/\">aqu\u00ed.\u00a0<\/a><\/span><\/p>\n<p><em>*Plan en colaboraci\u00f3n<\/em><\/p>\n<h3>No te pierdas el plan de cines de verano\u00a0<\/h3>\n<figure id=\"attachment_43023\" aria-describedby=\"caption-attachment-43023\" style=\"width: 1200px\" class=\"wp-caption aligncenter\"><a href=\"https:\/\/www.vidademadrid.com\/es\/wp-content\/uploads\/2022\/06\/28062018-3G7A6966-min-1500x1000-1-750x500-1.jpg\"><img loading=\"lazy\" decoding=\"async\" class=\"size-full wp-image-43023\" src=\"https:\/\/www.vidademadrid.com\/es\/wp-content\/uploads\/2022\/06\/28062018-3G7A6966-min-1500x1000-1-750x500-1.jpg\" alt=\"\" width=\"1200\" height=\"600\" srcset=\"https:\/\/www.vidademadrid.com\/es\/wp-content\/uploads\/2022\/06\/28062018-3G7A6966-min-1500x1000-1-750x500-1.jpg 1200w, https:\/\/www.vidademadrid.com\/es\/wp-content\/uploads\/2022\/06\/28062018-3G7A6966-min-1500x1000-1-750x500-1-300x150.jpg 300w, https:\/\/www.vidademadrid.com\/es\/wp-content\/uploads\/2022\/06\/28062018-3G7A6966-min-1500x1000-1-750x500-1-1024x512.jpg 1024w, https:\/\/www.vidademadrid.com\/es\/wp-content\/uploads\/2022\/06\/28062018-3G7A6966-min-1500x1000-1-750x500-1-768x384.jpg 768w, https:\/\/www.vidademadrid.com\/es\/wp-content\/uploads\/2022\/06\/28062018-3G7A6966-min-1500x1000-1-750x500-1-696x348.jpg 696w, https:\/\/www.vidademadrid.com\/es\/wp-content\/uploads\/2022\/06\/28062018-3G7A6966-min-1500x1000-1-750x500-1-1068x534.jpg 1068w, https:\/\/www.vidademadrid.com\/es\/wp-content\/uploads\/2022\/06\/28062018-3G7A6966-min-1500x1000-1-750x500-1-840x420.jpg 840w\" sizes=\"auto, (max-width: 1200px) 100vw, 1200px\" \/><\/a><figcaption id=\"caption-attachment-43023\" class=\"wp-caption-text\">Cine de verano Cibeles. Foto: prensa<\/figcaption><\/figure>\n<ul>\n<li><span class=\"OYPEnA font-feature-liga-off font-feature-clig-off font-feature-calt-off text-decoration-none text-strikethrough-none\"><strong>Fescinal:<\/strong> Este verano, Fescinal celebra su 40\u00ba aniversario con proyecciones de cine independiente, cine espa\u00f1ol, su ciclo de \u201cCine caliente\u201d y cl\u00e1sicos de los 80. Descubre la programaci\u00f3n para este finde<a href=\"https:\/\/www.fescinal.es\/\"> aqu\u00ed.\u00a0<\/a><\/span><\/li>\n<li><strong><span class=\"OYPEnA font-feature-liga-off font-feature-clig-off font-feature-calt-off text-decoration-none text-strikethrough-none\"><span class=\"OYPEnA font-feature-liga-off font-feature-clig-off font-feature-calt-off text-decoration-none text-strikethrough-none\">Cibeles de Cine: <\/span><\/span><\/strong>El cine de verano de Cibeles vuelve este a\u00f1o con m\u00e1s de 70 pel\u00edculas de distintos g\u00e9neros y para todos los p\u00fablicos. Se proyectar\u00e1n pel\u00edculas infantiles, estrenos, cl\u00e1sicos y pel\u00edculas de cine de culto. Descubre la programaci\u00f3n completa <a href=\"https:\/\/www.cibelesdecine.com\/es\/\">aqu\u00ed.\u00a0<\/a><\/li>\n<\/ul>\n<h3 class=\"cvGsUA direction-ltr align-center para-style-body\"><span class=\"OYPEnA font-feature-liga-off font-feature-clig-off font-feature-calt-off text-decoration-none text-strikethrough-none\">Campeonato Europeo de Atletismo <\/span><span class=\"OYPEnA font-feature-liga-off font-feature-clig-off font-feature-calt-off text-decoration-none text-strikethrough-none\">por equipos<\/span><\/h3>\n<p><span class=\"OYPEnA font-feature-liga-off font-feature-clig-off font-feature-calt-off text-decoration-none text-strikethrough-none\">Es la competici\u00f3n al aire libre m\u00e1s importante de Europa tras los Europeos individuales. Compiten 16 pa\u00edses y habr\u00e1 35 pruebas a lo largo del fin de semana. La actual campeona es la selecci\u00f3n de Italia. Espa\u00f1a tiene en su equipo 10 medallistas internacionales. Disponible en el <strong>Estadio de Vallehermoso<\/strong>. Toda la info y entradas <a href=\"https:\/\/www.esmadrid.com\/agenda\/campeonato-europa-selecciones-atletismo-estadio-vallehermoso\">aqu\u00ed.\u00a0<\/a><\/span><\/p>\n<h2>Nuevas exposiciones\u00a0<\/h2>\n<h3><span class=\"OYPEnA font-feature-liga-off font-feature-clig-off font-feature-calt-off text-decoration-none text-strikethrough-none\">Puertas abiertas Galer\u00eda de las Colecciones Reales<\/span><\/h3>\n<p><span class=\"OYPEnA font-feature-liga-off font-feature-clig-off font-feature-calt-off text-decoration-none text-strikethrough-none\">El museo celebra su 2\u00ba aniversario con <\/span><strong><span class=\"OYPEnA font-feature-liga-off font-feature-clig-off font-feature-calt-off text-decoration-none text-strikethrough-none\">acceso gratuito<\/span><\/strong><span class=\"OYPEnA font-feature-liga-off font-feature-clig-off font-feature-calt-off text-decoration-none text-strikethrough-none\"> (hasta 30\/6), y estrena la <\/span><span class=\"OYPEnA font-feature-liga-off font-feature-clig-off font-feature-calt-off text-decoration-none text-strikethrough-none\">exposici\u00f3n de <strong>tapices<\/strong><\/span><span class=\"OYPEnA font-feature-liga-off font-feature-clig-off font-feature-calt-off text-decoration-none text-strikethrough-none\"><a href=\"https:\/\/www.galeriadelascoleccionesreales.es\/exposicion\/iconografia-del-mal-tapices-de-los-pecados\/72636cda-b576-966c-9249-feb76bfdd154\"><strong> \u201cIconograf\u00eda del mal. Tapices de los pecados capitales\u201d<\/strong> <\/a>(hasta 28\/9). Y tras el cierre el 27 y 28\/6, conciertos de pago <\/span><span class=\"OYPEnA font-feature-liga-off font-feature-clig-off font-feature-calt-off text-decoration-none text-strikethrough-none\">\u201cNoches m\u00e1gicas en la Galer\u00eda\u201d<\/span><span class=\"OYPEnA font-feature-liga-off font-feature-clig-off font-feature-calt-off text-decoration-none text-strikethrough-none\">. Toda la info <a href=\"https:\/\/www.patrimonionacional.es\/actualidad\/galeria-de-las-colecciones-reales\">aqu\u00ed.\u00a0<\/a><\/span><\/p>\n<figure id=\"attachment_56628\" aria-describedby=\"caption-attachment-56628\" style=\"width: 1200px\" class=\"wp-caption aligncenter\"><a href=\"https:\/\/www.vidademadrid.com\/es\/wp-content\/uploads\/2024\/06\/Galeria-de-las-Colecciones-Reales.jpg\"><img loading=\"lazy\" decoding=\"async\" class=\"size-full wp-image-56628\" src=\"https:\/\/www.vidademadrid.com\/es\/wp-content\/uploads\/2024\/06\/Galeria-de-las-Colecciones-Reales.jpg\" alt=\"\" width=\"1200\" height=\"600\" srcset=\"https:\/\/www.vidademadrid.com\/es\/wp-content\/uploads\/2024\/06\/Galeria-de-las-Colecciones-Reales.jpg 1200w, https:\/\/www.vidademadrid.com\/es\/wp-content\/uploads\/2024\/06\/Galeria-de-las-Colecciones-Reales-300x150.jpg 300w, https:\/\/www.vidademadrid.com\/es\/wp-content\/uploads\/2024\/06\/Galeria-de-las-Colecciones-Reales-1024x512.jpg 1024w, https:\/\/www.vidademadrid.com\/es\/wp-content\/uploads\/2024\/06\/Galeria-de-las-Colecciones-Reales-768x384.jpg 768w, https:\/\/www.vidademadrid.com\/es\/wp-content\/uploads\/2024\/06\/Galeria-de-las-Colecciones-Reales-696x348.jpg 696w, https:\/\/www.vidademadrid.com\/es\/wp-content\/uploads\/2024\/06\/Galeria-de-las-Colecciones-Reales-1068x534.jpg 1068w, https:\/\/www.vidademadrid.com\/es\/wp-content\/uploads\/2024\/06\/Galeria-de-las-Colecciones-Reales-840x420.jpg 840w\" sizes=\"auto, (max-width: 1200px) 100vw, 1200px\" \/><\/a><figcaption id=\"caption-attachment-56628\" class=\"wp-caption-text\">Foto: Prensa<\/figcaption><\/figure>\n<h3><span class=\"OYPEnA font-feature-liga-off font-feature-clig-off font-feature-calt-off text-decoration-none text-strikethrough-none\">Nueva exposici\u00f3n en CentroCentro<\/span><\/h3>\n<p><span class=\"OYPEnA font-feature-liga-off font-feature-clig-off font-feature-calt-off text-decoration-none text-strikethrough-none\"><strong>\u201cTres experiencias formales\u201d<\/strong> propone una reflexi\u00f3n sobre la escultura contempor\u00e1nea, con intervenciones escult\u00f3ricas y videoinstalaci\u00f3n de tres artistas en activo: N\u00faria Fuster, Clara Montoya y Sandra Val. Entrada gratuita. Toda la info <a href=\"https:\/\/www.centrocentro.org\/exposicion\/tres-experiencias-formales\">aqu\u00ed.\u00a0<\/a><\/span><\/p>\n<h3><span class=\"OYPEnA font-feature-liga-off font-feature-clig-off font-feature-calt-off text-decoration-none text-strikethrough-none\">\u201cMadrid Icono Pop 1964-1979\u201d<\/span><\/h3>\n<p><span class=\"OYPEnA font-feature-liga-off font-feature-clig-off font-feature-calt-off text-decoration-none text-strikethrough-none\">La muestra recorre la est\u00e9tica y el esp\u00edritu de las <strong>d\u00e9cadas de los 60 y 70 a trav\u00e9s de unas 200 piezas vinculadas a la moda, la fotograf\u00eda y el cine<\/strong>. Con las im\u00e1genes del fotoperiodista Gianni Ferrari y una selecci\u00f3n de prendas y accesorios originales. Disponible de forma gratuita en el Centro El \u00c1guila cerca del metro Delicias). Toda la info<a href=\"https:\/\/www.comunidad.madrid\/actividades\/2025\/exposicion-madrid-icono-pop-1964-1979\"> aqu\u00ed.\u00a0<\/a><\/span><\/p>\n<h2>Fiestas de barrio\u00a0<\/h2>\n<h3><span class=\"OYPEnA font-feature-liga-off font-feature-clig-off font-feature-calt-off text-decoration-none text-strikethrough-none\">Fiestas de Pradolongo<\/span><\/h3>\n<p><span class=\"OYPEnA font-feature-liga-off font-feature-clig-off font-feature-calt-off text-decoration-none text-strikethrough-none\">Tras el preg\u00f3n del jueves, las fiestas principales de Usera siguen el finde con conciertos de <\/span><strong><span class=\"OYPEnA font-feature-liga-off font-feature-clig-off font-feature-calt-off text-strikethrough-none text-decoration-underline\">M\u00e4go de Oz<\/span><\/strong><span class=\"OYPEnA font-feature-liga-off font-feature-clig-off font-feature-calt-off text-strikethrough-none text-decoration-none\"> (vie, 22:30), <strong>Pol 3.14<\/strong> (s\u00e1b, 22:30) y<strong> Decai<\/strong> (dom, 22:00), actividades como fiesta de la espuma y paella popular, y cierre con <strong>fuegos artificiales<\/strong> en el lago y dj. Disponibles solo este fin de semana. Descubre la programaci\u00f3n completa <a href=\"https:\/\/www.esmadrid.com\/fiestas-usera\">aqu\u00ed.\u00a0<\/a><\/span><\/p>\n<h3><span class=\"OYPEnA font-feature-liga-off font-feature-clig-off font-feature-calt-off text-decoration-none text-strikethrough-none\">Fiestas de Vic\u00e1lvaro<\/span><\/h3>\n<p><span class=\"OYPEnA font-feature-liga-off font-feature-clig-off font-feature-calt-off text-decoration-none text-strikethrough-none\">Las fiestas de distrito tendr\u00e1n actividades en distintos espacios (como la fiesta de la espuma en El Ca\u00f1averal), mientras los conciertos principales ser\u00e1n en el recinto ferial: <strong>Dj Wally L\u00f3pez<\/strong> (vie, 22:30), <\/span><strong><span class=\"OYPEnA font-feature-liga-off font-feature-clig-off font-feature-calt-off text-strikethrough-none text-decoration-underline\">Caf\u00e9 Quijano<\/span><\/strong><span class=\"OYPEnA font-feature-liga-off font-feature-clig-off font-feature-calt-off text-strikethrough-none text-decoration-none\"> (s\u00e1b, 22:15), <strong>Dj Nano<\/strong> (s\u00e1b, 00:30). Disponibles solo este finde en el <span class=\"OYPEnA font-feature-liga-off font-feature-clig-off font-feature-calt-off text-decoration-none text-strikethrough-none\">Recinto Ferial Vic\u00e1lvaro. Programaci\u00f3n completa <a href=\"http:\/\/chrome-extension:\/\/efaidnbmnnnibpcajpcglclefindmkaj\/https:\/\/diario.madrid.es\/wp-content\/uploads\/2025\/06\/folleto-Verano-en-Vicalvaro-25-004.pdf\" data-wplink-url-error=\"true\">aqu\u00ed.\u00a0<\/a><\/span><\/span><\/p>\n<h3><span class=\"OYPEnA font-feature-liga-off font-feature-clig-off font-feature-calt-off text-decoration-none text-strikethrough-none\">Fiestas de San Pedro en Carabanchel<\/span><\/h3>\n<p><span class=\"OYPEnA font-feature-liga-off font-feature-clig-off font-feature-calt-off text-decoration-none text-strikethrough-none\">Entre las actividades de las fiestas: los <strong>tributos a Hombres G<\/strong> del grupo Voy a Pas\u00e1rmelo G (vie, 22:00) y a <strong>H\u00e9roes del Silencio<\/strong> del grupo Hechizo (s\u00e1b, 22:00), djs con m\u00fasica electr\u00f3nica y fin de fiesta el domingo con los fuegos artificiales. Disponible solo este finde en el Parque de las Cruces. Descubre la programaci\u00f3n completa <a href=\"https:\/\/diario.madrid.es\/blog\/notas-de-prensa\/carabanchel-celebra-las-fiestas-de-san-pedro-del-24-al-29-de-junio-con-la-actuacion-de-bombai\/\">aqu\u00ed.\u00a0<\/a><\/span><\/p>\n<h3><span class=\"OYPEnA font-feature-liga-off font-feature-clig-off font-feature-calt-off text-decoration-none text-strikethrough-none\">M\u00e1s fiestas<\/span><\/h3>\n<p><span class=\"OYPEnA font-feature-liga-off font-feature-clig-off font-feature-calt-off text-decoration-none text-strikethrough-none\">En Madrid capital tambi\u00e9n se celebran:\u00a0<\/span><\/p>\n<ul>\n<li><strong><span class=\"OYPEnA font-feature-liga-off font-feature-clig-off font-feature-calt-off text-decoration-none text-strikethrough-none\">Fiestas de <\/span><span class=\"OYPEnA font-feature-liga-off font-feature-clig-off font-feature-calt-off text-decoration-none text-strikethrough-none\">Entrev\u00edas<\/span><span class=\"OYPEnA font-feature-liga-off font-feature-clig-off font-feature-calt-off text-decoration-none text-strikethrough-none\"> y de <\/span><\/strong><span class=\"OYPEnA font-feature-liga-off font-feature-clig-off font-feature-calt-off text-decoration-none text-strikethrough-none\"><strong>Colonia Marconi<\/strong>. Programa completo <a href=\"https:\/\/diario.madrid.es\/blog\/notas-de-prensa\/llegan-las-fiestas-de-marconi-del-26-al-29-de-junio\/\">aqu\u00ed.\u00a0<\/a><\/span><\/li>\n<li><strong><span class=\"OYPEnA font-feature-liga-off font-feature-clig-off font-feature-calt-off text-decoration-none text-strikethrough-none\">Fiestas de San Fortunato en <\/span><\/strong><span class=\"OYPEnA font-feature-liga-off font-feature-clig-off font-feature-calt-off text-decoration-none text-strikethrough-none\"><strong>Legan\u00e9s<\/strong>. Programa completo <a href=\"http:\/\/chrome-extension:\/\/efaidnbmnnnibpcajpcglclefindmkaj\/https:\/\/www.leganes.org\/documents\/20122\/2855974\/ProgramaSanFortunato2025WEB.pdf\/03cbcd64-2823-60c9-4207-4299108b0067?t=1750069999023\" data-wplink-url-error=\"true\">aqu\u00ed.\u00a0<\/a><\/span><\/li>\n<li><strong><span class=\"OYPEnA font-feature-liga-off font-feature-clig-off font-feature-calt-off text-decoration-none text-strikethrough-none\">Fiestas de San Juan en <\/span><span class=\"OYPEnA font-feature-liga-off font-feature-clig-off font-feature-calt-off text-decoration-none text-strikethrough-none\">Patones<\/span><\/strong><span class=\"OYPEnA font-feature-liga-off font-feature-clig-off font-feature-calt-off text-decoration-none text-strikethrough-none\">. Programa completo <a href=\"http:\/\/chrome-extension:\/\/efaidnbmnnnibpcajpcglclefindmkaj\/https:\/\/www.patones.net\/achivos\/San_Juan_2025_web.pdf\" data-wplink-url-error=\"true\">aqu\u00ed.\u00a0<\/a><\/span><\/li>\n<\/ul>\n<h2>Planes de m\u00fasica y teatro<\/h2>\n<h3><span class=\"OYPEnA font-feature-liga-off font-feature-clig-off font-feature-calt-off text-decoration-none text-strikethrough-none\">Las noches cl\u00e1sicas del Olivar<\/span><\/h3>\n<p><span class=\"OYPEnA font-feature-liga-off font-feature-clig-off font-feature-calt-off text-decoration-none text-strikethrough-none\">Vuelve el ciclo de conciertos entre olivos. Este viernes <strong>viol\u00edn, violonchelo y piano<\/strong>; este s\u00e1bado <strong>orquesta de cuerda<\/strong> \u201cMadrid Artis Sinf\u00f3nica\u201d. Acceso con donativo, sin reserva, por orden de llegada hasta completar aforo. Disponible en la Fundaci\u00f3n El Olivar de Castillejo. Toda la info <a href=\"https:\/\/www.fundacionolivardecastillejo.org\/programacion.html\">aqu\u00ed.\u00a0<\/a><\/span><\/p>\n<h3><span class=\"OYPEnA font-feature-liga-off font-feature-clig-off font-feature-calt-off text-decoration-none text-strikethrough-none\">Puro Latino Fest<\/span><\/h3>\n<p class=\"cvGsUA direction-ltr align-center para-style-body\"><span class=\"OYPEnA font-feature-liga-off font-feature-clig-off font-feature-calt-off text-decoration-none text-strikethrough-none\">Festival con lo mejor del reggaeton y la m\u00fasica latina: <\/span><strong><span class=\"OYPEnA font-feature-liga-off font-feature-clig-off font-feature-calt-off text-decoration-underline text-strikethrough-none\">Bad Gyal<\/span><\/strong><span class=\"OYPEnA font-feature-liga-off font-feature-clig-off font-feature-calt-off text-strikethrough-none text-decoration-none\"><strong>, Ozuna, Juan Magan, Morad, Eladio Carri\u00f3n, RVFV, Omar Montes<\/strong> y m\u00e1s. Disponible viernes y s\u00e1bado en la <span class=\"OYPEnA font-feature-liga-off font-feature-clig-off font-feature-calt-off text-decoration-none text-strikethrough-none\">Ciudad del Rock, Arganda del Rey. Toda la info <a href=\"https:\/\/purolatino.es\/madrid\/\">aqu\u00ed.\u00a0<\/a><\/span><\/span><\/p>\n<h3><span class=\"OYPEnA font-feature-liga-off font-feature-clig-off font-feature-calt-off text-decoration-none text-strikethrough-none\">Cocoon Open Air<\/span><\/h3>\n<p><span class=\"OYPEnA font-feature-liga-off font-feature-clig-off font-feature-calt-off text-decoration-none text-strikethrough-none\">12 horas de festival para los amantes de la <strong>m\u00fasica electr\u00f3nica<\/strong>, con <\/span><span class=\"OYPEnA font-feature-liga-off font-feature-clig-off font-feature-calt-off text-strikethrough-none text-decoration-underline\">Sven V\u00e4th<\/span><span class=\"OYPEnA font-feature-liga-off font-feature-clig-off font-feature-calt-off text-strikethrough-none text-decoration-none\">, Carl Craig, Marcel Dettmann, Raresh, Raxon, y m\u00e1s. En el recinto: flamingo showers y t\u00fanel de agua. Plan disponible solo este finde en el <span class=\"OYPEnA font-feature-liga-off font-feature-clig-off font-feature-calt-off text-decoration-none text-strikethrough-none\">AutoCine Madrid. Toda la info y entradas <a href=\"https:\/\/ritas.es\/eventos\/cocoon-en-autocine-madrid-28-junio\/\">aqu\u00ed.\u00a0<\/a><\/span><\/span><\/p>\n<h3><span class=\"OYPEnA font-feature-liga-off font-feature-clig-off font-feature-calt-off text-decoration-none text-strikethrough-none\">Farruquito<\/span><\/h3>\n<p><span class=\"OYPEnA font-feature-liga-off font-feature-clig-off font-feature-calt-off text-decoration-none text-strikethrough-none\">El bailaor <strong>Juan Manuel Fern\u00e1ndez Montoya, Farruquito<\/strong>, vuelve con un espect\u00e1culo de cante y baile con un repertorio exclusivo de m\u00fasica flamenca. Disponible solo este finde en el Centro de Danza Matadero. Toda la info y entradas <a href=\"https:\/\/www.mataderomadrid.org\/programacion\/farruquito\">aqu\u00ed.\u00a0<\/a><\/span><\/p>\n<h3><span class=\"OYPEnA font-feature-liga-off font-feature-clig-off font-feature-calt-off text-decoration-none text-strikethrough-none\">VI M\u00fasica Antigua de Madrid<\/span><\/h3>\n<p><span class=\"OYPEnA font-feature-liga-off font-feature-clig-off font-feature-calt-off text-decoration-none text-strikethrough-none\">Esta edici\u00f3n se centra en la <strong>m\u00fasica del teatro barroco espa\u00f1ol<\/strong>. Seis grupos explorar\u00e1n su origen y desarrollo que trasladar\u00e1n a los asistentes a cortes, teatros y corrales del S. XVII. Disponible solo este finde en el Teatro Fern\u00e1n G\u00f3mez. Toda la info y entradas <a href=\"https:\/\/www.teatrofernangomez.es\/programacion\/vi-musica-antigua-madrid\">aqu\u00ed.\u00a0<\/a><\/span><\/p>\n<h3><span class=\"OYPEnA font-feature-liga-off font-feature-clig-off font-feature-calt-off text-decoration-none text-strikethrough-none\">Magia de G.K. Chesterton<\/span><\/h3>\n<p><span class=\"OYPEnA font-feature-liga-off font-feature-clig-off font-feature-calt-off text-decoration-none text-strikethrough-none\">Esta puesta en escena que combina comedia con romance aborda la verdad de la ciencia, pol\u00edtica, religi\u00f3n, la fantas\u00eda y el amor. Disponible hasta este domingo en el <strong>Teatro Pav\u00f3n<\/strong>. Toda la info y entradas <a href=\"https:\/\/teatromadrid.com\/espectaculo\/magia-g-k-chesterton\/\">aqu\u00ed.\u00a0<\/a><\/span><\/p>\n<h2>\u00daltima oportunidad para disfrutar de&#8230;<\/h2>\n<h3><span class=\"OYPEnA font-feature-liga-off font-feature-clig-off font-feature-calt-off text-decoration-none text-strikethrough-none\">The Friends Experience<\/span><\/h3>\n<p><span class=\"OYPEnA font-feature-liga-off font-feature-clig-off font-feature-calt-off text-decoration-none text-strikethrough-none\">Esta exposici\u00f3n inmersiva te adentrar\u00e1 en el <strong>mundo de Friends<\/strong>, una de las series de televisi\u00f3n m\u00e1s populares de la historia, con decorados creados a tama\u00f1o real, trajes y ambientes ic\u00f3nicos. Disponible en <strong>IFEMA<\/strong> solo hasta este domingo. Toda la info <a href=\"https:\/\/www.ifema.es\/the-friends-experience\">aqu\u00ed.\u00a0<\/a><\/span><\/p>\n<h3><span class=\"OYPEnA font-feature-liga-off font-feature-clig-off font-feature-calt-off text-decoration-none text-strikethrough-none\">Exposici\u00f3n Patrulla \u00c1guila<\/span><\/h3>\n<p><span class=\"OYPEnA font-feature-liga-off font-feature-clig-off font-feature-calt-off text-decoration-none text-strikethrough-none\">Esta muestra, que celebra <strong>40 a\u00f1os de la Patrulla \u00c1guila<\/strong>, tiene un recorrido interactivo que re\u00fane fotos, cuadros, v\u00eddeos, objetos, equipaciones de vuelo y maquetas. Disponible de forma gratuita en la Real Casa de Correos. Toda la info <a href=\"https:\/\/www.esmadrid.com\/agenda\/40-anos-patrulla-aguila-volar-equipo-real-casa-correos\">aqu\u00ed.\u00a0<\/a><\/span><\/p>\n<h2>Restaurantes para el finde<\/h2>\n<h3><span class=\"OYPEnA font-feature-liga-off font-feature-clig-off font-feature-calt-off text-decoration-none text-strikethrough-none\">Triperito<\/span><\/h3>\n<p><span class=\"OYPEnA font-feature-liga-off font-feature-clig-off font-feature-calt-off text-decoration-none text-strikethrough-none\">El <strong>hermano menor de Tripea<\/strong>: la apuesta por la alta cocina chifa m\u00e1s informal en el <strong>Mercado de la Paz<\/strong> con una carta canalla. Estate muy atento a nuestros IG stories para descurbrir nuestra experiencia completa.\u00a0<\/span><\/p>\n<h3><span class=\"OYPEnA font-feature-liga-off font-feature-clig-off font-feature-calt-off text-decoration-none text-strikethrough-none\">Santamar\u00eda Cocteler\u00eda<\/span><\/h3>\n<p class=\"cvGsUA direction-ltr align-center para-style-body\"><span class=\"OYPEnA font-feature-liga-off font-feature-clig-off font-feature-calt-off text-decoration-none text-strikethrough-none\">Una antigua casa de citas situada muy cerca de <strong>Gran V\u00eda<\/strong> convertida en cocteler\u00eda lanza su <strong>nueva carta \u201cMetamorfosis\u201d<\/strong> para celebrar sus 15 a\u00f1os. <\/span><span class=\"OYPEnA font-feature-liga-off font-feature-clig-off font-feature-calt-off text-decoration-none text-strikethrough-none\">Una propuesta de los 15 c\u00f3cteles m\u00e1s pedidos por los clientes entre los que podr\u00e1s encontrar su versi\u00f3n de Pisco Sour, Espresso Martini, Daikiri y m\u00e1s. Estate atento a nuestros IG stories para descubrir nuestra experiencia.\u00a0<\/span><\/p>\n<h3>\u00abPoncheese Cake\u00bb de una masterchef por tiempo limitado\u00a0<\/h3>\n<p>\u00c1ngela Gimeno, ganadora de Masterchef 12 ha reinterpretado la cl\u00e1sica <strong>tarta de queso con caramelo de Ponche Caballero<\/strong>, c\u00edtricos, almendra tostada y un toque de sal de romero, que estar\u00e1 disponible por tiempo limitado (durante los meses de verano) en la carta del local madrile\u00f1o Candela, ubicado muy cerca del metro Tirso de Molina.\u00a0<\/p>\n<h2>M\u00e1s planes\u00a0<\/h2>\n<p>Como siempre, tenemos muchas m\u00e1s propuestas de planes en Vida de Madrid. Puedes consultar el listado completo de planes\u00a0en nuestra\u00a0agenda del mes\u00a0y en el\u00a0<a href=\"http:\/\/vidademadrid.com\/planes\">especial Planes<\/a>. No te pierdas los eventos del momento en nuestras redes: puedes seguir\u00a0<a href=\"https:\/\/www.instagram.com\/VidaDeMadrid\/\">los reportajes diarios en IG Stories @vidademadrid<\/a>\u2026 y m\u00e1s contenido en\u00a0<a href=\"https:\/\/www.tiktok.com\/@vida_demadrid\">TikTok<\/a>.<\/p>\n\n\n<p><\/p>\n","protected":false},"excerpt":{"rendered":"<p>Planes para este fin de semana en Madrid: 27, 28 y 29 de junio<\/p>\n","protected":false},"author":13,"featured_media":57415,"comment_status":"open","ping_status":"open","sticky":false,"template":"","format":"standard","meta":{"footnotes":""},"categories":[187,119],"tags":[],"class_list":{"0":"post-59662","1":"post","2":"type-post","3":"status-publish","4":"format-standard","5":"has-post-thumbnail","7":"category-madrid-hoy","8":"category-portada"},"_links":{"self":[{"href":"https:\/\/www.vidademadrid.com\/es\/wp-json\/wp\/v2\/posts\/59662","targetHints":{"allow":["GET"]}}],"collection":[{"href":"https:\/\/www.vidademadrid.com\/es\/wp-json\/wp\/v2\/posts"}],"about":[{"href":"https:\/\/www.vidademadrid.com\/es\/wp-json\/wp\/v2\/types\/post"}],"author":[{"embeddable":true,"href":"https:\/\/www.vidademadrid.com\/es\/wp-json\/wp\/v2\/users\/13"}],"replies":[{"embeddable":true,"href":"https:\/\/www.vidademadrid.com\/es\/wp-json\/wp\/v2\/comments?post=59662"}],"version-history":[{"count":5,"href":"https:\/\/www.vidademadrid.com\/es\/wp-json\/wp\/v2\/posts\/59662\/revisions"}],"predecessor-version":[{"id":59719,"href":"https:\/\/www.vidademadrid.com\/es\/wp-json\/wp\/v2\/posts\/59662\/revisions\/59719"}],"wp:featuredmedia":[{"embeddable":true,"href":"https:\/\/www.vidademadrid.com\/es\/wp-json\/wp\/v2\/media\/57415"}],"wp:attachment":[{"href":"https:\/\/www.vidademadrid.com\/es\/wp-json\/wp\/v2\/media?parent=59662"}],"wp:term":[{"taxonomy":"category","embeddable":true,"href":"https:\/\/www.vidademadrid.com\/es\/wp-json\/wp\/v2\/categories?post=59662"},{"taxonomy":"post_tag","embeddable":true,"href":"https:\/\/www.vidademadrid.com\/es\/wp-json\/wp\/v2\/tags?post=59662"}],"curies":[{"name":"wp","href":"https:\/\/api.w.org\/{rel}","templated":true}]}}