{"id":59507,"date":"2025-06-02T16:13:20","date_gmt":"2025-06-02T14:13:20","guid":{"rendered":"https:\/\/www.vidademadrid.com\/es\/?p=59507"},"modified":"2025-10-04T14:46:12","modified_gmt":"2025-10-04T12:46:12","slug":"fiesta-del-cine-2025-entradas-salas-adheridas","status":"publish","type":"post","link":"https:\/\/www.vidademadrid.com\/es\/59507\/fiesta-del-cine-2025-entradas-salas-adheridas\/","title":{"rendered":"Vuelve la Fiestas del Cine con entradas a 3,50 euros"},"content":{"rendered":"<p>\u00a1La Fiesta del Cine regresa para disfrutar de la cartelera con entradas a 3,50 euros! La edici\u00f3n de junio ser\u00e1 del 2 al 5 de junio de 2025.\u00a0<\/p>\n<h2 id=\"toc_container\" class=\"no_bullets\">Fiesta del Cine 2025<\/h2>\n<p><script async=\"\" src=\"https:\/\/pagead2.googlesyndication.com\/pagead\/js\/adsbygoogle.js\"><\/script> <ins class=\"adsbygoogle\" style=\"display: block;\" data-ad-format=\"fluid\" data-ad-layout-key=\"-7f+eo+1+2-5\" data-ad-client=\"ca-pub-7450064428034605\" data-ad-slot=\"7327027071\"><\/ins><script>(adsbygoogle = window.adsbygoogle || []).push({});<\/script><\/p>\n<p>Este junio de 2025 vuelve la <strong>Fiesta del Cine,\u00a0<\/strong>el evento en el que podr\u00e1s disfrutar de las mejores pel\u00edculas con entradas a 3,50 euros. El objetivo es mostrar el agradecimiento de la industria a los espectadores que fomentan la asistencia al cine como un h\u00e1bito cultural y social.\u00a0<\/p>\n<p>Se podr\u00e1n disfrutar pel\u00edculas como Lilo &amp; Stitch, Misi\u00f3n Imposible: Sentencia final, Destino final: Lazos de sangre, La trama fenicia, Thunderbolts, Peppa Pig: la llegada del beb\u00e9, Mincraft y muchas m\u00e1s.\u00a0<\/p>\n<h2>Entradas de cine a 3,50 euros<\/h2>\n<p><script async=\"\" src=\"http s:\/\/pagead2.googlesyndication.com\/pagead\/js\/adsbygoogle.js\"><\/script> <ins class=\"adsbygoogle\" style=\"display: block; text-align: center;\" data-ad-layout=\"in-article\" data-ad-format=\"fluid\" data-ad-client=\"ca-pub-7450064428034605\" data-ad-slot=\"5670045061\"><\/ins> <script>(adsbygoogle = window.adsbygoogle || []).push({});<\/script><\/p>\n<p>La\u00a0<strong>Fiesta del Cine\u00a0<\/strong>ser\u00e1 del <strong>2<\/strong><strong> al 5 de junio. <\/strong>Las entradas se podr\u00e1n comprar a partir de ese d\u00eda en taquilla y en los quioscos situados en los halls de los cines participantes.\u00a0<\/p>\n<p>Encuentra los cines adheridos a la Fiesta del Cine en este <a href=\"https:\/\/www.fiestadelcine.com\/salas-adheridas\/\">enlace<\/a>.\u00a0<\/p>\n\n\n<p><\/p>\n","protected":false},"excerpt":{"rendered":"<p>Del 2 al 5 de junio. <\/p>\n","protected":false},"author":15,"featured_media":49114,"comment_status":"open","ping_status":"open","sticky":false,"template":"","format":"standard","meta":{"footnotes":""},"categories":[85,187,119],"tags":[],"class_list":{"0":"post-59507","1":"post","2":"type-post","3":"status-publish","4":"format-standard","5":"has-post-thumbnail","7":"category-cine-series-television","8":"category-madrid-hoy","9":"category-portada"},"_links":{"self":[{"href":"https:\/\/www.vidademadrid.com\/es\/wp-json\/wp\/v2\/posts\/59507","targetHints":{"allow":["GET"]}}],"collection":[{"href":"https:\/\/www.vidademadrid.com\/es\/wp-json\/wp\/v2\/posts"}],"about":[{"href":"https:\/\/www.vidademadrid.com\/es\/wp-json\/wp\/v2\/types\/post"}],"author":[{"embeddable":true,"href":"https:\/\/www.vidademadrid.com\/es\/wp-json\/wp\/v2\/users\/15"}],"replies":[{"embeddable":true,"href":"https:\/\/www.vidademadrid.com\/es\/wp-json\/wp\/v2\/comments?post=59507"}],"version-history":[{"count":2,"href":"https:\/\/www.vidademadrid.com\/es\/wp-json\/wp\/v2\/posts\/59507\/revisions"}],"predecessor-version":[{"id":59510,"href":"https:\/\/www.vidademadrid.com\/es\/wp-json\/wp\/v2\/posts\/59507\/revisions\/59510"}],"wp:featuredmedia":[{"embeddable":true,"href":"https:\/\/www.vidademadrid.com\/es\/wp-json\/wp\/v2\/media\/49114"}],"wp:attachment":[{"href":"https:\/\/www.vidademadrid.com\/es\/wp-json\/wp\/v2\/media?parent=59507"}],"wp:term":[{"taxonomy":"category","embeddable":true,"href":"https:\/\/www.vidademadrid.com\/es\/wp-json\/wp\/v2\/categories?post=59507"},{"taxonomy":"post_tag","embeddable":true,"href":"https:\/\/www.vidademadrid.com\/es\/wp-json\/wp\/v2\/tags?post=59507"}],"curies":[{"name":"wp","href":"https:\/\/api.w.org\/{rel}","templated":true}]}}