{"id":59504,"date":"2025-05-30T10:19:49","date_gmt":"2025-05-30T08:19:49","guid":{"rendered":"https:\/\/www.vidademadrid.com\/es\/?p=59504"},"modified":"2025-06-04T14:24:05","modified_gmt":"2025-06-04T12:24:05","slug":"la-feria-del-libro-de-madrid-declarada-bien-de-interes-cultural","status":"publish","type":"post","link":"https:\/\/www.vidademadrid.com\/es\/59504\/la-feria-del-libro-de-madrid-declarada-bien-de-interes-cultural\/","title":{"rendered":"La Feria del Libro de Madrid, declarada Bien de Inter\u00e9s Cultural"},"content":{"rendered":"<p>La&nbsp;<strong>Feria del Libro de Madrid&nbsp;<\/strong>ha sido declarada como <strong>Bien de Inter\u00e9s Cultural&nbsp;<\/strong>por la Comunidad de Madrid.&nbsp;<\/p>\n<h2>La Feria del Libro de Madrid declarada BIC&nbsp;<\/h2>\n<p><script async=\"\" src=\"https:\/\/pagead2.googlesyndication.com\/pagead\/js\/adsbygoogle.js\"><\/script> <ins class=\"adsbygoogle\" style=\"display:block\" data-ad-format=\"fluid\" data-ad-layout-key=\"-7f+eo+1+2-5\" data-ad-client=\"ca-pub-7450064428034605\" data-ad-slot=\"7327027071\"><\/ins><script>(adsbygoogle = window.adsbygoogle || []).push({});<\/script>El&nbsp;<strong>Consejo de Gobierno de la Comunidad de Madrid&nbsp;<\/strong>ha aprobado el decreto que declara&nbsp;<strong>Bien de Inter\u00e9s Cultural,&nbsp;<\/strong>la Feria del Libro de Madrid en la categor\u00eda de Patrimonio Inmaterial.&nbsp;<\/p>\n<p>Este cita literaria, que se origin\u00f3 en 1933, es uno de los encuentros m\u00e1s importantes alrededor de la literatura a nivel nacional.&nbsp;<\/p>\n<p>La declaraci\u00f3n como BIC reconoce su valor y repercusi\u00f3n econ\u00f3mica y comercial as\u00ed como su labor de fomentar la lectura y acercar la literatura a los ciudadanos.&nbsp;<\/p>\n<h2>Feria del Libro de Madrid 2025<\/h2>\n<p><script async=\"\" src=\"http s:\/\/pagead2.googlesyndication.com\/pagead\/js\/adsbygoogle.js\"><\/script> <ins class=\"adsbygoogle\" style=\"display:block; text-align:center;\" data-ad-layout=\"in-article\" data-ad-format=\"fluid\" data-ad-client=\"ca-pub-7450064428034605\" data-ad-slot=\"5670045061\"><\/ins> <script>(adsbygoogle = window.adsbygoogle || []).push({});<\/script>La 84\u00ba edici\u00f3n de la&nbsp;<strong>Feria del Libro de Madrid&nbsp;<\/strong>se podr\u00e1 visitar del 30 de mayo al 15 de junio de 2025 en el Parque del Retiro y, este a\u00f1o tiene a Nueva York como protagonista.&nbsp;<\/p>\n","protected":false},"excerpt":{"rendered":"<p>Se ha declarado en la categor\u00eda de Patrimonio Inmaterial. <\/p>\n","protected":false},"author":15,"featured_media":56489,"comment_status":"open","ping_status":"open","sticky":false,"template":"","format":"standard","meta":{"footnotes":""},"categories":[12,187],"tags":[],"class_list":{"0":"post-59504","1":"post","2":"type-post","3":"status-publish","4":"format-standard","5":"has-post-thumbnail","7":"category-actualidad-noticias-madrid","8":"category-madrid-hoy"},"_links":{"self":[{"href":"https:\/\/www.vidademadrid.com\/es\/wp-json\/wp\/v2\/posts\/59504","targetHints":{"allow":["GET"]}}],"collection":[{"href":"https:\/\/www.vidademadrid.com\/es\/wp-json\/wp\/v2\/posts"}],"about":[{"href":"https:\/\/www.vidademadrid.com\/es\/wp-json\/wp\/v2\/types\/post"}],"author":[{"embeddable":true,"href":"https:\/\/www.vidademadrid.com\/es\/wp-json\/wp\/v2\/users\/15"}],"replies":[{"embeddable":true,"href":"https:\/\/www.vidademadrid.com\/es\/wp-json\/wp\/v2\/comments?post=59504"}],"version-history":[{"count":2,"href":"https:\/\/www.vidademadrid.com\/es\/wp-json\/wp\/v2\/posts\/59504\/revisions"}],"predecessor-version":[{"id":59506,"href":"https:\/\/www.vidademadrid.com\/es\/wp-json\/wp\/v2\/posts\/59504\/revisions\/59506"}],"wp:featuredmedia":[{"embeddable":true,"href":"https:\/\/www.vidademadrid.com\/es\/wp-json\/wp\/v2\/media\/56489"}],"wp:attachment":[{"href":"https:\/\/www.vidademadrid.com\/es\/wp-json\/wp\/v2\/media?parent=59504"}],"wp:term":[{"taxonomy":"category","embeddable":true,"href":"https:\/\/www.vidademadrid.com\/es\/wp-json\/wp\/v2\/categories?post=59504"},{"taxonomy":"post_tag","embeddable":true,"href":"https:\/\/www.vidademadrid.com\/es\/wp-json\/wp\/v2\/tags?post=59504"}],"curies":[{"name":"wp","href":"https:\/\/api.w.org\/{rel}","templated":true}]}}