{"id":59450,"date":"2025-05-23T12:03:22","date_gmt":"2025-05-23T10:03:22","guid":{"rendered":"https:\/\/www.vidademadrid.com\/es\/?p=59450"},"modified":"2025-05-29T19:26:19","modified_gmt":"2025-05-29T17:26:19","slug":"bancos-libros-madrid-donde-estan-hasta-cuando-2025","status":"publish","type":"post","link":"https:\/\/www.vidademadrid.com\/es\/59450\/bancos-libros-madrid-donde-estan-hasta-cuando-2025\/","title":{"rendered":"Los libros gigantes vuelven a llenar las calles de Madrid: d\u00f3nde est\u00e1n todos los bancos y hasta cuando"},"content":{"rendered":"<p>Las calles de Madrid se volver\u00e1n a llenar de&nbsp;<strong>libros gigantes&nbsp;<\/strong>con los bancos en forma de libros que animan a los madrile\u00f1os y visitantes a pararse y disfrutar de un rato de lectura y paz. Te contamos d\u00f3nde est\u00e1n y hasta cu\u00e1ndo.&nbsp;<\/p>\n<h2>Libros gigantes en Madrid&nbsp;<\/h2>\n\n<script async=\"\" src=\"https:\/\/pagead2.googlesyndication.com\/pagead\/js\/adsbygoogle.js\"><\/script> <ins class=\"adsbygoogle\" style=\"display:block\" data-ad-format=\"fluid\" data-ad-layout-key=\"-7f+eo+1+2-5\" data-ad-client=\"ca-pub-7450064428034605\" data-ad-slot=\"7327027071\"><\/ins><script>(adsbygoogle = window.adsbygoogle || []).push({});<\/script>\n\n<p>Un a\u00f1o m\u00e1s, se han instalado&nbsp;<strong>26 bancos con forma de libros&nbsp;<\/strong>por las calles de Madrid. Estos bancos representan libros enormes de&nbsp;<strong>autores nacionales e internacionales,&nbsp;<\/strong>tanto grandes \u00e9xitos de la literatura as\u00ed como cl\u00e1sicos.&nbsp;<\/p>\n<p>El objetivo es que los viandantes conozcan las librer\u00edas de proximidad, las bibliotecas de barrio y disfruten un momento de lectura y paz. Los bancos estar\u00e1n en las calles de Madrid hasta&nbsp;<strong>el 22 de junio de 2025.&nbsp;<\/strong><\/p>\n<p>Esta iniciativa es el preludio de la 84\u00ba edici\u00f3n de la <a href=\"https:\/\/www.vidademadrid.com\/es\/59276\/feria-del-libro-de-madrid-2025-tema-fechas-horarios\/\">Feria del Libro de Madri<\/a>d que se celebrar\u00e1 del 30 de mayo al 15 de junio en el Parque del Retiro.&nbsp;<\/p>\n<h2>Aqu\u00ed est\u00e1n los bancos-libro de Madrid&nbsp;<\/h2>\n\n<script async=\"\" src=\"http s:\/\/pagead2.googlesyndication.com\/pagead\/js\/adsbygoogle.js\"><\/script> <ins class=\"adsbygoogle\" style=\"display:block; text-align:center;\" data-ad-layout=\"in-article\" data-ad-format=\"fluid\" data-ad-client=\"ca-pub-7450064428034605\" data-ad-slot=\"5670045061\"><\/ins> <script>(adsbygoogle = window.adsbygoogle || []).push({});<\/script>\n\n\n<p>Los&nbsp;<strong>26&nbsp;<\/strong>bancos-libro inspirados en autores nacionales e internacionales est\u00e1n ubicados en las plazas y calles m\u00e1s emblem\u00e1ticas de&nbsp;<strong>Centro, Chamart\u00edn, Chamber\u00ed, Fuencarral-El Pardo, Moncloa-Aravaca, Retiro, Salamanca y Tetu\u00e1n.&nbsp;<\/strong><\/p>\n<p>Las localizaciones son:&nbsp;<\/p>\n\n\n<figure class=\"wp-block-table\"><table><tbody><tr><td><strong>Ubicaci\u00f3n<\/strong><\/td><td><strong>T\u00edtulo<\/strong><\/td><td><strong>Autor<\/strong><\/td><\/tr><tr><td>Plaza de Callao<\/td><td>Redes<\/td><td>Eloy Moreno<\/td><\/tr><tr><td>Puerta de Moro<\/td><td>Jotad\u00e9<\/td><td>Santiago D\u00edaz<\/td><\/tr><tr><td>Gran V\u00eda 29 (Casa del Libro)<\/td><td>En el amor y la guerra<\/td><td>Ildelfonso Falcones<\/td><\/tr><tr><td>Gran V\u00eda &#8211; Alcal\u00e1 (Edificio Metr\u00f3polis)<\/td><td>No tengas miedo<\/td><td>Stephen King<\/td><\/tr><tr><td>Plaza de Santa Ana &#8211; Plaza del \u00c1ngel<\/td><td>La dama de la cartuja<\/td><td>Inma Aguilera<\/td><\/tr><tr><td>C\/ Huertas 71 <\/td><td>El universo amarillo<\/td><td>Albert Espinosa<\/td><\/tr><tr><td>Fuencarral con Barcel\u00f3 (junto a biblioteca Mario Vargas Llosa)<\/td><td>Powerless<\/td><td>Lauren Roberts<\/td><\/tr><tr><td>C\/ Sevilla &#8211; C\/Alcal\u00e1 (frente entrada Hotel Four Seasons)<\/td><td>El albatros negro<\/td><td>Mar\u00eda Oru\u00f1a<\/td><\/tr><tr><td>Plaza Felipe II (zona alcal\u00e1 cerca Casa del Libro)<\/td><td>Los juegos del hambre 5 <\/td><td>Suzanne Collins<\/td><\/tr><tr><td>Plaza Col\u00f3n &#8211; Biblioteca Nacional<\/td><td>El loco de Dios en el fin del mundo<\/td><td>Javier Cercas<\/td><\/tr><tr><td>Plaza de Col\u00f3n con c\/Jorge Juan<\/td><td>La diva<\/td><td>Reyes Monforte<\/td><\/tr><tr><td>Avenida Monforte de Lemos (Centro comercial La Vaguada)<\/td><td>Nos tratamos bien<\/td><td>Luc\u00eda Serrano<\/td><\/tr><tr><td>Entrada del C.C Caleido Fuencarral-El Pardo<\/td><td>Tan poca vida<\/td><td>Hanya Yanagihara<\/td><\/tr><tr><td>Plaza de la Prosperidad<\/td><td>Escuela de monstruos<\/td><td>Sally Rippin<\/td><\/tr><tr><td>Raimundo Fdez Villaverde con Cuatro Caminos<\/td><td>Goa<\/td><td>Miriam Tirado<\/td><\/tr><tr><td>Glorieta de Bilbao<\/td><td>El imb\u00e9cil va a escribir una novela <\/td><td>Juan Jos\u00e9 Mill\u00e1s<\/td><\/tr><tr><td>Plaza de Alonso Mart\u00ednez<\/td><td>La asistenta<\/td><td>Freida McFadden<\/td><\/tr><tr><td>Lateral castellana a la altura de modashipping, zona Bernab\u00e9u<\/td><td>C\u00f3mo mandar a la mierda de forma educada<\/td><td>Alba Cardalda<\/td><\/tr><tr><td>Plaza de Cuzco<\/td><td>La muy catastr\u00f3fica visita al zoo<\/td><td>Jo\u00ebl Dicker<\/td><\/tr><tr><td>Plaza de Espa\u00f1a<\/td><td>El espa\u00f1ol<\/td><td>Jorge Molist<\/td><\/tr><tr><td>Princesa 43<\/td><td>Sempiterno\/ETEREO<\/td><td>Joanna Marc\u00fas<\/td><\/tr><tr><td>Plaza Cibeles (junto a quiosco mediana)<\/td><td>Mi nombre es Emilia del Valle<\/td><td>Isabel Allende<\/td><\/tr><tr><td>Plaza de la Independencia<\/td><td>El ni\u00f1o que perdi\u00f3 la guerra<\/td><td>Julia Navarro <\/td><\/tr><tr><td>Entrada principal Feria del Libro<\/td><td>La isla de la mujer dormida<\/td><td>APR<\/td><\/tr><tr><td>Retiro cerca c\/ Ibiza<\/td><td>13 Rue del Percebe<\/td><td>Iba\u00f1ez<\/td><\/tr><tr><td>Cuesta de Moyano-Calle Atocha <\/td><td>El caballero de los siete reinos <\/td><td>George R.R. Martin<\/td><\/tr><\/tbody><\/table><\/figure>\n","protected":false},"excerpt":{"rendered":"<p>Hay 26 por toda la ciudad. <\/p>\n","protected":false},"author":15,"featured_media":56322,"comment_status":"open","ping_status":"open","sticky":false,"template":"","format":"standard","meta":{"footnotes":""},"categories":[11,111,101,187],"tags":[],"class_list":{"0":"post-59450","1":"post","2":"type-post","3":"status-publish","4":"format-standard","5":"has-post-thumbnail","7":"category-eventos-madrid","8":"category-exposiciones-madrid","9":"category-ferias-fiestas-mercados-madrid","10":"category-madrid-hoy"},"_links":{"self":[{"href":"https:\/\/www.vidademadrid.com\/es\/wp-json\/wp\/v2\/posts\/59450","targetHints":{"allow":["GET"]}}],"collection":[{"href":"https:\/\/www.vidademadrid.com\/es\/wp-json\/wp\/v2\/posts"}],"about":[{"href":"https:\/\/www.vidademadrid.com\/es\/wp-json\/wp\/v2\/types\/post"}],"author":[{"embeddable":true,"href":"https:\/\/www.vidademadrid.com\/es\/wp-json\/wp\/v2\/users\/15"}],"replies":[{"embeddable":true,"href":"https:\/\/www.vidademadrid.com\/es\/wp-json\/wp\/v2\/comments?post=59450"}],"version-history":[{"count":2,"href":"https:\/\/www.vidademadrid.com\/es\/wp-json\/wp\/v2\/posts\/59450\/revisions"}],"predecessor-version":[{"id":59452,"href":"https:\/\/www.vidademadrid.com\/es\/wp-json\/wp\/v2\/posts\/59450\/revisions\/59452"}],"wp:featuredmedia":[{"embeddable":true,"href":"https:\/\/www.vidademadrid.com\/es\/wp-json\/wp\/v2\/media\/56322"}],"wp:attachment":[{"href":"https:\/\/www.vidademadrid.com\/es\/wp-json\/wp\/v2\/media?parent=59450"}],"wp:term":[{"taxonomy":"category","embeddable":true,"href":"https:\/\/www.vidademadrid.com\/es\/wp-json\/wp\/v2\/categories?post=59450"},{"taxonomy":"post_tag","embeddable":true,"href":"https:\/\/www.vidademadrid.com\/es\/wp-json\/wp\/v2\/tags?post=59450"}],"curies":[{"name":"wp","href":"https:\/\/api.w.org\/{rel}","templated":true}]}}