{"id":59440,"date":"2025-05-22T20:15:20","date_gmt":"2025-05-22T18:15:20","guid":{"rendered":"https:\/\/www.vidademadrid.com\/es\/?p=59440"},"modified":"2025-05-26T08:47:36","modified_gmt":"2025-05-26T06:47:36","slug":"renovacion-plaza-del-rastrillo-fotos-2025","status":"publish","type":"post","link":"https:\/\/www.vidademadrid.com\/es\/59440\/renovacion-plaza-del-rastrillo-fotos-2025\/","title":{"rendered":"La plaza del Rastrillo se renovar\u00e1 y se instalar\u00e1 una fuente de cuatro metros de di\u00e1metro"},"content":{"rendered":"<p>El&nbsp;<strong>Ayuntamiento de Madrid&nbsp;<\/strong>ha dado luz verde al proyecto de remodelaci\u00f3n de la&nbsp;<strong>plaza del Rastrillo&nbsp;<\/strong>y su entorno. Se prev\u00e9 que los trabajos finalicen en la segunda mitad de 2026.&nbsp;<\/p>\n<h2>Obras de remodelaci\u00f3n en la plaza del Rastrillo&nbsp;<\/h2>\n<p><script async=\"\" src=\"https:\/\/pagead2.googlesyndication.com\/pagead\/js\/adsbygoogle.js\"><\/script> <ins class=\"adsbygoogle\" style=\"display: block;\" data-ad-format=\"fluid\" data-ad-layout-key=\"-7f+eo+1+2-5\" data-ad-client=\"ca-pub-7450064428034605\" data-ad-slot=\"7327027071\"><\/ins><script>(adsbygoogle = window.adsbygoogle || []).push({});<\/script><\/p>\n<p>La&nbsp;<strong>plaza del Rastrillo&nbsp;<\/strong>se transformar\u00e1, as\u00ed lo ha anunciado el Ayuntamiento de Madrid. El proyecto contempla la renovaci\u00f3n de los pavimentos, la instalaci\u00f3n de nuevo mobiliario urbano, la plantaci\u00f3n de 69 \u00e1rboles y m\u00e1s de 340 arbustos y la instalaci\u00f3n de <strong>una fuente ornamental de cuatro metro de di\u00e1metro.&nbsp;<\/strong><\/p>\n<p>Adem\u00e1s, se colocar\u00e1 un elemento pulverizador de agua para el verano y se mejorar\u00e1 la zona de juegos infantiles.&nbsp;<\/p>\n<p>Las obras se realizar\u00e1n en la propia plaza as\u00ed como en las calles adyacentes Esp\u00edritu Santo, Tesoro, San Andr\u00e9s y Marqu\u00e9s de Santa Ana.&nbsp;<\/p>\n<p>Se prev\u00e9 que las obras terminen durante la segunda mitad de 2026.&nbsp;<\/p>\n<h2><span style=\"color: #111111; font-family: Roboto, sans-serif; font-size: 27px;\">As\u00ed ser\u00e1 la plaza del Rastrillo tras las obras: fotos<\/span><\/h2>\n<p><script async=\"\" src=\"http s:\/\/pagead2.googlesyndication.com\/pagead\/js\/adsbygoogle.js\"><\/script> <ins class=\"adsbygoogle\" style=\"display:block; text-align:center;\" data-ad-layout=\"in-article\" data-ad-format=\"fluid\" data-ad-client=\"ca-pub-7450064428034605\" data-ad-slot=\"5670045061\"><\/ins> <script>(adsbygoogle = window.adsbygoogle || []).push({});<\/script><\/p>\n<figure style=\"width: 1500px\" class=\"wp-caption alignnone\"><img loading=\"lazy\" decoding=\"async\" src=\"https:\/\/diario.madrid.es\/wp-content\/uploads\/2025\/05\/Plaza-Rastrillo-1-1500x844.jpg\" alt=\"\" width=\"1500\" height=\"844\"><figcaption class=\"wp-caption-text\">Foto: Ayuntamiento de Madrid<\/figcaption><\/figure>\n<figure style=\"width: 1500px\" class=\"wp-caption alignnone\"><img loading=\"lazy\" decoding=\"async\" src=\"https:\/\/diario.madrid.es\/wp-content\/uploads\/2025\/05\/Plaza-Rastrillo-2-1500x844.jpg\" alt=\"\" width=\"1500\" height=\"844\"><figcaption class=\"wp-caption-text\">Foto: Ayuntamiento de Madrid<\/figcaption><\/figure>\n<figure style=\"width: 1500px\" class=\"wp-caption alignnone\"><img loading=\"lazy\" decoding=\"async\" src=\"https:\/\/diario.madrid.es\/wp-content\/uploads\/2025\/05\/Plaza-Rastrillo-3-1500x844.jpg\" alt=\"\" width=\"1500\" height=\"844\"><figcaption class=\"wp-caption-text\">Foto: Ayuntamiento de Madrid<\/figcaption><\/figure>\n","protected":false},"excerpt":{"rendered":"<p>Se plantar\u00e1n 69 \u00e1rboles y 340 arbustos. <\/p>\n","protected":false},"author":15,"featured_media":59441,"comment_status":"open","ping_status":"open","sticky":false,"template":"","format":"standard","meta":{"footnotes":""},"categories":[12,187,119],"tags":[],"class_list":{"0":"post-59440","1":"post","2":"type-post","3":"status-publish","4":"format-standard","5":"has-post-thumbnail","7":"category-actualidad-noticias-madrid","8":"category-madrid-hoy","9":"category-portada"},"_links":{"self":[{"href":"https:\/\/www.vidademadrid.com\/es\/wp-json\/wp\/v2\/posts\/59440","targetHints":{"allow":["GET"]}}],"collection":[{"href":"https:\/\/www.vidademadrid.com\/es\/wp-json\/wp\/v2\/posts"}],"about":[{"href":"https:\/\/www.vidademadrid.com\/es\/wp-json\/wp\/v2\/types\/post"}],"author":[{"embeddable":true,"href":"https:\/\/www.vidademadrid.com\/es\/wp-json\/wp\/v2\/users\/15"}],"replies":[{"embeddable":true,"href":"https:\/\/www.vidademadrid.com\/es\/wp-json\/wp\/v2\/comments?post=59440"}],"version-history":[{"count":2,"href":"https:\/\/www.vidademadrid.com\/es\/wp-json\/wp\/v2\/posts\/59440\/revisions"}],"predecessor-version":[{"id":59443,"href":"https:\/\/www.vidademadrid.com\/es\/wp-json\/wp\/v2\/posts\/59440\/revisions\/59443"}],"wp:featuredmedia":[{"embeddable":true,"href":"https:\/\/www.vidademadrid.com\/es\/wp-json\/wp\/v2\/media\/59441"}],"wp:attachment":[{"href":"https:\/\/www.vidademadrid.com\/es\/wp-json\/wp\/v2\/media?parent=59440"}],"wp:term":[{"taxonomy":"category","embeddable":true,"href":"https:\/\/www.vidademadrid.com\/es\/wp-json\/wp\/v2\/categories?post=59440"},{"taxonomy":"post_tag","embeddable":true,"href":"https:\/\/www.vidademadrid.com\/es\/wp-json\/wp\/v2\/tags?post=59440"}],"curies":[{"name":"wp","href":"https:\/\/api.w.org\/{rel}","templated":true}]}}