{"id":59409,"date":"2025-05-19T10:30:05","date_gmt":"2025-05-19T08:30:05","guid":{"rendered":"https:\/\/www.vidademadrid.com\/es\/?p=59409"},"modified":"2025-05-19T18:02:58","modified_gmt":"2025-05-19T16:02:58","slug":"obras-l5-metro-de-madrid-aeropuerto-obras-cuanto-duran","status":"publish","type":"post","link":"https:\/\/www.vidademadrid.com\/es\/59409\/obras-l5-metro-de-madrid-aeropuerto-obras-cuanto-duran\/","title":{"rendered":"Ampliaci\u00f3n L5 de Metro: comienzan las obras que conectar\u00e1n hasta el Aeropuerto de Barajas"},"content":{"rendered":"<p>Las obras de la&nbsp;<strong>l\u00ednea 5 de Metro de Madrid&nbsp;<\/strong>han comenzado y la ampliaci\u00f3n llegar\u00e1 hasta las terminales T1-T2-T3 del <strong>Aeropuerto Adolfo Su\u00e1rez Madrid-Barajas&nbsp;<\/strong>en 2027.&nbsp;<\/p>\n<h2>Arrancan las obras de ampliaci\u00f3n de la L5 de Metro&nbsp;<\/h2>\n<p><script async=\"\" src=\"https:\/\/pagead2.googlesyndication.com\/pagead\/js\/adsbygoogle.js\"><\/script> <ins class=\"adsbygoogle\" style=\"display:block\" data-ad-format=\"fluid\" data-ad-layout-key=\"-7f+eo+1+2-5\" data-ad-client=\"ca-pub-7450064428034605\" data-ad-slot=\"7327027071\"><\/ins><script>(adsbygoogle = window.adsbygoogle || []).push({});<\/script>La&nbsp;<strong>l\u00ednea 5 de Metro&nbsp;<\/strong>(Alameda de Osuna-Casa de Campo) llegar\u00e1 hasta el <strong>Aeropuerto Adolfo Su\u00e1rez Madrid-Barajas&nbsp;<\/strong>a lo largo de 2027.<\/p>\n<p>Las obras han arrancado este mismo lunes 19 de mayo, as\u00ed lo ha anunciado el consejero de Vivienda, Transportes e Infraestructuras de la Comunidad de Madrid, Jorge Rodrigo.&nbsp;<\/p>\n<p>La&nbsp;<strong>L5&nbsp;<\/strong>es la cuarta m\u00e1s utilizada de la red del suburbano y cruza la ciudad de Madrid de nordeste-sureste, con paradas en pleno centro como en Callao y Gran V\u00eda adem\u00e1s de conectar con la red de Cercan\u00edas en puntos como Acacias, Pir\u00e1mides y Aluche.&nbsp;<\/p>\n<h2>Obras de ampliaci\u00f3n de la L5 de Metro<\/h2>\n<p><script async=\"\" src=\"http s:\/\/pagead2.googlesyndication.com\/pagead\/js\/adsbygoogle.js\"><\/script> <ins class=\"adsbygoogle\" style=\"display:block; text-align:center;\" data-ad-layout=\"in-article\" data-ad-format=\"fluid\" data-ad-client=\"ca-pub-7450064428034605\" data-ad-slot=\"5670045061\"><\/ins> <script>(adsbygoogle = window.adsbygoogle || []).push({});<\/script>Las obras durar\u00e1n al menos&nbsp;<strong>36 meses&nbsp;<\/strong>y est\u00e1 previsto que la L5 llegue desde&nbsp;<strong>Alameda de Osuna&nbsp;<\/strong>hasta las terminales&nbsp;<strong>T1-T2-T3&nbsp;<\/strong>del aeropuerto en 2027.&nbsp;<\/p>\n<p>La inversi\u00f3n es de 181 millones de euros.&nbsp;<\/p>\n","protected":false},"excerpt":{"rendered":"<p>Conectar\u00e1n con el Aeropuerto a partir del 2027. <\/p>\n","protected":false},"author":15,"featured_media":54496,"comment_status":"open","ping_status":"open","sticky":false,"template":"","format":"standard","meta":{"footnotes":""},"categories":[187,119,23],"tags":[],"class_list":{"0":"post-59409","1":"post","2":"type-post","3":"status-publish","4":"format-standard","5":"has-post-thumbnail","7":"category-madrid-hoy","8":"category-portada","9":"category-transportes-huelgas-madrid"},"_links":{"self":[{"href":"https:\/\/www.vidademadrid.com\/es\/wp-json\/wp\/v2\/posts\/59409","targetHints":{"allow":["GET"]}}],"collection":[{"href":"https:\/\/www.vidademadrid.com\/es\/wp-json\/wp\/v2\/posts"}],"about":[{"href":"https:\/\/www.vidademadrid.com\/es\/wp-json\/wp\/v2\/types\/post"}],"author":[{"embeddable":true,"href":"https:\/\/www.vidademadrid.com\/es\/wp-json\/wp\/v2\/users\/15"}],"replies":[{"embeddable":true,"href":"https:\/\/www.vidademadrid.com\/es\/wp-json\/wp\/v2\/comments?post=59409"}],"version-history":[{"count":2,"href":"https:\/\/www.vidademadrid.com\/es\/wp-json\/wp\/v2\/posts\/59409\/revisions"}],"predecessor-version":[{"id":59411,"href":"https:\/\/www.vidademadrid.com\/es\/wp-json\/wp\/v2\/posts\/59409\/revisions\/59411"}],"wp:featuredmedia":[{"embeddable":true,"href":"https:\/\/www.vidademadrid.com\/es\/wp-json\/wp\/v2\/media\/54496"}],"wp:attachment":[{"href":"https:\/\/www.vidademadrid.com\/es\/wp-json\/wp\/v2\/media?parent=59409"}],"wp:term":[{"taxonomy":"category","embeddable":true,"href":"https:\/\/www.vidademadrid.com\/es\/wp-json\/wp\/v2\/categories?post=59409"},{"taxonomy":"post_tag","embeddable":true,"href":"https:\/\/www.vidademadrid.com\/es\/wp-json\/wp\/v2\/tags?post=59409"}],"curies":[{"name":"wp","href":"https:\/\/api.w.org\/{rel}","templated":true}]}}