{"id":59323,"date":"2025-05-06T11:47:37","date_gmt":"2025-05-06T09:47:37","guid":{"rendered":"https:\/\/www.vidademadrid.com\/es\/?p=59323"},"modified":"2025-05-06T12:54:38","modified_gmt":"2025-05-06T10:54:38","slug":"fiestas-san-isidro-2025-fechas-programa-cartel","status":"publish","type":"post","link":"https:\/\/www.vidademadrid.com\/es\/59323\/fiestas-san-isidro-2025-fechas-programa-cartel\/","title":{"rendered":"Fiestas de San Isidro 2025: fechas, programa y cartel"},"content":{"rendered":"<p>\u00a1Las Fiestas de San Isidro est\u00e1n muy cerca! El\u00a0<strong>Ayuntamiento de Madrid\u00a0<\/strong>ha presentado el cartel de las\u00a0<strong>fiestas patronales de la ciudad, <\/strong>en honor a San Isidro. Este a\u00f1o, las fiestas tendr\u00e1n un gran programa cultural con m\u00faltiples festejos y actividades.<\/p>\n<p>El preg\u00f3n estar\u00e1 a cargo del futbolista\u00a0<strong>Dani Carvajal\u00a0<\/strong>el 8 de mayo a las 18.30 horas en la Plaza de la Villa. Tras el preg\u00f3n habr\u00e1 un desfile de Gigantes y Cabezudos.<\/p>\n<p>Los fuegos artificiales ser\u00e1n en la Pradera de San Isidro el 15 de mayo a las 23.59 horas.<\/p>\n<h2>Fiestas de San Isidro 2025<\/h2>\n<p><script async=\"\" src=\"https:\/\/pagead2.googlesyndication.com\/pagead\/js\/adsbygoogle.js\"><\/script> <ins class=\"adsbygoogle\" style=\"display: block;\" data-ad-format=\"fluid\" data-ad-layout-key=\"-7f+eo+1+2-5\" data-ad-client=\"ca-pub-7450064428034605\" data-ad-slot=\"7327027071\"><\/ins><script>(adsbygoogle = window.adsbygoogle || []).push({});<\/script><\/p>\n<h3>Fechas<\/h3>\n<p>El d\u00eda de San Isidro se celebra el\u00a0<strong>15 de mayo\u00a0<\/strong>y las actividades para celebrar las fiestas patronales comenzar\u00e1n el\u00a0<strong>3 de mayo.\u00a0<\/strong><\/p>\n<h3>Programa<\/h3>\n<p><strong>Conciertos en la Pradera de San Isidro\u00a0<\/strong><\/p>\n<ul>\n<li><strong>S\u00e1bado 3 de mayo<\/strong>\n<ul>\n<li>20.30 horas: Melocos<\/li>\n<li>22 horas: Carlos Baute<\/li>\n<li>00:00 horas: DJ Abel The Kid<\/li>\n<\/ul>\n<\/li>\n<li><strong>Domingo 4 de mayo<\/strong>\n<ul>\n<li>20.30 horas: Funambulista<\/li>\n<li>22 horas: Efecto pasillo<\/li>\n<\/ul>\n<\/li>\n<li><strong>Lunes 5 de mayo<\/strong>\n<ul>\n<li>20 horas: Hammond York<\/li>\n<li>21.30 horas: Mar\u00eda Ruiz<\/li>\n<\/ul>\n<\/li>\n<\/ul>\n<p><strong>Conciertos y actividades en el Parque de San Isidro\u00a0<\/strong><\/p>\n<ul>\n<li><strong>Martes 6 de mayo<\/strong>\n<ul>\n<li>20 horas: Rock Hilarios &#8211; Escenario principal<\/li>\n<li>21.30 horas: Mama Chencha &#8211; Escenario principal<\/li>\n<\/ul>\n<\/li>\n<li><strong>Mi\u00e9rcoles 7 de mayo<\/strong>\n<ul>\n<li>20 horas: Varonas &#8211; Escenario principal<\/li>\n<li>21.30 horas: Toreros Muertos &#8211; Escenario principal<\/li>\n<\/ul>\n<\/li>\n<li><strong>Jueves 8 de mayo<\/strong>\n<ul>\n<li>20 horas: Ars Amandi &#8211; Escenario principal<\/li>\n<li>21.30 horas: Toundra &#8211; Escenario principal<\/li>\n<\/ul>\n<\/li>\n<li><strong>Viernes 9 de mayo<\/strong>\n<ul>\n<li>18 horas: Coral El Madro\u00f1o: zarzuelas madrile\u00f1as &#8211; Escenario castizo<\/li>\n<li>18 horas: Vagavatu &#8211; Escenario familiar<\/li>\n<li>20.30 horas: Kokoshca &#8211; Escenario principal<\/li>\n<li>22 horas: OBK &#8211; Escenario principal<\/li>\n<li>00 horas: Paco Pil &amp; Brisa Play &#8211; Escenario principal<\/li>\n<\/ul>\n<\/li>\n<li><strong>S\u00e1bado 10 de mayo<\/strong>\n<ul>\n<li>11 a 14 horas: Concurso y entrega de premios de chulapos &#8211; Escenario castizo<\/li>\n<li>12 horas: \u00d1as Teatro (espect\u00e1culo familiar) &#8211; Escenario familiar<\/li>\n<li>18 horas: Nando Caneca &#8211; Escenario familiar<\/li>\n<li>18 horas: Vig\u00fcela &#8211; Folk Castilla La Mancha &#8211; Escenario castizo<\/li>\n<li>20.30 horas: Locoplaya &#8211; Escenario principal<\/li>\n<li>22 horas. Rasel &#8211; Escenario principal<\/li>\n<li>00 horas: Lorena Castell DJ Set para se\u00f1oras &#8211; Escenario principal<\/li>\n<\/ul>\n<\/li>\n<li><strong>Domingo 11 de mayo\u00a0<\/strong>\n<ul>\n<li>12 horas: Bamb\u00fa Teatro &#8211; Escenario familiar<\/li>\n<li>12 horas: Conservatorio Mariemma &#8211; Escenario castizo<\/li>\n<li>13.30 horas: Abuelos bailongos &#8211; Escenario castizo<\/li>\n<li>17 horas: Musical de San Isidro &#8211; Escenario familiar<\/li>\n<li>18 horas: Circodromo, Menu2 &#8211; Escenario familiar<\/li>\n<li>20 horas: Gypsy Power Band &#8211; Escenario principal<\/li>\n<li>21.30 horas: La H\u00fangara &#8211; Escenario principal<\/li>\n<\/ul>\n<\/li>\n<li><strong>Lunes 12 de mayo<\/strong>\n<ul>\n<li>17.45 horas: Chotis del Centro de Mayores Municipal Roger de Flor &#8211; Escenario castizo<\/li>\n<li>18 horas: Ridikulus, magia y travesuras &#8211; Escenario familiar<\/li>\n<li>18.30 horas: Rondalla y corales &#8211; Escenario castizo<\/li>\n<li>19 horas: Yo soy Rat\u00f3n, en concierto &#8211; Escenario familiar<\/li>\n<li>20 horas: Coro Yelena Lafargue &#8211; Escenario principal<\/li>\n<li>21.30 horas: Javi Chapela &#8211; Escenario principal<\/li>\n<\/ul>\n<\/li>\n<li><strong>Martes 13 de mayo<\/strong>\n<ul>\n<li>17 a 20 horas: Bailes castizos &#8211; Escenario castizo<\/li>\n<li>18 horas: Alicia Maravillas: cantaclown &#8211; Escenario familiar<\/li>\n<li>19 horas: Guateque, con Mrs. Robinson &#8211; Escenario familiar<\/li>\n<li>20 horas: Delameseta &#8211; Escenario principal<\/li>\n<li>21.30 horas: Blackpanda &#8211; Escenario principal<\/li>\n<\/ul>\n<\/li>\n<li><strong>Mi\u00e9rcoles 14 de mayo<\/strong>\n<ul>\n<li>17 a 18.30 horas: Concurso de mantones y abanicos. Exhibici\u00f3n de chotis &#8211; Escenario castizo<\/li>\n<li>17 a 20 horas: Juegos tradicionales con la federaci\u00f3n de grupos tradicionales madrile\u00f1os &#8211; Parque de San Isidro<\/li>\n<li>19 horas: Joan S\u00e1nchez &#8211; Escenario castizo<\/li>\n<li>20.30 horas: Calequi y las Panteras &#8211; Escenario principal<\/li>\n<li>22.15 horas: Marina Carmona &#8211; Escenario principal<\/li>\n<li>00 horas: Vinila Von Bismark DJ set &#8211; Escenario principal<\/li>\n<\/ul>\n<\/li>\n<li><strong>Jueves 15 de mayo<\/strong>\n<ul>\n<li>10 a 12 horas: Pasacalles Paseo Quince de Mayo-Ermita del Santo-Animaci\u00f3n bailes &#8211; Escenario castizo<\/li>\n<li>10.15 horas: Gigantes y cabezudos &#8211; Parque de San Isidro<\/li>\n<li>12 horas: Correvedidile \u00a1\u00a1Vamos a la Verbena!! (espect\u00e1culo familiar) &#8211; Escenario familiar<\/li>\n<li>12 a 13.30 horas: Reparto de claveles y regalos &#8211; Parque de San Isidro<\/li>\n<li>17 a 18.30 horas: Bailes castizos &#8211; Escenario castizo<\/li>\n<li>17 horas: Cuentacuentos de San Isidro y Santa Mar\u00eda de la Cabeza &#8211; Escenario familiar<\/li>\n<li>18.30 horas: Meraki For Kids, en concierto &#8211; Escenario familiar<\/li>\n<li>19 horas: On Soul, en concierto &#8211; Escenario castizo<\/li>\n<li>20.30 horas: Modestia Aparte &#8211; Escenario principal<\/li>\n<li>22.30 horas: Los Manolos &#8211; Escenario principal<\/li>\n<\/ul>\n<\/li>\n<\/ul>\n<p><strong>Jard\u00edn de las Vistillas<\/strong><\/p>\n<ul>\n<li><strong>Viernes 9 de mayo<\/strong>\n<ul>\n<li>20.30 horas: Amor L\u00edquido<\/li>\n<li>22 horas: Nusar3000<\/li>\n<li>23 horas: Merca Bae DJ Set<\/li>\n<\/ul>\n<\/li>\n<li><strong>S\u00e1bado 10 de mayo<\/strong>\n<ul>\n<li>12 horas: Bailes Castizos<\/li>\n<li>18.30 horas: 45\u00ba Premios Rock Villa de Madrid<\/li>\n<li>22 horas: Guadalupe Plata<\/li>\n<li>23 horas: Ylia DJ Set<\/li>\n<\/ul>\n<\/li>\n<li><strong>Domingo 11 de mayo\u00a0<\/strong>\n<ul>\n<li>11 horas: Bailes Castizos<\/li>\n<li>20 horas: Bailes Castizos<\/li>\n<li>21 horas: Solea Morente<\/li>\n<\/ul>\n<\/li>\n<li><strong>Mi\u00e9rcoles 14 de mayo\u00a0<\/strong>\n<ul>\n<li>23 horas: Toccororo DJ Set<\/li>\n<li>22.15 horas: Marina Carmona<\/li>\n<li>00.00 horas: Vinila Von Bismack DJ Set<\/li>\n<\/ul>\n<\/li>\n<li><strong>Jueves 15 de mayo<\/strong>\n<ul>\n<li>20 horas: Olga Mar\u00eda Ramos<\/li>\n<li>21.15 horas: Mari Pepa de Chamber\u00ed<\/li>\n<\/ul>\n<\/li>\n<\/ul>\n<p><strong>Plaza Mayor<\/strong><\/p>\n<ul>\n<li><strong>Viernes 9 de mayo<\/strong>\n<ul>\n<li>20 horas: Angeles Toledano<\/li>\n<li>21.30 horas: Amistades peligrosas<\/li>\n<\/ul>\n<\/li>\n<li><strong>S\u00e1bado 10 de mayo<\/strong>\n<ul>\n<li>11.30 horas: Folclore<\/li>\n<li>19.30 horas: Zarzuela y Flamenco<\/li>\n<li>21.30 horas: Muchachito Bombo Infierno<\/li>\n<\/ul>\n<\/li>\n<li><strong>Domingo 11 de mayo\u00a0<\/strong>\n<ul>\n<li>11 horas: Folclore<\/li>\n<li>Concierto Vive Dial\n<ul>\n<li>19 horas: DJ Cadena Dial<\/li>\n<li>19.30 horas: Antonio Orozco<\/li>\n<li>19.50: Huecco<\/li>\n<li>20.40 horas: Conchita<\/li>\n<li>21.30 horas: David de Mar\u00eda<\/li>\n<li>22.20 horas: Merche<\/li>\n<\/ul>\n<\/li>\n<\/ul>\n<\/li>\n<li><strong>Mi\u00e9rcoles 14 de mayo<\/strong>\n<ul>\n<li>21.30 horas: Banda Sinf\u00f3nica Municipal de Madrid<\/li>\n<\/ul>\n<\/li>\n<li><strong>Jueves 15 de mayo<\/strong>\n<ul>\n<li>12 horas: Festival de Danzas Madrile\u00f1as<\/li>\n<li>19 horas: Los Brincos<\/li>\n<li>21.30 horas: La Orquesta Mondrag\u00f3n<\/li>\n<\/ul>\n<\/li>\n<\/ul>\n<p><strong>Matadero Madrid <\/strong><\/p>\n<ul>\n<li><strong>Viernes 9 de mayo<\/strong>\n<ul>\n<li>20.30 horas: Orquesta Vulkano<\/li>\n<\/ul>\n<\/li>\n<li><strong>S\u00e1bado 10 de mayo<\/strong>\n<ul>\n<li>20.30 horas: Orquesta Krypton<\/li>\n<\/ul>\n<\/li>\n<li><strong>Domingo 11 de mayo<\/strong>\n<ul>\n<li>20.30 horas: Orquesta Alaska<\/li>\n<\/ul>\n<\/li>\n<li><strong>Mi\u00e9rcoles 14 de mayo<\/strong>\n<ul>\n<li>20.30 horas: Orquesta Diamante<\/li>\n<\/ul>\n<\/li>\n<li><strong>Jueves 15 de mayo<\/strong>\n<ul>\n<li>20.30 horas: Orquesta Maremagnum<\/li>\n<\/ul>\n<\/li>\n<\/ul>\n<p><strong>Plaza de la Villa<\/strong><\/p>\n<ul>\n<li><strong>10 de mayo <\/strong>\n<ul>\n<li>11.30 horas: Desfile Gigantes y Cabezudos<\/li>\n<\/ul>\n<\/li>\n<\/ul>\n<p><strong>Real Colegiata de San Isidro\u00a0<\/strong><\/p>\n<ul>\n<li><strong>15 de mayo<\/strong>\n<ul>\n<li>19 horas: Procesi\u00f3n por las calles de Madrid<\/li>\n<\/ul>\n<\/li>\n<\/ul>\n<h3>Carteles de las Fiestas de San Isidro 2025<\/h3>\n<p><script async=\"\" src=\"http s:\/\/pagead2.googlesyndication.com\/pagead\/js\/adsbygoogle.js\"><\/script> <ins class=\"adsbygoogle\" style=\"display: block; text-align: center;\" data-ad-layout=\"in-article\" data-ad-format=\"fluid\" data-ad-client=\"ca-pub-7450064428034605\" data-ad-slot=\"5670045061\"><\/ins> <script>(adsbygoogle = window.adsbygoogle || []).push({});<\/script>Este a\u00f1o, Javier Navarrete, el Chico Llama ha hecho tres carteles distintos para las\u00a0<strong>Fiestas de San Isidro\u00a0<\/strong>con todos los elementos de las fiestas: los trajes de chulapa y chulapo, los claveles, las rosquillas y por supuesto, los gatos.<\/p>\n<figure style=\"width: 707px\" class=\"wp-caption alignnone\"><img loading=\"lazy\" decoding=\"async\" src=\"https:\/\/diario.madrid.es\/wp-content\/uploads\/2025\/04\/San-Isidro-Matadero-707x1000.jpg\" alt=\"\" width=\"707\" height=\"1000\" \/><figcaption class=\"wp-caption-text\">Foto: Ayuntamiento de Madrid\/Javier Navarrete<\/figcaption><\/figure>\n<figure style=\"width: 707px\" class=\"wp-caption alignnone\"><img loading=\"lazy\" decoding=\"async\" src=\"https:\/\/diario.madrid.es\/wp-content\/uploads\/2025\/04\/San-Isidro-pradera-Ermita-707x1000.jpg\" alt=\"\" width=\"707\" height=\"1000\" \/><figcaption class=\"wp-caption-text\">Foto: Ayuntamiento de Madrid\/Javier Navarrete<\/figcaption><\/figure>\n<figure style=\"width: 707px\" class=\"wp-caption alignnone\"><img loading=\"lazy\" decoding=\"async\" src=\"https:\/\/diario.madrid.es\/wp-content\/uploads\/2025\/04\/San-Isidro-Plaza-Mayor-707x1000.jpg\" alt=\"\" width=\"707\" height=\"1000\" \/><figcaption class=\"wp-caption-text\">Foto: Ayuntamiento de Madrid\/Javier Navarrete<\/figcaption><\/figure>\n","protected":false},"excerpt":{"rendered":"<p>\u00a1Ya conocemos el programa!<\/p>\n","protected":false},"author":15,"featured_media":56050,"comment_status":"open","ping_status":"open","sticky":false,"template":"","format":"standard","meta":{"footnotes":""},"categories":[101,187,119],"tags":[],"class_list":{"0":"post-59323","1":"post","2":"type-post","3":"status-publish","4":"format-standard","5":"has-post-thumbnail","7":"category-ferias-fiestas-mercados-madrid","8":"category-madrid-hoy","9":"category-portada"},"_links":{"self":[{"href":"https:\/\/www.vidademadrid.com\/es\/wp-json\/wp\/v2\/posts\/59323","targetHints":{"allow":["GET"]}}],"collection":[{"href":"https:\/\/www.vidademadrid.com\/es\/wp-json\/wp\/v2\/posts"}],"about":[{"href":"https:\/\/www.vidademadrid.com\/es\/wp-json\/wp\/v2\/types\/post"}],"author":[{"embeddable":true,"href":"https:\/\/www.vidademadrid.com\/es\/wp-json\/wp\/v2\/users\/15"}],"replies":[{"embeddable":true,"href":"https:\/\/www.vidademadrid.com\/es\/wp-json\/wp\/v2\/comments?post=59323"}],"version-history":[{"count":5,"href":"https:\/\/www.vidademadrid.com\/es\/wp-json\/wp\/v2\/posts\/59323\/revisions"}],"predecessor-version":[{"id":59356,"href":"https:\/\/www.vidademadrid.com\/es\/wp-json\/wp\/v2\/posts\/59323\/revisions\/59356"}],"wp:featuredmedia":[{"embeddable":true,"href":"https:\/\/www.vidademadrid.com\/es\/wp-json\/wp\/v2\/media\/56050"}],"wp:attachment":[{"href":"https:\/\/www.vidademadrid.com\/es\/wp-json\/wp\/v2\/media?parent=59323"}],"wp:term":[{"taxonomy":"category","embeddable":true,"href":"https:\/\/www.vidademadrid.com\/es\/wp-json\/wp\/v2\/categories?post=59323"},{"taxonomy":"post_tag","embeddable":true,"href":"https:\/\/www.vidademadrid.com\/es\/wp-json\/wp\/v2\/tags?post=59323"}],"curies":[{"name":"wp","href":"https:\/\/api.w.org\/{rel}","templated":true}]}}