{"id":59316,"date":"2025-04-30T11:30:30","date_gmt":"2025-04-30T09:30:30","guid":{"rendered":"https:\/\/www.vidademadrid.com\/es\/?p=59316"},"modified":"2025-05-05T08:36:12","modified_gmt":"2025-05-05T06:36:12","slug":"planes-para-el-puente-de-mayo-en-madrid-30-de-abril-1-2-3-4-de-mayo-de-2025","status":"publish","type":"post","link":"https:\/\/www.vidademadrid.com\/es\/59316\/planes-para-el-puente-de-mayo-en-madrid-30-de-abril-1-2-3-4-de-mayo-de-2025\/","title":{"rendered":"Planes para el puente de mayo en Madrid: 30 de abril, 1, 2, 3, 4 de mayo de 2025"},"content":{"rendered":"<p>Como cada semana, os dejamos nuestro <strong>MEGA POST DE PLANES<\/strong> para este <strong>puente de mayo 30 de abril, 1, 2, 3 y 4 de mayo\u00a0de 2025<\/strong>: Fiestas y actividades por el 2 de mayo, Bombastik, un videojuego a escala real para grupos, apertura nocturna del Prado, Mercado de Productores y mucho m\u00e1s. . Adem\u00e1s, te dejamos dos nuevas recomendaciones <em>foodies<\/em> diferentes para que las apuntes o vayas en cualquier momento.<\/p>\n<p>Recuerda que si descubres o haces algo que has le\u00eddo en este art\u00edculo o has visto en nuestras redes, nos encantar\u00e1 que lo compartas con nosotros \ud83d\ude42<\/p>\n<h2>Actividades destacadas<\/h2>\n<h3 class=\"cvGsUA direction-ltr align-center para-style-body\"><span class=\"OYPEnA font-feature-liga-off font-feature-clig-off font-feature-calt-off text-decoration-none text-strikethrough-none\">Fiestas del 2 de Mayo<\/span><\/h3>\n<figure id=\"attachment_56937\" aria-describedby=\"caption-attachment-56937\" style=\"width: 1200px\" class=\"wp-caption aligncenter\"><a href=\"https:\/\/www.vidademadrid.com\/es\/wp-content\/uploads\/2024\/07\/plaza-dos-de-mayo.png\"><img loading=\"lazy\" decoding=\"async\" class=\"size-full wp-image-56937\" src=\"https:\/\/www.vidademadrid.com\/es\/wp-content\/uploads\/2024\/07\/plaza-dos-de-mayo.png\" alt=\"\" width=\"1200\" height=\"600\" srcset=\"https:\/\/www.vidademadrid.com\/es\/wp-content\/uploads\/2024\/07\/plaza-dos-de-mayo.png 1200w, https:\/\/www.vidademadrid.com\/es\/wp-content\/uploads\/2024\/07\/plaza-dos-de-mayo-300x150.png 300w, https:\/\/www.vidademadrid.com\/es\/wp-content\/uploads\/2024\/07\/plaza-dos-de-mayo-1024x512.png 1024w, https:\/\/www.vidademadrid.com\/es\/wp-content\/uploads\/2024\/07\/plaza-dos-de-mayo-768x384.png 768w, https:\/\/www.vidademadrid.com\/es\/wp-content\/uploads\/2024\/07\/plaza-dos-de-mayo-696x348.png 696w, https:\/\/www.vidademadrid.com\/es\/wp-content\/uploads\/2024\/07\/plaza-dos-de-mayo-1068x534.png 1068w, https:\/\/www.vidademadrid.com\/es\/wp-content\/uploads\/2024\/07\/plaza-dos-de-mayo-840x420.png 840w\" sizes=\"auto, (max-width: 1200px) 100vw, 1200px\" \/><\/a><figcaption id=\"caption-attachment-56937\" class=\"wp-caption-text\">Foto: Vida de Madrid<\/figcaption><\/figure>\n<h4 class=\"cvGsUA direction-ltr align-center para-style-body\"><span class=\"OYPEnA font-feature-liga-off font-feature-clig-off font-feature-calt-off text-decoration-none text-strikethrough-none\">Conciertos en el Puente del Rey<\/span><\/h4>\n<p><span class=\"OYPEnA font-feature-liga-off font-feature-clig-off font-feature-calt-off text-decoration-none text-strikethrough-none\">El escenario principal de las Fiestas del 2 de Mayo de la Comunidad de Madrid estar\u00e1 este a\u00f1o en <strong>Puente del Rey: <\/strong><\/span><\/p>\n<ul>\n<li><span class=\"OYPEnA font-feature-liga-off font-feature-clig-off font-feature-calt-off text-decoration-none text-strikethrough-none\">El jueves 1 concierto de <\/span><strong><span class=\"OYPEnA font-feature-liga-off font-feature-clig-off font-feature-calt-off text-strikethrough-none text-decoration-underline\">Carolina Durante<\/span><\/strong><span class=\"OYPEnA font-feature-liga-off font-feature-clig-off font-feature-calt-off text-strikethrough-none text-decoration-none\"> (21:30). Antes, la actuaci\u00f3n de <\/span><strong><span class=\"OYPEnA font-feature-liga-off font-feature-clig-off font-feature-calt-off text-strikethrough-none text-decoration-none\">Sanguijuelas del Guadiana<\/span><\/strong><span class=\"OYPEnA font-feature-liga-off font-feature-clig-off font-feature-calt-off text-strikethrough-none text-decoration-none\"> (19:30). A las 13:00 <\/span><strong><span class=\"OYPEnA font-feature-liga-off font-feature-clig-off font-feature-calt-off text-strikethrough-none text-decoration-none\">Gala de zarzuela de la Orquesta y Coro de la Comunidad de Madrid<\/span><\/strong><span class=\"OYPEnA font-feature-liga-off font-feature-clig-off font-feature-calt-off text-strikethrough-none text-decoration-none\">.<\/span><\/li>\n<li>El viernes 2 habr\u00e1 los conciertos de <strong><span class=\"OYPEnA font-feature-liga-off font-feature-clig-off font-feature-calt-off text-decoration-none text-strikethrough-none\" style=\"color: initial;\">Maximiliano Calvo <\/span><\/strong><span class=\"OYPEnA font-feature-liga-off font-feature-clig-off font-feature-calt-off text-decoration-none text-strikethrough-none\" style=\"color: initial;\">(20:00) y <\/span><strong><span class=\"OYPEnA font-feature-liga-off font-feature-clig-off font-feature-calt-off text-decoration-none text-strikethrough-none\" style=\"color: initial;\">Camela<\/span><\/strong><span class=\"OYPEnA font-feature-liga-off font-feature-clig-off font-feature-calt-off text-decoration-none text-strikethrough-none\" style=\"color: initial;\"> (21:30). Antes, espect\u00e1culos de folclore madrile\u00f1o de la <\/span><span class=\"OYPEnA font-feature-liga-off font-feature-clig-off font-feature-calt-off text-decoration-none text-strikethrough-none\" style=\"color: initial;\">Asociaci\u00f3n de Coros y Danzas Francisco de Goya<\/span><span class=\"OYPEnA font-feature-liga-off font-feature-clig-off font-feature-calt-off text-decoration-none text-strikethrough-none\" style=\"color: initial;\"> (17:00) y de <\/span><span class=\"OYPEnA font-feature-liga-off font-feature-clig-off font-feature-calt-off text-decoration-none text-strikethrough-none\" style=\"color: initial;\">Arrabel<\/span><span class=\"OYPEnA font-feature-liga-off font-feature-clig-off font-feature-calt-off text-decoration-none text-strikethrough-none\" style=\"color: initial;\"> (17:30).<\/span><\/li>\n<\/ul>\n<p>Descubre la programaci\u00f3n completa de conciertos <a href=\"https:\/\/www.madrid.org\/fiestasdel2demayo\/2025\/puente-del-rey.html\">aqu\u00ed.\u00a0<\/a><\/p>\n<h4><span class=\"OYPEnA font-feature-liga-off font-feature-clig-off font-feature-calt-off text-decoration-none text-strikethrough-none\">M\u00e1s eventos de las Fiestas del 2 de Mayo<\/span><\/h4>\n<h5><span class=\"OYPEnA font-feature-liga-off font-feature-clig-off font-feature-calt-off text-decoration-none text-strikethrough-none\">Recreaci\u00f3n hist\u00f3rica del 2 de Mayo<\/span><\/h5>\n<p><span class=\"OYPEnA font-feature-liga-off font-feature-clig-off font-feature-calt-off text-decoration-none text-strikethrough-none\">La <strong>recreaci\u00f3n<\/strong> de la Asociaci\u00f3n hist\u00f3rico-cultural Voluntarios de Madrid 1808-1814 convoca a cientos de personas, caballos, carruajes y ca\u00f1ones en un espect\u00e1culo que recuerda el Levantamiento Popular del 2 de mayo de 1808. Ser\u00e1 a las <strong>17:30 en la Explanada de Puente del Rey. <\/strong>M\u00e1s info<a href=\"https:\/\/www.vidademadrid.com\/es\/55788\/recreacion-2-mayo-madrid-plaza-oriente-parque-retiro\/\"> aqu\u00ed.\u00a0<\/a><\/span><\/p>\n<h5><span class=\"OYPEnA font-feature-liga-off font-feature-clig-off font-feature-calt-off text-decoration-none text-strikethrough-none\">Actividades en el Parque de Santander<\/span><\/h5>\n<p><span class=\"OYPEnA font-feature-liga-off font-feature-clig-off font-feature-calt-off text-decoration-none text-strikethrough-none\">A las 12:00<\/span> <span class=\"OYPEnA font-feature-liga-off font-feature-clig-off font-feature-calt-off text-decoration-none text-strikethrough-none\">\u201cLo nuestro\u201d, espect\u00e1culo que asoma al p\u00fablico al vistoso folclore madrile\u00f1o y a las 13:00 \u201cArrabel\u201d, con melod\u00edas tradicionales de la Comunidad de Madrid. Toda la programaci\u00f3n de actividades <a href=\"https:\/\/www.madrid.org\/fiestasdel2demayo\/2025\/parque-de-santander.html\">aqu\u00ed.\u00a0<\/a><\/span><\/p>\n<h4><span class=\"OYPEnA font-feature-liga-off font-feature-clig-off font-feature-calt-off text-decoration-none text-strikethrough-none\">Fiestas autogestionadas en Malasa\u00f1a<\/span><\/h4>\n<p><span class=\"OYPEnA font-feature-liga-off font-feature-clig-off font-feature-calt-off text-decoration-none text-strikethrough-none\"><strong>17\u00aa edici\u00f3n de las fiestas del Dos de Mayo<\/strong> organizadas por los vecinos, comerciantes y colectivos aglutinados en torno a la Plataforma Maravillas: talleres, juegos, microconciertos, clases de baile, lecturas dramatizadas y m\u00e1s. Estate atento a cualquier novedad a trav\u00e9s de su <a href=\"https:\/\/x.com\/vecinmaravillas\">cuenta de X.\u00a0<\/a><\/span><\/p>\n<h4><span class=\"OYPEnA font-feature-liga-off font-feature-clig-off font-feature-calt-off text-decoration-none text-strikethrough-none\">La Fiesta de Los Mayos-La Maya<\/span><\/h4>\n<p><span class=\"OYPEnA font-feature-liga-off font-feature-clig-off font-feature-calt-off text-decoration-none text-strikethrough-none\">Esta fiesta popular consiste en celebrar la primavera a trav\u00e9s de un icono, la <strong>Maya, que preside la fiesta sentada en un trono<\/strong> que se coloca en un altar construido en el momento con materiales ef\u00edmeros. Disponible este domingo de 11h a 13h en la Plaza de Lavapi\u00e9s. M\u00e1s info <a href=\"https:\/\/www.esmadrid.com\/agenda\/fiesta-de-los-mayos-la-maya-madrid-lavapies\">aqu\u00ed.\u00a0<\/a><\/span><\/p>\n<h4><span class=\"OYPEnA font-feature-liga-off font-feature-clig-off font-feature-calt-off text-decoration-none text-strikethrough-none\">Fiestas patronales de Fuencarral<\/span><\/h4>\n<p><span class=\"OYPEnA font-feature-liga-off font-feature-clig-off font-feature-calt-off text-decoration-none text-strikethrough-none\">Terminan este fin de semana las fiestas de distrito para conmemorar a Nuestra Se\u00f1ora de Valverde: <strong>fiestas de colores, concursos, m\u00fasica en vivo y fuegos artificiales<\/strong> de cierre el viernes a las 23:00. El s\u00e1bado procesi\u00f3n a las 12:00 y a las 17:30. Disponible en el Distrito Fuencarral-El Pardo. Descubre la programaci\u00f3n completar <a href=\"https:\/\/fiestasdefuencarral.com\/\">aqu\u00ed.\u00a0<\/a><\/span><\/p>\n<h2>M\u00e1s planes<\/h2>\n<h3>Vive la experiencia Bombastik<\/h3>\n<p><a href=\"https:\/\/www.vidademadrid.com\/es\/wp-content\/uploads\/2025\/04\/493453888_122225856980199758_2644097418069981011_n.jpg\"><img loading=\"lazy\" decoding=\"async\" class=\"aligncenter size-full wp-image-59298\" src=\"https:\/\/www.vidademadrid.com\/es\/wp-content\/uploads\/2025\/04\/493453888_122225856980199758_2644097418069981011_n.jpg\" alt=\"\" width=\"1080\" height=\"720\" srcset=\"https:\/\/www.vidademadrid.com\/es\/wp-content\/uploads\/2025\/04\/493453888_122225856980199758_2644097418069981011_n.jpg 1080w, https:\/\/www.vidademadrid.com\/es\/wp-content\/uploads\/2025\/04\/493453888_122225856980199758_2644097418069981011_n-300x200.jpg 300w, https:\/\/www.vidademadrid.com\/es\/wp-content\/uploads\/2025\/04\/493453888_122225856980199758_2644097418069981011_n-1024x683.jpg 1024w, https:\/\/www.vidademadrid.com\/es\/wp-content\/uploads\/2025\/04\/493453888_122225856980199758_2644097418069981011_n-768x512.jpg 768w, https:\/\/www.vidademadrid.com\/es\/wp-content\/uploads\/2025\/04\/493453888_122225856980199758_2644097418069981011_n-696x464.jpg 696w, https:\/\/www.vidademadrid.com\/es\/wp-content\/uploads\/2025\/04\/493453888_122225856980199758_2644097418069981011_n-1068x712.jpg 1068w, https:\/\/www.vidademadrid.com\/es\/wp-content\/uploads\/2025\/04\/493453888_122225856980199758_2644097418069981011_n-630x420.jpg 630w\" sizes=\"auto, (max-width: 1080px) 100vw, 1080px\" \/><\/a><\/p>\n<p><span class=\"OYPEnA font-feature-liga-off font-feature-clig-off font-feature-calt-off text-decoration-none text-strikethrough-none\"><strong>Videojuego a escala real<\/strong>, el primero de este tipo en Espa\u00f1a, que te sumerge de lleno en una misi\u00f3n contrarreloj. Deber\u00e1s superar 5 salas hasta llegar a la prueba final y ver si eres capaz de desactivar una bomba. Ideal para grupos de entre 4 y 8 personas. Descubre nuestra experiencia completa a trav\u00e9s de nuestro <a href=\"https:\/\/www.instagram.com\/p\/DI9ZaVzNAq-\/\">reels de IG<\/a>. \u00bfSer\u00e1s capaz de desactivar la bomba?\u00a0<\/span><\/p>\n<p><em>*Plan en colaboraci\u00f3n\u00a0<\/em><\/p>\n<h3>Visita la <span class=\"OYPEnA font-feature-liga-off font-feature-clig-off font-feature-calt-off text-decoration-none text-strikethrough-none\">Feria del Libro Antiguo y de Ocasi\u00f3n<\/span><\/h3>\n<p><span class=\"OYPEnA font-feature-liga-off font-feature-clig-off font-feature-calt-off text-decoration-none text-strikethrough-none\"><strong>47\u00aa edici\u00f3n de la librer\u00eda de fondo m\u00e1s grande<\/strong> en pleno centro de Madrid (Paseo de Recoletos), con 37 librer\u00edas especializadas que ponen a la venta miles de ejemplares, desde 1 \u20ac hasta los miles de euros de aut\u00e9nticas joyas bibliogr\u00e1ficas. Preg\u00f3n por Benjam\u00edn Prado el s\u00e1bado a las 12:30. Toda la info <a href=\"https:\/\/www.esmadrid.com\/agenda\/feria-del-libro-antiguo-y-de-ocasion-paseo-de-recoletos\">aqu\u00ed.\u00a0<\/a><\/span><\/p>\n<h3><span class=\"OYPEnA font-feature-liga-off font-feature-clig-off font-feature-calt-off text-decoration-none text-strikethrough-none\">No te pierdas el Mercado Productores de Planetario<\/span><\/h3>\n<p class=\"cvGsUA direction-ltr align-center para-style-body\"><span class=\"OYPEnA font-feature-liga-off font-feature-clig-off font-feature-calt-off text-decoration-none text-strikethrough-none\">Cuenta con <strong>36 puestos de productores artesanos y ecol\u00f3gicos<\/strong> que <\/span><span class=\"OYPEnA font-feature-liga-off font-feature-clig-off font-feature-calt-off text-decoration-none text-strikethrough-none\">ofrecen sus productos directamente del productor al consumidor. <\/span><span class=\"OYPEnA font-feature-liga-off font-feature-clig-off font-feature-calt-off text-decoration-none text-strikethrough-none\">Hora del verm\u00fa a las 12:30 con m\u00fasica en vivo y mesas altas para tapear. Disponible en Av. Planetario esquina Meneses. Toda la info <a href=\"https:\/\/mercadoproductores.es\/mp-planetario\/\">aqu\u00ed.<\/a><\/span><\/p>\n<p><em>*Plan en colaboraci\u00f3n\u00a0<\/em><\/p>\n<h3><span class=\"OYPEnA font-feature-liga-off font-feature-clig-off font-feature-calt-off text-decoration-none text-strikethrough-none\">PhotoESPA\u00d1A<\/span><\/h3>\n<p><span class=\"OYPEnA font-feature-liga-off font-feature-clig-off font-feature-calt-off text-decoration-none text-strikethrough-none\">Arranca la <strong>28\u00aa edici\u00f3n del festival de fotograf\u00eda y artes visuales<\/strong>. Bajo el lema \u201cDespu\u00e9s de todo\u201d, resalta con 103 exposiciones la fotograf\u00eda como herramienta creativa ante momentos de incertidumbre.<\/span> <span class=\"OYPEnA font-feature-liga-off font-feature-clig-off font-feature-calt-off text-decoration-none text-strikethrough-none\">En el Museo de Antopolog\u00eda estreno de la expo \u201cNosce Te Ipsum\u201d de Ayana V. Jackson. Descubre todas las ubicaciones<a href=\"https:\/\/phe.es\/\"> aqu\u00ed.\u00a0<\/a><\/span><\/p>\n<h3>Visita el Prado por la noche<\/h3>\n<p><span class=\"OYPEnA font-feature-liga-off font-feature-clig-off font-feature-calt-off text-decoration-none text-strikethrough-none\">El <strong>Museo del Prado abre sus puertas de manera gratuita y nocturna<\/strong> con la oportunidad de visitar distintas zonas del Museo durante esta apertura que ser\u00e1 el s\u00e1bado 3 de mayo de 20.30h a 23.30h.\u00a0<\/span><\/p>\n<h3><span class=\"OYPEnA font-feature-liga-off font-feature-clig-off font-feature-calt-off text-decoration-none text-strikethrough-none\">Bendici\u00f3n del Agua<\/span><\/h3>\n<p class=\"cvGsUA direction-ltr align-center para-style-body\"><span class=\"OYPEnA font-feature-liga-off font-feature-clig-off font-feature-calt-off text-decoration-none text-strikethrough-none\"><strong>La Bendici\u00f3n del Agua de la Fuente de San Isidro<\/strong>, que desde el <\/span><span class=\"OYPEnA font-feature-liga-off font-feature-clig-off font-feature-calt-off text-decoration-none text-strikethrough-none\">S. XVIII y XIX ya atra\u00eda multitudes por su milagrosa agua,<\/span> <span class=\"OYPEnA font-feature-liga-off font-feature-clig-off font-feature-calt-off text-decoration-none text-strikethrough-none\">se llevar\u00e1 a cabo en preparaci\u00f3n a las Fiestas de San Isidro. Disponible este domingo a las 20h en la Fuente de San Isidro. M\u00e1s info<a href=\"https:\/\/cementeriodesanisidro.com\/2024\/04\/29\/bendicion-del-agua-de-la-fuente-de-san-isidro-2024\/\"> aqu\u00ed.<\/a>\u00a0<\/span><\/p>\n<h3><span class=\"OYPEnA font-feature-liga-off font-feature-clig-off font-feature-calt-off text-decoration-none text-strikethrough-none\">Mutua Madrid Open<\/span><\/h3>\n<p><span class=\"OYPEnA font-feature-liga-off font-feature-clig-off font-feature-calt-off text-decoration-none text-strikethrough-none\">\u00daltimos d\u00edas del <strong>principal torneo de tenis de Espa\u00f1a<\/strong>. La final femenina y la final de doble masculino est\u00e1n previstas para el s\u00e1bado, mientras la final masculina y la final de doble femenino est\u00e1n previstas para el domingo. M\u00e1s info y entradas <a href=\"https:\/\/mutuamadridopen.com\/\">aqu\u00ed.\u00a0<\/a><\/span><\/p>\n<h3><span class=\"OYPEnA font-feature-liga-off font-feature-clig-off font-feature-calt-off text-decoration-none text-strikethrough-none\">M\u00e1s fiestas y eventos en la regi\u00f3n<\/span><\/h3>\n<p class=\"cvGsUA direction-ltr align-justify para-style-body\"><span class=\"OYPEnA font-feature-liga-off font-feature-clig-off font-feature-calt-off text-decoration-none text-strikethrough-none\">Este puente de mayo hay muchas actividades en <\/span><span class=\"OYPEnA font-feature-liga-off font-feature-clig-off font-feature-calt-off text-decoration-none text-strikethrough-none\">toda la Comunidad de Madrid, como:<\/span><\/p>\n<ul>\n<li><strong><span class=\"OYPEnA font-feature-liga-off font-feature-clig-off font-feature-calt-off text-decoration-none text-strikethrough-none\">Fiestas del 2 de Mayo en <\/span><span class=\"OYPEnA font-feature-liga-off font-feature-clig-off font-feature-calt-off text-decoration-none text-strikethrough-none\">M\u00f3stoles<\/span><\/strong><span class=\"OYPEnA font-feature-liga-off font-feature-clig-off font-feature-calt-off text-decoration-none text-strikethrough-none\">, declaradas de Inter\u00e9s Tur\u00edstico Nacional, con recreaciones y mercado goyesco<\/span><\/li>\n<li><span class=\"OYPEnA font-feature-liga-off font-feature-clig-off font-feature-calt-off text-decoration-none text-strikethrough-none\"><strong>Fiesta de las Mayas y los Mayos<\/strong> (Bien de Inter\u00e9s Cultural de la Comunidad de Madrid) en <\/span><span class=\"OYPEnA font-feature-liga-off font-feature-clig-off font-feature-calt-off text-decoration-none text-strikethrough-none\">El Molar<\/span><\/li>\n<li><strong><span class=\"OYPEnA font-feature-liga-off font-feature-clig-off font-feature-calt-off text-decoration-none text-strikethrough-none\">Fiestas de San Jos\u00e9 Obrero en <\/span><span class=\"OYPEnA font-feature-liga-off font-feature-clig-off font-feature-calt-off text-decoration-none text-strikethrough-none\">Las Rozas<\/span><\/strong><\/li>\n<li><strong><span class=\"OYPEnA font-feature-liga-off font-feature-clig-off font-feature-calt-off text-decoration-none text-strikethrough-none\">Mercado y circo romano en <\/span><span class=\"OYPEnA font-feature-liga-off font-feature-clig-off font-feature-calt-off text-decoration-none text-strikethrough-none\">Alcal\u00e1 de Henares<\/span><\/strong><\/li>\n<li><strong><span class=\"OYPEnA font-feature-liga-off font-feature-clig-off font-feature-calt-off text-decoration-none text-strikethrough-none\">Gran feria medieval en <\/span><span class=\"OYPEnA font-feature-liga-off font-feature-clig-off font-feature-calt-off text-decoration-none text-strikethrough-none\">El \u00c1lamo<\/span><\/strong><\/li>\n<\/ul>\n<h2>\u00daltima oportunidad para disfrutar de&#8230;<\/h2>\n<h3><span class=\"OYPEnA font-feature-liga-off font-feature-clig-off font-feature-calt-off text-decoration-none text-strikethrough-none\">Exposici\u00f3n Andy Warhol<\/span><\/h3>\n<p class=\"cvGsUA direction-ltr align-center para-style-body\"><span class=\"OYPEnA font-feature-liga-off font-feature-clig-off font-feature-calt-off text-decoration-none text-strikethrough-none\">Esta exposici\u00f3n re\u00fane <strong>133 piezas <\/strong><\/span><span class=\"OYPEnA font-feature-liga-off font-feature-clig-off font-feature-calt-off text-decoration-none text-strikethrough-none\"><strong>que incluyen retratos, fotograf\u00edas, discos, anuncios publicitarios<\/strong> y m\u00e1s recorriendo dos d\u00e9cadas de creaciones de Warhol, centr\u00e1ndose en el p\u00f3ster y su legado. Disponible en la <strong>Fundaci\u00f3n Canal<\/strong> de forma gratuita. Toda la info <a href=\"https:\/\/www.fundacioncanal.com\/exposiciones\/andy-warhol-posters\/?utm_content=WarholSearch&amp;utm_campaign=WarholSearch&amp;utm_source=google&amp;utm_medium=Search&amp;gad_source=1&amp;gad_campaignid=22302924174&amp;gbraid=0AAAAApT705yMrkHf2YVE_HymOVeZfcyk4&amp;gclid=Cj0KCQjwlMfABhCWARIsADGXdy9qOPIFBJbZr_ZuPx8enOfCT3J8swugaav0x-btdUxdPszQMPXRNREaAvHKEALw_wcB\">aqu\u00ed.\u00a0<\/a><\/span><\/p>\n<h3><span class=\"OYPEnA font-feature-liga-off font-feature-clig-off font-feature-calt-off text-decoration-none text-strikethrough-none\">Max Ernst. Surrealismo, arte y cine<\/span><\/h3>\n<p class=\"cvGsUA direction-ltr align-center para-style-body\"><span class=\"OYPEnA font-feature-liga-off font-feature-clig-off font-feature-calt-off text-decoration-none text-strikethrough-none\">Por primera vez, la obra de Ernst se presenta <\/span><span class=\"OYPEnA font-feature-liga-off font-feature-clig-off font-feature-calt-off text-decoration-none text-strikethrough-none\">en relaci\u00f3n con el cine. La muestra combina pintura, escultura, fotograf\u00edas, collages, libros y m\u00e1s. Disponible en el C\u00edrculo de Bellas Artes. Toda la info y entradas <a href=\"https:\/\/www.circulobellasartes.com\/exposiciones\/max-ernst-surrealismo-arte-y-cine\/\">aqu\u00ed.\u00a0<\/a><\/span><\/p>\n<h3><span class=\"OYPEnA font-feature-liga-off font-feature-clig-off font-feature-calt-off text-decoration-none text-strikethrough-none\">Marina Vargas: Revelaciones<\/span><\/h3>\n<p><span class=\"OYPEnA font-feature-liga-off font-feature-clig-off font-feature-calt-off text-decoration-none text-strikethrough-none\">Esta exposici\u00f3n gira en torno al silenciamiento de las mujeres a lo largo de la historia, especialmente alrededor de los sagrado y espiritual. Disponible en el Museo Thyssen-Bornemisza. M\u00e1s info<a href=\"https:\/\/www.museothyssen.org\/exposiciones\/marina-vargas-revelaciones\"> aqu\u00ed.\u00a0<\/a><\/span><\/p>\n<h2>Restaurantes para el finde<\/h2>\n<h3><span class=\"OYPEnA font-feature-liga-off font-feature-clig-off font-feature-calt-off text-decoration-none text-strikethrough-none\">Rocacho Plaza<\/span><\/h3>\n<p class=\"cvGsUA direction-ltr align-center para-style-body\"><span class=\"OYPEnA font-feature-liga-off font-feature-clig-off font-feature-calt-off text-decoration-none text-strikethrough-none\">Muy cerca del metro Nu\u00f1ez de Balboa probamos este restaurante. Un <strong>asador<\/strong> en pleno Salamanca ofrece <strong>arroz se\u00f1oret en formato individual + champagne por 38 \u20ac <\/strong><\/span><span class=\"OYPEnA font-feature-liga-off font-feature-clig-off font-feature-calt-off text-decoration-none text-strikethrough-none\"><strong>y bravas + champagne por 18 \u20ac<\/strong>. Estate muy atento a nuestro IG para conocer de cerca nuestra experiencia completa.\u00a0<\/span><\/p>\n<h3><span class=\"OYPEnA font-feature-liga-off font-feature-clig-off font-feature-calt-off text-decoration-none text-strikethrough-none\">Maldita Gioconda<\/span><\/h3>\n<p class=\"cvGsUA direction-ltr align-center para-style-body\"><span class=\"OYPEnA font-feature-liga-off font-feature-clig-off font-feature-calt-off text-decoration-none text-strikethrough-none\"><strong>Cocteler\u00eda clandestina<\/strong> ubicada bajo las catacumbas de un <\/span><span class=\"OYPEnA font-feature-liga-off font-feature-clig-off font-feature-calt-off text-decoration-none text-strikethrough-none\">edificio del siglo XVI y muy cerca de Sol. Cuentan con afterworks y m\u00fasica en directo. Muy pronto te daremos m\u00e1s detalles a trav\u00e9s de nuestra IG stories.\u00a0<\/span><\/p>\n<h2>M\u00e1s planes<\/h2>\n<p>Como siempre, tenemos muchas m\u00e1s propuestas de planes en Vida de Madrid. Puedes consultar el listado completo de planes\u00a0en nuestra\u00a0<a href=\"https:\/\/www.vidademadrid.com\/es\/59137\/agenda-de-abril-de-2025-en-madrid-planes-y-eventos\/\">agenda del mes<\/a><a href=\"https:\/\/www.vidademadrid.com\/es\/52298\/agenda-septiembre-2023-madrid\/\">\u00a0<\/a>y en el\u00a0<a href=\"http:\/\/vidademadrid.com\/planes\">especial Planes<\/a>. No te pierdas los eventos del momento en nuestras redes: puedes seguir\u00a0<a href=\"https:\/\/www.instagram.com\/VidaDeMadrid\/\">los reportajes diarios en IG Stories @vidademadrid<\/a>\u2026 y m\u00e1s contenido en\u00a0<a href=\"https:\/\/www.tiktok.com\/@vida_demadrid\">TikTok<\/a>.<\/p>\n","protected":false},"excerpt":{"rendered":"<p> Fiestas y actividades 2 de mayo, Bombastik para grupos, apertura nocturna del Prado y mucho m\u00e1s. <\/p>\n","protected":false},"author":13,"featured_media":49910,"comment_status":"open","ping_status":"open","sticky":false,"template":"","format":"standard","meta":{"footnotes":""},"categories":[119],"tags":[],"class_list":{"0":"post-59316","1":"post","2":"type-post","3":"status-publish","4":"format-standard","5":"has-post-thumbnail","7":"category-portada"},"_links":{"self":[{"href":"https:\/\/www.vidademadrid.com\/es\/wp-json\/wp\/v2\/posts\/59316","targetHints":{"allow":["GET"]}}],"collection":[{"href":"https:\/\/www.vidademadrid.com\/es\/wp-json\/wp\/v2\/posts"}],"about":[{"href":"https:\/\/www.vidademadrid.com\/es\/wp-json\/wp\/v2\/types\/post"}],"author":[{"embeddable":true,"href":"https:\/\/www.vidademadrid.com\/es\/wp-json\/wp\/v2\/users\/13"}],"replies":[{"embeddable":true,"href":"https:\/\/www.vidademadrid.com\/es\/wp-json\/wp\/v2\/comments?post=59316"}],"version-history":[{"count":2,"href":"https:\/\/www.vidademadrid.com\/es\/wp-json\/wp\/v2\/posts\/59316\/revisions"}],"predecessor-version":[{"id":59320,"href":"https:\/\/www.vidademadrid.com\/es\/wp-json\/wp\/v2\/posts\/59316\/revisions\/59320"}],"wp:featuredmedia":[{"embeddable":true,"href":"https:\/\/www.vidademadrid.com\/es\/wp-json\/wp\/v2\/media\/49910"}],"wp:attachment":[{"href":"https:\/\/www.vidademadrid.com\/es\/wp-json\/wp\/v2\/media?parent=59316"}],"wp:term":[{"taxonomy":"category","embeddable":true,"href":"https:\/\/www.vidademadrid.com\/es\/wp-json\/wp\/v2\/categories?post=59316"},{"taxonomy":"post_tag","embeddable":true,"href":"https:\/\/www.vidademadrid.com\/es\/wp-json\/wp\/v2\/tags?post=59316"}],"curies":[{"name":"wp","href":"https:\/\/api.w.org\/{rel}","templated":true}]}}