{"id":59312,"date":"2025-04-29T10:05:25","date_gmt":"2025-04-29T08:05:25","guid":{"rendered":"https:\/\/www.vidademadrid.com\/es\/?p=59312"},"modified":"2025-04-29T10:05:28","modified_gmt":"2025-04-29T08:05:28","slug":"hoy-autobuses-emt-gratuitos","status":"publish","type":"post","link":"https:\/\/www.vidademadrid.com\/es\/59312\/hoy-autobuses-emt-gratuitos\/","title":{"rendered":"Tras apag\u00f3n, los autobuses de la EMT ser\u00e1n gratuitos este martes"},"content":{"rendered":"<p>El lunes 28 de abril, Espa\u00f1a tuvo un apag\u00f3n que dur\u00f3 en algunas zonas de Madrid hasta la medianoche y la ciudad colaps\u00f3 debido al tr\u00e1fico, a la ca\u00edda de la redes, la falta de luz y el cierre de supermercados y Metro de Madrid.&nbsp;<\/p>\n<h2>Autobuses de la EMT gratuitos<\/h2>\n<p><script async=\"\" src=\"https:\/\/pagead2.googlesyndication.com\/pagead\/js\/adsbygoogle.js\"><\/script> <ins class=\"adsbygoogle\" style=\"display:block\" data-ad-format=\"fluid\" data-ad-layout-key=\"-7f+eo+1+2-5\" data-ad-client=\"ca-pub-7450064428034605\" data-ad-slot=\"7327027071\"><\/ins><script>(adsbygoogle = window.adsbygoogle || []).push({});<\/script>Este martes, la ciudad parece recuperar la normalidad, aunque con algunos l\u00edmites, como la apertura de Metro dos horas m\u00e1s tarde de lo normal y el cierre de universidades. Para garantizar la movilidad y normalidad, el Ayuntamiento de Madrid ha anunciado que durante esta jornada los&nbsp;<strong>autobuses de la EMT ser\u00e1n gratuitos.&nbsp;<\/strong><\/p>\n<p>El alcalde de Madrid ha anunciado a trav\u00e9s de su cuenta de X, antes Twitter, que este martes seguir\u00e1 siendo una jornada complicada.&nbsp;<\/p>\n<h2>Autobuses de la EMT durante el apag\u00f3n&nbsp;<\/h2>\n<p><script async=\"\" src=\"http s:\/\/pagead2.googlesyndication.com\/pagead\/js\/adsbygoogle.js\"><\/script> <ins class=\"adsbygoogle\" style=\"display:block; text-align:center;\" data-ad-layout=\"in-article\" data-ad-format=\"fluid\" data-ad-client=\"ca-pub-7450064428034605\" data-ad-slot=\"5670045061\"><\/ins> <script>(adsbygoogle = window.adsbygoogle || []).push({});<\/script>En las horas que la ciudad estuvo sin luz, los autobuses de la EMT han jugado un papel clave para la movilidad de los ciudadanos. A pesar del tr\u00e1fico y las colas kilom\u00e9tricas en algunas de las marquesinas, el servicio de autobuses funcion\u00f3 durante todo el d\u00eda, ayudando a los ciudadanos a volver a casa o acercarse a un sitio, como la Arena Movistar, para pernoctar.&nbsp;<\/p>\n","protected":false},"excerpt":{"rendered":"<p>El servicio est\u00e1 funcionando al 100%. <\/p>\n","protected":false},"author":15,"featured_media":53990,"comment_status":"open","ping_status":"open","sticky":false,"template":"","format":"standard","meta":{"footnotes":""},"categories":[23],"tags":[],"class_list":{"0":"post-59312","1":"post","2":"type-post","3":"status-publish","4":"format-standard","5":"has-post-thumbnail","7":"category-transportes-huelgas-madrid"},"_links":{"self":[{"href":"https:\/\/www.vidademadrid.com\/es\/wp-json\/wp\/v2\/posts\/59312","targetHints":{"allow":["GET"]}}],"collection":[{"href":"https:\/\/www.vidademadrid.com\/es\/wp-json\/wp\/v2\/posts"}],"about":[{"href":"https:\/\/www.vidademadrid.com\/es\/wp-json\/wp\/v2\/types\/post"}],"author":[{"embeddable":true,"href":"https:\/\/www.vidademadrid.com\/es\/wp-json\/wp\/v2\/users\/15"}],"replies":[{"embeddable":true,"href":"https:\/\/www.vidademadrid.com\/es\/wp-json\/wp\/v2\/comments?post=59312"}],"version-history":[{"count":2,"href":"https:\/\/www.vidademadrid.com\/es\/wp-json\/wp\/v2\/posts\/59312\/revisions"}],"predecessor-version":[{"id":59314,"href":"https:\/\/www.vidademadrid.com\/es\/wp-json\/wp\/v2\/posts\/59312\/revisions\/59314"}],"wp:featuredmedia":[{"embeddable":true,"href":"https:\/\/www.vidademadrid.com\/es\/wp-json\/wp\/v2\/media\/53990"}],"wp:attachment":[{"href":"https:\/\/www.vidademadrid.com\/es\/wp-json\/wp\/v2\/media?parent=59312"}],"wp:term":[{"taxonomy":"category","embeddable":true,"href":"https:\/\/www.vidademadrid.com\/es\/wp-json\/wp\/v2\/categories?post=59312"},{"taxonomy":"post_tag","embeddable":true,"href":"https:\/\/www.vidademadrid.com\/es\/wp-json\/wp\/v2\/tags?post=59312"}],"curies":[{"name":"wp","href":"https:\/\/api.w.org\/{rel}","templated":true}]}}