{"id":59309,"date":"2025-04-28T12:28:19","date_gmt":"2025-04-28T10:28:19","guid":{"rendered":"https:\/\/www.vidademadrid.com\/es\/?p=59309"},"modified":"2025-04-28T12:28:21","modified_gmt":"2025-04-28T10:28:21","slug":"madring-circuito-gran-premio-de-espana-formula-1-obras-2025","status":"publish","type":"post","link":"https:\/\/www.vidademadrid.com\/es\/59309\/madring-circuito-gran-premio-de-espana-formula-1-obras-2025\/","title":{"rendered":"As\u00ed ser\u00e1 MADRING, el circuito del GP de F\u00f3rmula 1 en la ciudad"},"content":{"rendered":"<p>El&nbsp;<strong>Gran Premio de Espa\u00f1a de la F\u00f3rmula 1&nbsp;<\/strong>ser\u00e1 una realidad muy pronto. El acto de presentaci\u00f3n y la colocaci\u00f3n de la primera piedra ya se ha llevado a cabo por el alcalde de Madrid, Jos\u00e9 Luis Mart\u00ednez-Almeida y la presidenta de la regi\u00f3n, Isabel D\u00edaz Ayuso. El trazado tiene una longitud de 5,4 kil\u00f3metros.&nbsp;<\/p>\n<h2>As\u00ed ser\u00e1 MADRING&nbsp;<\/h2>\n<p><script async=\"\" src=\"https:\/\/pagead2.googlesyndication.com\/pagead\/js\/adsbygoogle.js\"><\/script> <ins class=\"adsbygoogle\" style=\"display:block\" data-ad-format=\"fluid\" data-ad-layout-key=\"-7f+eo+1+2-5\" data-ad-client=\"ca-pub-7450064428034605\" data-ad-slot=\"7327027071\"><\/ins><script>(adsbygoogle = window.adsbygoogle || []).push({});<\/script>El circuito MADRING acoger\u00e1 el GP de Espa\u00f1a de F\u00f3rmula 1 entre el 2026 y el 2035 tendr\u00e1 5,4 kil\u00f3metros de longitud y 22 curvas, una de ellas <em>La Monumental <\/em>tendr\u00e1 un peralte del 24%, que discurrir\u00e1n alrededor de IFEMA y en terrenos de Valdebebas.&nbsp;<\/p>\n<p>El tiempo estimado de vuelta ser\u00e1 de 1 minuto y 32 segundos y se realizar\u00e1n 57 vueltas por los pilotos. El trazado finalizar\u00e1 en las cercan\u00edas del&nbsp;<strong>Parque Juan Carlos I.&nbsp;<\/strong><\/p>\n<p><strong>Carlos Sainz Jr.,&nbsp;<\/strong>piloto de Ferrari, y su padre, m\u00faltiple campe\u00f3n de <strong>Dakar,<\/strong> acompa\u00f1aron a las autoridades correspondientes en el evento que daba el pistoletazo de salida a las obras en IFEMA.&nbsp;<\/p>\n<p>El&nbsp;<strong>Gran Premio de Madrid&nbsp;<\/strong>ser\u00e1 el primero que se desarrolle en una gran capital europea.&nbsp;<\/p>\n<h2>Obras de la F1 en Madrid&nbsp;<\/h2>\n<p><script async=\"\" src=\"http s:\/\/pagead2.googlesyndication.com\/pagead\/js\/adsbygoogle.js\"><\/script> <ins class=\"adsbygoogle\" style=\"display:block; text-align:center;\" data-ad-layout=\"in-article\" data-ad-format=\"fluid\" data-ad-client=\"ca-pub-7450064428034605\" data-ad-slot=\"5670045061\"><\/ins> <script>(adsbygoogle = window.adsbygoogle || []).push({});<\/script>Las obras de MADRING comienza de manera oficial este lunes 28 de abril.&nbsp;<\/p>\n","protected":false},"excerpt":{"rendered":"<p>El GP estar\u00e1 en Madrid entre el 2026 y 2035. <\/p>\n","protected":false},"author":15,"featured_media":59310,"comment_status":"open","ping_status":"open","sticky":false,"template":"","format":"standard","meta":{"footnotes":""},"categories":[78,119],"tags":[],"class_list":{"0":"post-59309","1":"post","2":"type-post","3":"status-publish","4":"format-standard","5":"has-post-thumbnail","7":"category-deporte","8":"category-portada"},"_links":{"self":[{"href":"https:\/\/www.vidademadrid.com\/es\/wp-json\/wp\/v2\/posts\/59309","targetHints":{"allow":["GET"]}}],"collection":[{"href":"https:\/\/www.vidademadrid.com\/es\/wp-json\/wp\/v2\/posts"}],"about":[{"href":"https:\/\/www.vidademadrid.com\/es\/wp-json\/wp\/v2\/types\/post"}],"author":[{"embeddable":true,"href":"https:\/\/www.vidademadrid.com\/es\/wp-json\/wp\/v2\/users\/15"}],"replies":[{"embeddable":true,"href":"https:\/\/www.vidademadrid.com\/es\/wp-json\/wp\/v2\/comments?post=59309"}],"version-history":[{"count":1,"href":"https:\/\/www.vidademadrid.com\/es\/wp-json\/wp\/v2\/posts\/59309\/revisions"}],"predecessor-version":[{"id":59311,"href":"https:\/\/www.vidademadrid.com\/es\/wp-json\/wp\/v2\/posts\/59309\/revisions\/59311"}],"wp:featuredmedia":[{"embeddable":true,"href":"https:\/\/www.vidademadrid.com\/es\/wp-json\/wp\/v2\/media\/59310"}],"wp:attachment":[{"href":"https:\/\/www.vidademadrid.com\/es\/wp-json\/wp\/v2\/media?parent=59309"}],"wp:term":[{"taxonomy":"category","embeddable":true,"href":"https:\/\/www.vidademadrid.com\/es\/wp-json\/wp\/v2\/categories?post=59309"},{"taxonomy":"post_tag","embeddable":true,"href":"https:\/\/www.vidademadrid.com\/es\/wp-json\/wp\/v2\/tags?post=59309"}],"curies":[{"name":"wp","href":"https:\/\/api.w.org\/{rel}","templated":true}]}}