{"id":59292,"date":"2025-04-25T12:49:31","date_gmt":"2025-04-25T10:49:31","guid":{"rendered":"https:\/\/www.vidademadrid.com\/es\/?p=59292"},"modified":"2025-04-25T12:49:33","modified_gmt":"2025-04-25T10:49:33","slug":"maraton-madrid-2025-cortes-de-trafico-lineas-autobus-afectadas-horario","status":"publish","type":"post","link":"https:\/\/www.vidademadrid.com\/es\/59292\/maraton-madrid-2025-cortes-de-trafico-lineas-autobus-afectadas-horario\/","title":{"rendered":"Marat\u00f3n de Madrid 2025: cortes de tr\u00e1ficos, l\u00edneas de autob\u00fas afectadas y horario"},"content":{"rendered":"<p>Este&nbsp;<strong>domingo 27&nbsp;<\/strong>se celebrar\u00e1 el&nbsp;<strong>Marat\u00f3n de Madrid,&nbsp;<\/strong>un evento que tendr\u00e1 tres distancias y que recorrer\u00e1 los puntos m\u00e1s emblem\u00e1ticos de la ciudad y causar\u00e1 cortes en el tr\u00e1fico y modificaciones en el transporte p\u00fablico. Te contamos toda la informaci\u00f3n en este art\u00edculo.&nbsp;<\/p>\n<h2>Media Marat\u00f3n de Madrid 2025&nbsp;<\/h2>\n<p><script async=\"\" src=\"https:\/\/pagead2.googlesyndication.com\/pagead\/js\/adsbygoogle.js\"><\/script> <ins class=\"adsbygoogle\" style=\"display:block\" data-ad-format=\"fluid\" data-ad-layout-key=\"-7f+eo+1+2-5\" data-ad-client=\"ca-pub-7450064428034605\" data-ad-slot=\"7327027071\"><\/ins><script>(adsbygoogle = window.adsbygoogle || []).push({});<\/script>La&nbsp;<strong>47\u00ba edici\u00f3n del Zurich Rock &#8216;n&#8217; Roll Running Series Madrid&nbsp;<\/strong>se llevar\u00e1 a cabo este domingo y 45 mil corredores participar\u00e1n en las tres distancias posibles:&nbsp;<strong>marat\u00f3n, media marat\u00f3n y 10 kil\u00f3metros.&nbsp;<\/strong><\/p>\n<p>Los horarios del corte ser\u00e1n desde las 7.45 horas y el cierre de meta ser\u00e1 a las 16.05 horas.&nbsp;<\/p>\n<p>Se recomienda a los madrile\u00f1os evitar el centro de la ciudad y moverse en Metro.&nbsp;<\/p>\n<h2>Recorrido del Marat\u00f3n de Madrid 2025<\/h2>\n<p><script async=\"\" src=\"http s:\/\/pagead2.googlesyndication.com\/pagead\/js\/adsbygoogle.js\"><\/script> <ins class=\"adsbygoogle\" style=\"display:block; text-align:center;\" data-ad-layout=\"in-article\" data-ad-format=\"fluid\" data-ad-client=\"ca-pub-7450064428034605\" data-ad-slot=\"5670045061\"><\/ins> <script>(adsbygoogle = window.adsbygoogle || []).push({});<\/script>La carrera comenzar\u00e1 en la&nbsp;<strong>Plaza de Gregorio Mara\u00f1\u00f3n&nbsp;<\/strong>(Paseo de la Castellana) y finalizar\u00e1 en el&nbsp;<strong>Paseo de los Recoletos.&nbsp;<\/strong><\/p>\n<p>El 10K saldr\u00e1 a las 8 horas y el Marat\u00f3n y Media Marat\u00f3n saldr\u00e1 a las 9 horas.&nbsp;<\/p>\n<p>El recorrido pasar\u00e1 por los siguientes puntos:<\/p>\n<ul>\n<li>Paseo de la Castellana<\/li>\n<li>Bravo Murillo, Glorieta de Cuatro Caminos, Raimundo Fern\u00e1ndez Villaverde, Joaqu\u00edn Costa<\/li>\n<li>Plaza de la Rep\u00fablica Argentina, Vel\u00e1zquez, Diego de Le\u00f3n, Francisco Silvela, t\u00fanel de Manuel Becerra, Doctor Esquerdo, O&#8217;Donnell, Goya, Serrano, Pr\u00edncipe de Vergara<\/li>\n<li>Paseo de Eduardo Dato, Glorieta de Rub\u00e9n Dar\u00edo, Luchana, Glorieta de Bilbao, Carranza, San Bernardo, Glorieta de Ruiz Jim\u00e9nez<\/li>\n<li>Gran V\u00eda, Plaza del Callao, Preciados, Puerta del Sol, Carrera de San Jer\u00f3nimo, Plaza de Neptuno, Calle Mayor, Bail\u00e9n, Plaza de Espa\u00f1a, Princesa, Marqu\u00e9s de Urquijo, Ferraz<\/li>\n<li>Paseo de Moret, Pintor Rosales, Camoens, Puente de los Franceses, Avenida de Valladolid, Paseo de la Florida, Glorieta de San Vicente, Puente del Rey, Paseo del Embarcadero y viales interiores de la Casa de Campo&nbsp;<\/li>\n<li>Glorieta de los Patines, Paseo de la Puerta del \u00c1ngel, Avenida de Portugal, Paseo de Marqu\u00e9s de Monistrol, Paseo de la Ermita del Santo, Puente de San Isidro, Paseo de los Melanc\u00f3licos, San Alejandro, Paseo Virgen del Puerto, calle y Ronda de Segovia<\/li>\n<li>Paseo Imperial, Plaza de Francisco Morano, Paseo de Doctor Vallejo N\u00e1jera, Glorieta de Santa Mar\u00eda de la Cabeza, Ferrocarril, Bustamante, M\u00e9ndez \u00c1lvaro<\/li>\n<li>Plaza del Emperador Carlos V, Paseo del Prado, Plaza de Cibeles y regreso al Paseo de Recoletos.&nbsp;<\/li>\n<\/ul>\n<h2>Cortes de tr\u00e1fico<\/h2>\n<p>Ser\u00e1n desde la noche del <strong>s\u00e1bado 26 de abril<\/strong> debido a los montajes. Desde las 0:00 horas del s\u00e1bado se cortar\u00e1n los carriles centrales del Paseo de Recoletos y desde las 21.30 horas del mismo s\u00e1bado se cortar\u00e1n los carriles centrales del Paseo de la Castellana, desde la Plaza de Col\u00f3n hasta la Plaza de Doctor Mara\u00f1\u00f3n y Plaza de Emilio Castelar.&nbsp;<\/p>\n<p>El&nbsp;<strong>domingo 27 de abril&nbsp;<\/strong>los cortes se extender\u00e1n desde las 7.45 horas hasta las 16 horas aproximadamente. El desmontaje se mantendr\u00e1 en algunas calles hasta las 19 horas del domingo.&nbsp;<\/p>\n<h2>L\u00edneas de autob\u00fas EMT afectadas<\/h2>\n<p>Las l\u00edneas de autobuses que se ver\u00e1n afectadas durante la media marat\u00f3n son: 1, 2, 3, 5, 6, 7, 8, 9, 10, 11, 12, 14, 15, 16, 17, 18, 19, 20, 21, 23, 25, 26, 27, 28, 29, 30, 31, 32, 33, 34, 35, 36, 37, 39, 40, 41, 42, 43, 44, 45, 46, 47, 48, 49, 50, 51, 52, 53, 55, 56, 59, 60, 61, 62, 63, 64, 65, 66, 67, 70, 71, 72, 73, 74, 75, 78, 85, 86, 102, 107, 116, 118, 119, 120, 124, 126, 127, 128, 129, 133, 134, 135, 138, 143, 146, 147, 148, 149, 150, 152, 156, 160, 161, 173, 174, 175, 176, 177, 178, 210, 215, 247, Circular C1 y C2, Expr\u00e9s Aeropuerto (203), E-1, E-2, E-3, E-4, E-5, 001, 002, C03, S.E. (Plaza Castilla-Cementerio Fuencarral), M3 (Sol\/Sevilla-Pta. Toledo), S.E. (Pr\u00edncipe P\u00edo-Hospital Fundaci\u00f3n San Jos\u00e9).&nbsp;<\/p>\n","protected":false},"excerpt":{"rendered":"<p>Los cortes de tr\u00e1fico ser\u00e1n desde las 7.45 hasta las 16 horas. <\/p>\n","protected":false},"author":15,"featured_media":59293,"comment_status":"open","ping_status":"open","sticky":false,"template":"","format":"standard","meta":{"footnotes":""},"categories":[12,78],"tags":[],"class_list":{"0":"post-59292","1":"post","2":"type-post","3":"status-publish","4":"format-standard","5":"has-post-thumbnail","7":"category-actualidad-noticias-madrid","8":"category-deporte"},"_links":{"self":[{"href":"https:\/\/www.vidademadrid.com\/es\/wp-json\/wp\/v2\/posts\/59292","targetHints":{"allow":["GET"]}}],"collection":[{"href":"https:\/\/www.vidademadrid.com\/es\/wp-json\/wp\/v2\/posts"}],"about":[{"href":"https:\/\/www.vidademadrid.com\/es\/wp-json\/wp\/v2\/types\/post"}],"author":[{"embeddable":true,"href":"https:\/\/www.vidademadrid.com\/es\/wp-json\/wp\/v2\/users\/15"}],"replies":[{"embeddable":true,"href":"https:\/\/www.vidademadrid.com\/es\/wp-json\/wp\/v2\/comments?post=59292"}],"version-history":[{"count":1,"href":"https:\/\/www.vidademadrid.com\/es\/wp-json\/wp\/v2\/posts\/59292\/revisions"}],"predecessor-version":[{"id":59296,"href":"https:\/\/www.vidademadrid.com\/es\/wp-json\/wp\/v2\/posts\/59292\/revisions\/59296"}],"wp:featuredmedia":[{"embeddable":true,"href":"https:\/\/www.vidademadrid.com\/es\/wp-json\/wp\/v2\/media\/59293"}],"wp:attachment":[{"href":"https:\/\/www.vidademadrid.com\/es\/wp-json\/wp\/v2\/media?parent=59292"}],"wp:term":[{"taxonomy":"category","embeddable":true,"href":"https:\/\/www.vidademadrid.com\/es\/wp-json\/wp\/v2\/categories?post=59292"},{"taxonomy":"post_tag","embeddable":true,"href":"https:\/\/www.vidademadrid.com\/es\/wp-json\/wp\/v2\/tags?post=59292"}],"curies":[{"name":"wp","href":"https:\/\/api.w.org\/{rel}","templated":true}]}}