{"id":59206,"date":"2025-04-09T15:25:23","date_gmt":"2025-04-09T13:25:23","guid":{"rendered":"https:\/\/www.vidademadrid.com\/es\/?p=59206"},"modified":"2025-04-09T15:25:25","modified_gmt":"2025-04-09T13:25:25","slug":"velintonia-casa-vicente-alexaindre-adquirida-por-la-comunidad-de-madrid","status":"publish","type":"post","link":"https:\/\/www.vidademadrid.com\/es\/59206\/velintonia-casa-vicente-alexaindre-adquirida-por-la-comunidad-de-madrid\/","title":{"rendered":"La Comunidad de Madrid adquirir\u00e1 Velintonia, la casa de Vicente Aleixandre"},"content":{"rendered":"<p>La subasta de la casa del&nbsp;<strong>poeta y Nobel de Literatura,&nbsp;<\/strong>Vicente Aleixandre ha pasad y la&nbsp;<strong>Comunidad de Madrid&nbsp;<\/strong>ha sido la \u00fanica puja.&nbsp;<\/p>\n<h2>La Comunidad de Madrid adquiere Velintonia&nbsp;<\/h2>\n<p><script async=\"\" src=\"https:\/\/pagead2.googlesyndication.com\/pagead\/js\/adsbygoogle.js\"><\/script> <ins class=\"adsbygoogle\" style=\"display:block\" data-ad-format=\"fluid\" data-ad-layout-key=\"-7f+eo+1+2-5\" data-ad-client=\"ca-pub-7450064428034605\" data-ad-slot=\"7327027071\"><\/ins><script>(adsbygoogle = window.adsbygoogle || []).push({});<\/script><strong>Velintonia,<\/strong> la casa del poeta y Nobel de Literaura Vicente Aleixandre, est\u00e1 ubicada en el n\u00famero 3 de la calle que lleva su nombre en Chamber\u00ed y la <strong>Comunidad de Madrid<\/strong>&nbsp;es su nueva propietaria.&nbsp;<\/p>\n<p>Tras una subasta, en la que la Comunidad de Madrid fue la \u00fanica puja, se ha adquirido el inmueble por el precio de salida: 3.193.225 euros.&nbsp;<\/p>\n<h2>Velintonia y la Generaci\u00f3n del 27&nbsp;<\/h2>\n<p><strong>Velintonia&nbsp;<\/strong>fue un lugar de reuni\u00f3n de destacados miembros de la&nbsp;<strong>Generaci\u00f3n del 27&nbsp;<\/strong>como Federico Garc\u00eda Lorca, Carlos Bouso\u00f1o, Jos\u00e9 Luis Cano, Jos\u00e9 Hierro y m\u00e1s.&nbsp;<\/p>\n<p>La Comunidad de Madrid pretende declararlo&nbsp;<strong>Bien de Inter\u00e9s Cultural.&nbsp;<\/strong>En 2022, se declar\u00f3&nbsp;<strong>Bien de Inter\u00e9s Patrimonial&nbsp;<\/strong>por el Gobierno de la regi\u00f3n.&nbsp;<\/p>\n<h2>El futuro de Velintonia&nbsp;<\/h2>\n<p><script async=\"\" src=\"http s:\/\/pagead2.googlesyndication.com\/pagead\/js\/adsbygoogle.js\"><\/script> <ins class=\"adsbygoogle\" style=\"display:block; text-align:center;\" data-ad-layout=\"in-article\" data-ad-format=\"fluid\" data-ad-client=\"ca-pub-7450064428034605\" data-ad-slot=\"5670045061\"><\/ins> <script>(adsbygoogle = window.adsbygoogle || []).push({});<\/script>El Gobierno de la Comunidad de Madrid ha dado alguna pista sobre su futuro y pretende abrir un&nbsp;<strong>gran centro cultural y de poes\u00eda&nbsp;<\/strong>en el inmueble como un homenaje a la <strong>G<\/strong><strong>eneraci\u00f3n del 27&nbsp;<\/strong>en su pr\u00f3ximo centenario.&nbsp;<\/p>\n<p>&nbsp;<\/p>\n","protected":false},"excerpt":{"rendered":"<p>Se convertir\u00e1 en centro cultural. <\/p>\n","protected":false},"author":15,"featured_media":57078,"comment_status":"open","ping_status":"open","sticky":false,"template":"","format":"standard","meta":{"footnotes":""},"categories":[12],"tags":[],"class_list":{"0":"post-59206","1":"post","2":"type-post","3":"status-publish","4":"format-standard","5":"has-post-thumbnail","7":"category-actualidad-noticias-madrid"},"_links":{"self":[{"href":"https:\/\/www.vidademadrid.com\/es\/wp-json\/wp\/v2\/posts\/59206","targetHints":{"allow":["GET"]}}],"collection":[{"href":"https:\/\/www.vidademadrid.com\/es\/wp-json\/wp\/v2\/posts"}],"about":[{"href":"https:\/\/www.vidademadrid.com\/es\/wp-json\/wp\/v2\/types\/post"}],"author":[{"embeddable":true,"href":"https:\/\/www.vidademadrid.com\/es\/wp-json\/wp\/v2\/users\/15"}],"replies":[{"embeddable":true,"href":"https:\/\/www.vidademadrid.com\/es\/wp-json\/wp\/v2\/comments?post=59206"}],"version-history":[{"count":2,"href":"https:\/\/www.vidademadrid.com\/es\/wp-json\/wp\/v2\/posts\/59206\/revisions"}],"predecessor-version":[{"id":59208,"href":"https:\/\/www.vidademadrid.com\/es\/wp-json\/wp\/v2\/posts\/59206\/revisions\/59208"}],"wp:featuredmedia":[{"embeddable":true,"href":"https:\/\/www.vidademadrid.com\/es\/wp-json\/wp\/v2\/media\/57078"}],"wp:attachment":[{"href":"https:\/\/www.vidademadrid.com\/es\/wp-json\/wp\/v2\/media?parent=59206"}],"wp:term":[{"taxonomy":"category","embeddable":true,"href":"https:\/\/www.vidademadrid.com\/es\/wp-json\/wp\/v2\/categories?post=59206"},{"taxonomy":"post_tag","embeddable":true,"href":"https:\/\/www.vidademadrid.com\/es\/wp-json\/wp\/v2\/tags?post=59206"}],"curies":[{"name":"wp","href":"https:\/\/api.w.org\/{rel}","templated":true}]}}