{"id":59203,"date":"2025-04-09T14:07:39","date_gmt":"2025-04-09T12:07:39","guid":{"rendered":"https:\/\/www.vidademadrid.com\/es\/?p=59203"},"modified":"2025-04-09T14:07:42","modified_gmt":"2025-04-09T12:07:42","slug":"dani-carvajal-pregonero-fiestas-san-isidro","status":"publish","type":"post","link":"https:\/\/www.vidademadrid.com\/es\/59203\/dani-carvajal-pregonero-fiestas-san-isidro\/","title":{"rendered":"El futbolista Dani Carvajal ser\u00e1 el pregonero de las Fiestas de San Isidro 2025"},"content":{"rendered":"<p>El&nbsp;<strong>Ayuntamiento de Madrid&nbsp;<\/strong>ha anunciado que&nbsp;<strong>Davi Carvajal,&nbsp;<\/strong>defensor del Real Madrid y referente del deporte espa\u00f1ol, ser\u00e1 el pregonero de las&nbsp;<strong>Fiestas de San Isidro 2025.&nbsp;<\/strong><\/p>\n<h2>Dani Carvajal, pregonero de San Isidro&nbsp;<\/h2>\n<p><script async=\"\" src=\"https:\/\/pagead2.googlesyndication.com\/pagead\/js\/adsbygoogle.js\"><\/script> <ins class=\"adsbygoogle\" style=\"display:block\" data-ad-format=\"fluid\" data-ad-layout-key=\"-7f+eo+1+2-5\" data-ad-client=\"ca-pub-7450064428034605\" data-ad-slot=\"7327027071\"><\/ins><script>(adsbygoogle = window.adsbygoogle || []).push({});<\/script>Las&nbsp;<strong>Fiestas de San Isidro 2025&nbsp;<\/strong>ya tienen pregonero:&nbsp;<strong>Dani Carvajal.&nbsp;<\/strong>El defensa del Real Madrid, nacido en Legan\u00e9s, inaugurar\u00e1 las fiestas de este a\u00f1o.&nbsp;<\/p>\n<p>Con la Selecci\u00f3n Espa\u00f1ola ha sido campe\u00f3n de Europa sub-19, sub-21, de la Nations League y de la Eurocopa.&nbsp;<\/p>\n<h2>Preg\u00f3n de las Fiestas de San Isidro&nbsp;<\/h2>\n<p><script async=\"\" src=\"http s:\/\/pagead2.googlesyndication.com\/pagead\/js\/adsbygoogle.js\"><\/script> <ins class=\"adsbygoogle\" style=\"display:block; text-align:center;\" data-ad-layout=\"in-article\" data-ad-format=\"fluid\" data-ad-client=\"ca-pub-7450064428034605\" data-ad-slot=\"5670045061\"><\/ins> <script>(adsbygoogle = window.adsbygoogle || []).push({});<\/script>El preg\u00f3n de las&nbsp;<strong>Fiestas de San Isidro&nbsp;<\/strong>ser\u00e1 el&nbsp;<strong>jueves 8 de mayo&nbsp;<\/strong>desde el balc\u00f3n de la&nbsp;<strong>Casa de la Villa.&nbsp;<\/strong><\/p>\n","protected":false},"excerpt":{"rendered":"<p>Ha sido protagonista de importantes victorias de la Selecci\u00f3n Espa\u00f1ola: la Nations League 2023 y la Eurocopa 2024<\/p>\n","protected":false},"author":15,"featured_media":59204,"comment_status":"open","ping_status":"open","sticky":false,"template":"","format":"standard","meta":{"footnotes":""},"categories":[12],"tags":[],"class_list":{"0":"post-59203","1":"post","2":"type-post","3":"status-publish","4":"format-standard","5":"has-post-thumbnail","7":"category-actualidad-noticias-madrid"},"_links":{"self":[{"href":"https:\/\/www.vidademadrid.com\/es\/wp-json\/wp\/v2\/posts\/59203","targetHints":{"allow":["GET"]}}],"collection":[{"href":"https:\/\/www.vidademadrid.com\/es\/wp-json\/wp\/v2\/posts"}],"about":[{"href":"https:\/\/www.vidademadrid.com\/es\/wp-json\/wp\/v2\/types\/post"}],"author":[{"embeddable":true,"href":"https:\/\/www.vidademadrid.com\/es\/wp-json\/wp\/v2\/users\/15"}],"replies":[{"embeddable":true,"href":"https:\/\/www.vidademadrid.com\/es\/wp-json\/wp\/v2\/comments?post=59203"}],"version-history":[{"count":1,"href":"https:\/\/www.vidademadrid.com\/es\/wp-json\/wp\/v2\/posts\/59203\/revisions"}],"predecessor-version":[{"id":59205,"href":"https:\/\/www.vidademadrid.com\/es\/wp-json\/wp\/v2\/posts\/59203\/revisions\/59205"}],"wp:featuredmedia":[{"embeddable":true,"href":"https:\/\/www.vidademadrid.com\/es\/wp-json\/wp\/v2\/media\/59204"}],"wp:attachment":[{"href":"https:\/\/www.vidademadrid.com\/es\/wp-json\/wp\/v2\/media?parent=59203"}],"wp:term":[{"taxonomy":"category","embeddable":true,"href":"https:\/\/www.vidademadrid.com\/es\/wp-json\/wp\/v2\/categories?post=59203"},{"taxonomy":"post_tag","embeddable":true,"href":"https:\/\/www.vidademadrid.com\/es\/wp-json\/wp\/v2\/tags?post=59203"}],"curies":[{"name":"wp","href":"https:\/\/api.w.org\/{rel}","templated":true}]}}