{"id":59180,"date":"2025-04-04T10:54:42","date_gmt":"2025-04-04T08:54:42","guid":{"rendered":"https:\/\/www.vidademadrid.com\/es\/?p=59180"},"modified":"2025-04-04T10:54:46","modified_gmt":"2025-04-04T08:54:46","slug":"exposicion-latina-casa-de-america-fechas-horarios-2025","status":"publish","type":"post","link":"https:\/\/www.vidademadrid.com\/es\/59180\/exposicion-latina-casa-de-america-fechas-horarios-2025\/","title":{"rendered":"Visita \u00abLatina\u00bb, la nueva exposici\u00f3n gratuita en la Casa de Am\u00e9rica"},"content":{"rendered":"<p>La&nbsp;<strong>Casa de Am\u00e9rica&nbsp;<\/strong>acoge una exposici\u00f3n que explora la figura de la mujer latina en la industria del entretenimiento durante el siglo XX con m\u00e1s de 500 piezas. Te contamos toda la informaci\u00f3n sobre <strong>\u00abLatina\u00bb&nbsp;<\/strong>en este art\u00edculo.&nbsp;<\/p>\n<h2>\u00abLatina\u00bb en Casa de Am\u00e9rica<\/h2>\n<p><script async=\"\" src=\"https:\/\/pagead2.googlesyndication.com\/pagead\/js\/adsbygoogle.js\"><\/script> <ins class=\"adsbygoogle\" style=\"display:block\" data-ad-format=\"fluid\" data-ad-layout-key=\"-7f+eo+1+2-5\" data-ad-client=\"ca-pub-7450064428034605\" data-ad-slot=\"7327027071\"><\/ins><script>(adsbygoogle = window.adsbygoogle || []).push({});<\/script><strong>\u00abLatina\u00bb&nbsp;<\/strong>exhibe m\u00e1s de&nbsp;<strong>500 piezas&nbsp;<\/strong>de la Colecci\u00f3n Gladys Palmera que tiene a la mujer latina como centro. Esta muestra explora la evoluci\u00f3n, empoderamiento y la construcci\u00f3n cultural de la&nbsp;<strong>mujer latina&nbsp;<\/strong>en la industria del entretenimiento.&nbsp;<\/p>\n<p>A trav\u00e9s de fotograf\u00edas, discos de vinilo, carteles, vestuarios y proyecciones de pel\u00edculas y cortometraje, <strong>\u00abLatina\u00bb&nbsp;<\/strong>pone en foco la figura, y el impacto, de mujeres como Lupe V\u00e9lez, Dolores del R\u00edo, Rita Montaner, Mar\u00eda Felix, Nin\u00f3n Sevilla, Iris Chac\u00f3n, La Lupe, Mercedes Sosa, Chavela Vargas y muchas m\u00e1s.&nbsp;<\/p>\n<p>Esta exposici\u00f3n ofrece un recorrido \u00fanico que muestra la historia de la mujer latina explorando las distintas etapas de su imagen p\u00fablico desde la apropiaci\u00f3n cultural hasta el empoderamiento, pasando por la hipersexualizaci\u00f3n y exotizaci\u00f3n.&nbsp;<\/p>\n<p>La&nbsp;<strong>Colecci\u00f3n Gladys Palmera&nbsp;<\/strong>explora la historia de la cultura y m\u00fasica latina y afrocaribe\u00f1a.&nbsp;<\/p>\n<h2>Visita la exposici\u00f3n&nbsp;<\/h2>\n<p><script async=\"\" src=\"http s:\/\/pagead2.googlesyndication.com\/pagead\/js\/adsbygoogle.js\"><\/script> <ins class=\"adsbygoogle\" style=\"display:block; text-align:center;\" data-ad-layout=\"in-article\" data-ad-format=\"fluid\" data-ad-client=\"ca-pub-7450064428034605\" data-ad-slot=\"5670045061\"><\/ins> <script>(adsbygoogle = window.adsbygoogle || []).push({});<\/script><strong>\u00abLatina\u00bb&nbsp;<\/strong>se puede visitar en la <strong>Casa de Am\u00e9rica&nbsp;<\/strong>(acceso por la calle Marqu\u00e9s del Duero, 2) del <strong>4 de abril al 5 de julio de 2025.&nbsp;<\/strong>El horario de apertura es de lunes a viernes de 11 a 20.30 horas y s\u00e1bados de 11 a 15 horas. Los domingos y festivos permanecer\u00e1 cerrada.<\/p>\n<p>La entrada es libre y gratuita.&nbsp;<\/p>\n","protected":false},"excerpt":{"rendered":"<p>Se podr\u00e1 visitar hasta el 5 de julio. <\/p>\n","protected":false},"author":15,"featured_media":59181,"comment_status":"open","ping_status":"open","sticky":false,"template":"","format":"standard","meta":{"footnotes":""},"categories":[111],"tags":[],"class_list":{"0":"post-59180","1":"post","2":"type-post","3":"status-publish","4":"format-standard","5":"has-post-thumbnail","7":"category-exposiciones-madrid"},"_links":{"self":[{"href":"https:\/\/www.vidademadrid.com\/es\/wp-json\/wp\/v2\/posts\/59180","targetHints":{"allow":["GET"]}}],"collection":[{"href":"https:\/\/www.vidademadrid.com\/es\/wp-json\/wp\/v2\/posts"}],"about":[{"href":"https:\/\/www.vidademadrid.com\/es\/wp-json\/wp\/v2\/types\/post"}],"author":[{"embeddable":true,"href":"https:\/\/www.vidademadrid.com\/es\/wp-json\/wp\/v2\/users\/15"}],"replies":[{"embeddable":true,"href":"https:\/\/www.vidademadrid.com\/es\/wp-json\/wp\/v2\/comments?post=59180"}],"version-history":[{"count":2,"href":"https:\/\/www.vidademadrid.com\/es\/wp-json\/wp\/v2\/posts\/59180\/revisions"}],"predecessor-version":[{"id":59183,"href":"https:\/\/www.vidademadrid.com\/es\/wp-json\/wp\/v2\/posts\/59180\/revisions\/59183"}],"wp:featuredmedia":[{"embeddable":true,"href":"https:\/\/www.vidademadrid.com\/es\/wp-json\/wp\/v2\/media\/59181"}],"wp:attachment":[{"href":"https:\/\/www.vidademadrid.com\/es\/wp-json\/wp\/v2\/media?parent=59180"}],"wp:term":[{"taxonomy":"category","embeddable":true,"href":"https:\/\/www.vidademadrid.com\/es\/wp-json\/wp\/v2\/categories?post=59180"},{"taxonomy":"post_tag","embeddable":true,"href":"https:\/\/www.vidademadrid.com\/es\/wp-json\/wp\/v2\/tags?post=59180"}],"curies":[{"name":"wp","href":"https:\/\/api.w.org\/{rel}","templated":true}]}}