{"id":59144,"date":"2025-03-31T11:57:31","date_gmt":"2025-03-31T09:57:31","guid":{"rendered":"https:\/\/www.vidademadrid.com\/es\/?p=59144"},"modified":"2025-03-31T11:57:33","modified_gmt":"2025-03-31T09:57:33","slug":"obras-de-mejora-del-estadio-de-vallecas-2025","status":"publish","type":"post","link":"https:\/\/www.vidademadrid.com\/es\/59144\/obras-de-mejora-del-estadio-de-vallecas-2025\/","title":{"rendered":"Comienzan las obras de mejora del Estadio de Vallecas"},"content":{"rendered":"<p>El Estadio del Rayo Vallecano, ubicado en Vallecas, comienza sus obras de reforma y mejora. A partir del 1 de abril y durante, al menos, seis meses se llevar\u00e1n a cabo las obras de mejora.&nbsp;<\/p>\n<h2>Obras de reforma del Estadio de Vallecas<\/h2>\n<p><script async=\"\" src=\"https:\/\/pagead2.googlesyndication.com\/pagead\/js\/adsbygoogle.js\"><\/script> <ins class=\"adsbygoogle\" style=\"display:block\" data-ad-format=\"fluid\" data-ad-layout-key=\"-7f+eo+1+2-5\" data-ad-client=\"ca-pub-7450064428034605\" data-ad-slot=\"7327027071\"><\/ins><script>(adsbygoogle = window.adsbygoogle || []).push({});<\/script>El&nbsp;<strong>Estadio de Vallecas&nbsp;<\/strong>comienza sus obras de mejora. Los trabajos arrancar\u00e1n el&nbsp;<strong>1 de abril de 2025&nbsp;<\/strong>y aproximadamente durar\u00e1n unos seis meses.A pesar de los trabajos, no se ver\u00e1n afectados los partidos pendientes del club franjirrojo ni el aforo del campo.<\/p>\n<p>Estos trabajos, que busca garantizar la seguridad de los usuarios, consistir\u00e1n en subsanar las deficiencias como grietas y humedades, pintar escaleras y gradas, sustituir falsos techos y fisuras de la fachada as\u00ed como el mantenimiento de los arreglos en los aseos.&nbsp;<\/p>\n<h2>Mejoras en el Estadio de Vallecas<\/h2>\n<p><script async=\"\" src=\"http s:\/\/pagead2.googlesyndication.com\/pagead\/js\/adsbygoogle.js\"><\/script> <ins class=\"adsbygoogle\" style=\"display:block; text-align:center;\" data-ad-layout=\"in-article\" data-ad-format=\"fluid\" data-ad-client=\"ca-pub-7450064428034605\" data-ad-slot=\"5670045061\"><\/ins> <script>(adsbygoogle = window.adsbygoogle || []).push({});<\/script>El plan de mejora del <strong>Estadio de Vallecas&nbsp;<\/strong>tiene en cuenta las fechas de LaLiga as\u00ed los trabajos de&nbsp;<strong>mayor envergadura&nbsp;<\/strong>comenzar\u00e1n el 26 de mayo.&nbsp;<\/p>\n<p>Entre estos trabajos est\u00e1 la&nbsp;<strong>sustituci\u00f3n de las dos cubiertas, sustituci\u00f3n de pilares y muros,&nbsp;<\/strong>la renovaci\u00f3n de vigas y m\u00e1s.&nbsp;<\/p>\n","protected":false},"excerpt":{"rendered":"<p>Se pintar\u00e1n las escaleras y sustituir\u00e1n las cubiertas. <\/p>\n","protected":false},"author":15,"featured_media":57069,"comment_status":"open","ping_status":"open","sticky":false,"template":"","format":"standard","meta":{"footnotes":""},"categories":[78],"tags":[],"class_list":{"0":"post-59144","1":"post","2":"type-post","3":"status-publish","4":"format-standard","5":"has-post-thumbnail","7":"category-deporte"},"_links":{"self":[{"href":"https:\/\/www.vidademadrid.com\/es\/wp-json\/wp\/v2\/posts\/59144","targetHints":{"allow":["GET"]}}],"collection":[{"href":"https:\/\/www.vidademadrid.com\/es\/wp-json\/wp\/v2\/posts"}],"about":[{"href":"https:\/\/www.vidademadrid.com\/es\/wp-json\/wp\/v2\/types\/post"}],"author":[{"embeddable":true,"href":"https:\/\/www.vidademadrid.com\/es\/wp-json\/wp\/v2\/users\/15"}],"replies":[{"embeddable":true,"href":"https:\/\/www.vidademadrid.com\/es\/wp-json\/wp\/v2\/comments?post=59144"}],"version-history":[{"count":1,"href":"https:\/\/www.vidademadrid.com\/es\/wp-json\/wp\/v2\/posts\/59144\/revisions"}],"predecessor-version":[{"id":59146,"href":"https:\/\/www.vidademadrid.com\/es\/wp-json\/wp\/v2\/posts\/59144\/revisions\/59146"}],"wp:featuredmedia":[{"embeddable":true,"href":"https:\/\/www.vidademadrid.com\/es\/wp-json\/wp\/v2\/media\/57069"}],"wp:attachment":[{"href":"https:\/\/www.vidademadrid.com\/es\/wp-json\/wp\/v2\/media?parent=59144"}],"wp:term":[{"taxonomy":"category","embeddable":true,"href":"https:\/\/www.vidademadrid.com\/es\/wp-json\/wp\/v2\/categories?post=59144"},{"taxonomy":"post_tag","embeddable":true,"href":"https:\/\/www.vidademadrid.com\/es\/wp-json\/wp\/v2\/tags?post=59144"}],"curies":[{"name":"wp","href":"https:\/\/api.w.org\/{rel}","templated":true}]}}