{"id":59141,"date":"2025-03-31T11:09:04","date_gmt":"2025-03-31T09:09:04","guid":{"rendered":"https:\/\/www.vidademadrid.com\/es\/?p=59141"},"modified":"2025-04-01T19:30:33","modified_gmt":"2025-04-01T17:30:33","slug":"expo-metro-plaza-de-colon-fecha-horario-2025","status":"publish","type":"post","link":"https:\/\/www.vidademadrid.com\/es\/59141\/expo-metro-plaza-de-colon-fecha-horario-2025\/","title":{"rendered":"Una maqueta a tama\u00f1o real de los trenes de Metro que circular\u00e1n en la L6 llega a la plaza de Col\u00f3n"},"content":{"rendered":"<p>La&nbsp;<strong>plaza de Col\u00f3n&nbsp;<\/strong>acoge una&nbsp;<strong>maqueta a tama\u00f1o real&nbsp;<\/strong>de los trenes de&nbsp;<strong>Metro de Madrid&nbsp;<\/strong>que circular\u00e1n por la&nbsp;<strong>l\u00ednea 6&nbsp;<\/strong>del suburbano a partir del 2027.&nbsp;<\/p>\n<h2>Maqueta de trenes de Metro en plaza de Col\u00f3n&nbsp;<\/h2>\n<p><script async=\"\" src=\"https:\/\/pagead2.googlesyndication.com\/pagead\/js\/adsbygoogle.js\"><\/script> <ins class=\"adsbygoogle\" style=\"display:block\" data-ad-format=\"fluid\" data-ad-layout-key=\"-7f+eo+1+2-5\" data-ad-client=\"ca-pub-7450064428034605\" data-ad-slot=\"7327027071\"><\/ins><script>(adsbygoogle = window.adsbygoogle || []).push({});<\/script>A partir de 2027, circular\u00e1n por la <strong>l\u00ednea 6&nbsp;<\/strong>de <strong>Metro de Madrid&nbsp;<\/strong>nuevos trenes con conducci\u00f3n semiautom\u00e1tica y sin cabina de conductor. Ser\u00e1n 40 nuevos trenes monotensi\u00f3n de g\u00e1libo ancho y electricidad que se incorporar\u00e1n a la&nbsp;<strong>l\u00ednea 6,&nbsp;<\/strong>la m\u00e1s utilizada de toda la red.&nbsp;<\/p>\n<p>Estos trenes miden 15 metros de largo y tres de anchura y, como no tiene cabina de conductor, dispone de hasta 17% m\u00e1s espacio y una capacidad m\u00e1s de 1.300 plazas.&nbsp;<\/p>\n<h2>Visita la exposici\u00f3n&nbsp;<\/h2>\n<p><script async=\"\" src=\"http s:\/\/pagead2.googlesyndication.com\/pagead\/js\/adsbygoogle.js\"><\/script> <ins class=\"adsbygoogle\" style=\"display:block; text-align:center;\" data-ad-layout=\"in-article\" data-ad-format=\"fluid\" data-ad-client=\"ca-pub-7450064428034605\" data-ad-slot=\"5670045061\"><\/ins> <script>(adsbygoogle = window.adsbygoogle || []).push({});<\/script>La exposici\u00f3n de la maqueta a tama\u00f1o real podr\u00e1 visitarse en la explanada de Col\u00f3n durante todo el mes de abril. El horario de visita es de lunes a viernes en horario de 11 a 13 horas y de 17 a 20 horas. Por la noche, habr\u00e1 una iluminaci\u00f3n especial hasta las 00.00 horas.&nbsp;<\/p>\n<p>Los fines de semana y durante la Semana Santa, el horario ser\u00e1 de 10 a 20 horas.&nbsp;<\/p>\n","protected":false},"excerpt":{"rendered":"<p>Se podr\u00e1 visitar durante todo el mes de abril. <\/p>\n","protected":false},"author":15,"featured_media":57950,"comment_status":"open","ping_status":"open","sticky":false,"template":"","format":"standard","meta":{"footnotes":""},"categories":[101,187,119],"tags":[],"class_list":{"0":"post-59141","1":"post","2":"type-post","3":"status-publish","4":"format-standard","5":"has-post-thumbnail","7":"category-ferias-fiestas-mercados-madrid","8":"category-madrid-hoy","9":"category-portada"},"_links":{"self":[{"href":"https:\/\/www.vidademadrid.com\/es\/wp-json\/wp\/v2\/posts\/59141","targetHints":{"allow":["GET"]}}],"collection":[{"href":"https:\/\/www.vidademadrid.com\/es\/wp-json\/wp\/v2\/posts"}],"about":[{"href":"https:\/\/www.vidademadrid.com\/es\/wp-json\/wp\/v2\/types\/post"}],"author":[{"embeddable":true,"href":"https:\/\/www.vidademadrid.com\/es\/wp-json\/wp\/v2\/users\/15"}],"replies":[{"embeddable":true,"href":"https:\/\/www.vidademadrid.com\/es\/wp-json\/wp\/v2\/comments?post=59141"}],"version-history":[{"count":2,"href":"https:\/\/www.vidademadrid.com\/es\/wp-json\/wp\/v2\/posts\/59141\/revisions"}],"predecessor-version":[{"id":59143,"href":"https:\/\/www.vidademadrid.com\/es\/wp-json\/wp\/v2\/posts\/59141\/revisions\/59143"}],"wp:featuredmedia":[{"embeddable":true,"href":"https:\/\/www.vidademadrid.com\/es\/wp-json\/wp\/v2\/media\/57950"}],"wp:attachment":[{"href":"https:\/\/www.vidademadrid.com\/es\/wp-json\/wp\/v2\/media?parent=59141"}],"wp:term":[{"taxonomy":"category","embeddable":true,"href":"https:\/\/www.vidademadrid.com\/es\/wp-json\/wp\/v2\/categories?post=59141"},{"taxonomy":"post_tag","embeddable":true,"href":"https:\/\/www.vidademadrid.com\/es\/wp-json\/wp\/v2\/tags?post=59141"}],"curies":[{"name":"wp","href":"https:\/\/api.w.org\/{rel}","templated":true}]}}