{"id":59126,"date":"2025-03-27T19:01:26","date_gmt":"2025-03-27T18:01:26","guid":{"rendered":"https:\/\/www.vidademadrid.com\/es\/?p=59126"},"modified":"2025-03-27T19:18:07","modified_gmt":"2025-03-27T18:18:07","slug":"expo-iconica-madrid-serreria-belga-fechas-hora-2025","status":"publish","type":"post","link":"https:\/\/www.vidademadrid.com\/es\/59126\/expo-iconica-madrid-serreria-belga-fechas-hora-2025\/","title":{"rendered":"Esta exposici\u00f3n gratuita reinterpreta los iconos de Madrid en ilustraciones"},"content":{"rendered":"<p><strong>Serrer\u00eda Belga&nbsp;<\/strong>presenta&nbsp;<em>Ic\u00f3nica Madrid,&nbsp;<\/em>la nueva exposici\u00f3n&nbsp;<strong>gratuita y al aire libre&nbsp;<\/strong>que reimagina los iconos de Madrid a trav\u00e9s de <strong>obras in\u00e9ditas de 16 ilustradores.&nbsp;<\/strong><\/p>\n<h2>Iconica Madrid en Serreria Belga<\/h2>\n<p><script async=\"\" src=\"https:\/\/pagead2.googlesyndication.com\/pagead\/js\/adsbygoogle.js\"><\/script> <ins class=\"adsbygoogle\" style=\"display:block\" data-ad-format=\"fluid\" data-ad-layout-key=\"-7f+eo+1+2-5\" data-ad-client=\"ca-pub-7450064428034605\" data-ad-slot=\"7327027071\"><\/ins><script>(adsbygoogle = window.adsbygoogle || []).push({});<\/script>La exposici\u00f3n<em> Ic\u00f3nica Madrid&nbsp;<\/em>llega al&nbsp;<strong>Espacio Cultural Serrer\u00eda Belga&nbsp;<\/strong>en la que&nbsp;<strong>16 ilustradores&nbsp;<\/strong>reinterpretan con una mirada actual s\u00edmbolos emblem\u00e1ticas de Madrid como el&nbsp;<strong>Oso y el Madro\u00f1o, el Rastro, el Retiro o la Fuente de Cibeles.<\/strong><\/p>\n<p>Esta exposici\u00f3n al aire libre transforma el patio de la&nbsp;<strong>Serrer\u00eda Belga&nbsp;<\/strong>en una sala expositiva con obras de Abe The Ape, Alberto Miranda, Andrea Devia, Ana Jar\u00e9n, Buba Viedma, Carmen Casado, Carmen Garc\u00eda Huerta, David Despau, El Chico Llama, El Dios de los Tres, In\u00e9s Maestre, Laura Breitfeld, Marga Casta\u00f1o, Sara Herranz, Taquen y Teresa Wonka.&nbsp;<\/p>\n<h2>Visita la exposici\u00f3n&nbsp;<\/h2>\n<p><script async=\"\" src=\"http s:\/\/pagead2.googlesyndication.com\/pagead\/js\/adsbygoogle.js\"><\/script> <ins class=\"adsbygoogle\" style=\"display:block; text-align:center;\" data-ad-layout=\"in-article\" data-ad-format=\"fluid\" data-ad-client=\"ca-pub-7450064428034605\" data-ad-slot=\"5670045061\"><\/ins> <script>(adsbygoogle = window.adsbygoogle || []).push({});<\/script>La exposici\u00f3n&nbsp;<em>Ic\u00f3nica Madrid&nbsp;<\/em>se podr\u00e1 visitar del 26 de marzo al 20 de abril. El horario es de martes a viernes de 11 a 20 horas, los s\u00e1bados de 12 a 20 horas y los domingos de 12 a 18 horas.&nbsp;<\/p>\n","protected":false},"excerpt":{"rendered":"<p>Se podr\u00e1 visitar hasta el 20 de abril.<\/p>\n","protected":false},"author":15,"featured_media":59127,"comment_status":"open","ping_status":"open","sticky":false,"template":"","format":"standard","meta":{"footnotes":""},"categories":[111,187],"tags":[],"class_list":{"0":"post-59126","1":"post","2":"type-post","3":"status-publish","4":"format-standard","5":"has-post-thumbnail","7":"category-exposiciones-madrid","8":"category-madrid-hoy"},"_links":{"self":[{"href":"https:\/\/www.vidademadrid.com\/es\/wp-json\/wp\/v2\/posts\/59126","targetHints":{"allow":["GET"]}}],"collection":[{"href":"https:\/\/www.vidademadrid.com\/es\/wp-json\/wp\/v2\/posts"}],"about":[{"href":"https:\/\/www.vidademadrid.com\/es\/wp-json\/wp\/v2\/types\/post"}],"author":[{"embeddable":true,"href":"https:\/\/www.vidademadrid.com\/es\/wp-json\/wp\/v2\/users\/15"}],"replies":[{"embeddable":true,"href":"https:\/\/www.vidademadrid.com\/es\/wp-json\/wp\/v2\/comments?post=59126"}],"version-history":[{"count":1,"href":"https:\/\/www.vidademadrid.com\/es\/wp-json\/wp\/v2\/posts\/59126\/revisions"}],"predecessor-version":[{"id":59128,"href":"https:\/\/www.vidademadrid.com\/es\/wp-json\/wp\/v2\/posts\/59126\/revisions\/59128"}],"wp:featuredmedia":[{"embeddable":true,"href":"https:\/\/www.vidademadrid.com\/es\/wp-json\/wp\/v2\/media\/59127"}],"wp:attachment":[{"href":"https:\/\/www.vidademadrid.com\/es\/wp-json\/wp\/v2\/media?parent=59126"}],"wp:term":[{"taxonomy":"category","embeddable":true,"href":"https:\/\/www.vidademadrid.com\/es\/wp-json\/wp\/v2\/categories?post=59126"},{"taxonomy":"post_tag","embeddable":true,"href":"https:\/\/www.vidademadrid.com\/es\/wp-json\/wp\/v2\/tags?post=59126"}],"curies":[{"name":"wp","href":"https:\/\/api.w.org\/{rel}","templated":true}]}}