{"id":59111,"date":"2025-03-25T12:34:19","date_gmt":"2025-03-25T11:34:19","guid":{"rendered":"https:\/\/www.vidademadrid.com\/es\/?p=59111"},"modified":"2025-03-25T12:34:21","modified_gmt":"2025-03-25T11:34:21","slug":"cambio-de-verano-2025-a-que-hora-cambiara-el-horario","status":"publish","type":"post","link":"https:\/\/www.vidademadrid.com\/es\/59111\/cambio-de-verano-2025-a-que-hora-cambiara-el-horario\/","title":{"rendered":"Se acerca el cambio de verano de 2025: la hora exacta que cambiar\u00e1 la hora"},"content":{"rendered":"<p>El cambio de hora, una pr\u00e1ctica establecida para reducir el consumo energ\u00e9tico y aprovechar al m\u00e1ximo la luz solar, est\u00e1 a punto producirse. El&nbsp;<strong>horario de verano&nbsp;<\/strong>entrar\u00e1 en vigor este fin de semana.&nbsp;<\/p>\n<h2>Cambio de horario: \u00bfhay que adelantar o atrasar el reloj?<\/h2>\n<p><script async=\"\" src=\"https:\/\/pagead2.googlesyndication.com\/pagead\/js\/adsbygoogle.js\"><\/script> <ins class=\"adsbygoogle\" style=\"display:block\" data-ad-format=\"fluid\" data-ad-layout-key=\"-7f+eo+1+2-5\" data-ad-client=\"ca-pub-7450064428034605\" data-ad-slot=\"7327027071\"><\/ins><script>(adsbygoogle = window.adsbygoogle || []).push({});<\/script>Cada a\u00f1o en primavera, se produce el cambio de horario. Este a\u00f1o, de acuerdo con el Bolet\u00edn Oficial del Estado (BOE) las fechas que se cambiar\u00e1 el horario en este 2025 son las siguientes:&nbsp;<\/p>\n<ul>\n<li><strong>Cambio al horario de verano:&nbsp;<\/strong>en la madrugada del&nbsp;<strong>domingo 30 de marzo&nbsp;<\/strong>a las 2:00 horas, los relojes se&nbsp;<strong>adelantar\u00e1n una hora,&nbsp;<\/strong>por lo que ser\u00e1n las 3:00 horas.&nbsp;<\/li>\n<\/ul>\n<h2>Cambio de horario&nbsp;<\/h2>\n<p><script async=\"\" src=\"http s:\/\/pagead2.googlesyndication.com\/pagead\/js\/adsbygoogle.js\"><\/script> <ins class=\"adsbygoogle\" style=\"display:block; text-align:center;\" data-ad-layout=\"in-article\" data-ad-format=\"fluid\" data-ad-client=\"ca-pub-7450064428034605\" data-ad-slot=\"5670045061\"><\/ins> <script>(adsbygoogle = window.adsbygoogle || []).push({});<\/script>El cambio de horario se produce dos veces al a\u00f1o por lo que la vuelta al horario de invierno ser\u00e1 en:&nbsp;<\/p>\n<ul>\n<li>la madrugada del <strong>domingo 26 de octubre&nbsp;<\/strong>a las 3:00 horas, los relojes se atrasar\u00e1n una hora, por lo que ser\u00e1n las 2:00 horas.&nbsp;<\/li>\n<\/ul>\n","protected":false},"excerpt":{"rendered":"<p>Es el primer cambio de horario del a\u00f1o. <\/p>\n","protected":false},"author":15,"featured_media":59112,"comment_status":"open","ping_status":"open","sticky":false,"template":"","format":"standard","meta":{"footnotes":""},"categories":[12],"tags":[],"class_list":{"0":"post-59111","1":"post","2":"type-post","3":"status-publish","4":"format-standard","5":"has-post-thumbnail","7":"category-actualidad-noticias-madrid"},"_links":{"self":[{"href":"https:\/\/www.vidademadrid.com\/es\/wp-json\/wp\/v2\/posts\/59111","targetHints":{"allow":["GET"]}}],"collection":[{"href":"https:\/\/www.vidademadrid.com\/es\/wp-json\/wp\/v2\/posts"}],"about":[{"href":"https:\/\/www.vidademadrid.com\/es\/wp-json\/wp\/v2\/types\/post"}],"author":[{"embeddable":true,"href":"https:\/\/www.vidademadrid.com\/es\/wp-json\/wp\/v2\/users\/15"}],"replies":[{"embeddable":true,"href":"https:\/\/www.vidademadrid.com\/es\/wp-json\/wp\/v2\/comments?post=59111"}],"version-history":[{"count":1,"href":"https:\/\/www.vidademadrid.com\/es\/wp-json\/wp\/v2\/posts\/59111\/revisions"}],"predecessor-version":[{"id":59113,"href":"https:\/\/www.vidademadrid.com\/es\/wp-json\/wp\/v2\/posts\/59111\/revisions\/59113"}],"wp:featuredmedia":[{"embeddable":true,"href":"https:\/\/www.vidademadrid.com\/es\/wp-json\/wp\/v2\/media\/59112"}],"wp:attachment":[{"href":"https:\/\/www.vidademadrid.com\/es\/wp-json\/wp\/v2\/media?parent=59111"}],"wp:term":[{"taxonomy":"category","embeddable":true,"href":"https:\/\/www.vidademadrid.com\/es\/wp-json\/wp\/v2\/categories?post=59111"},{"taxonomy":"post_tag","embeddable":true,"href":"https:\/\/www.vidademadrid.com\/es\/wp-json\/wp\/v2\/tags?post=59111"}],"curies":[{"name":"wp","href":"https:\/\/api.w.org\/{rel}","templated":true}]}}