{"id":58986,"date":"2025-02-28T11:50:39","date_gmt":"2025-02-28T10:50:39","guid":{"rendered":"https:\/\/www.vidademadrid.com\/es\/?p=58986"},"modified":"2025-02-28T11:50:42","modified_gmt":"2025-02-28T10:50:42","slug":"cortes-cercanias-principe-pio-pinar-de-las-rozas-este-finde-semana","status":"publish","type":"post","link":"https:\/\/www.vidademadrid.com\/es\/58986\/cortes-cercanias-principe-pio-pinar-de-las-rozas-este-finde-semana\/","title":{"rendered":"Obras en Cercan\u00edas: cortes entre Pr\u00edncipe P\u00edo y Pinar de las Rozas este fin de semana"},"content":{"rendered":"<p><strong>Renfe&nbsp;<\/strong>ha anunciado el corte del servicio de la l\u00ednea&nbsp;<strong>C10&nbsp;<\/strong>de&nbsp;<strong>Cercan\u00edas Madrid.&nbsp;<\/strong>Los cortes durar\u00e1n hasta el pr\u00f3ximo lunes. Te contamos toda la informaci\u00f3n en este art\u00edculo.&nbsp;<\/p>\n<h2>Cortes en la C10 de Cercan\u00edas&nbsp;<\/h2>\n<p><script async=\"\" src=\"https:\/\/pagead2.googlesyndication.com\/pagead\/js\/adsbygoogle.js\"><\/script> <ins class=\"adsbygoogle\" style=\"display:block\" data-ad-format=\"fluid\" data-ad-layout-key=\"-7f+eo+1+2-5\" data-ad-client=\"ca-pub-7450064428034605\" data-ad-slot=\"7327027071\"><\/ins><script>(adsbygoogle = window.adsbygoogle || []).push({});<\/script>El servicio de la l\u00ednea de C10 de&nbsp;<strong>Cercan\u00edas Madrid&nbsp;<\/strong>se ver\u00e1 interrumpido durante este fin de semana. Los cortes han comenzado desde hoy, viernes 28 de febrero, y se extender\u00e1n hasta el lunes 3 de marzo.&nbsp;<\/p>\n<p>Los trabajos de mejora se realizar\u00e1n en la infraestructura de la red y permanecer\u00e1 cortado el servicio en las estaciones de&nbsp;<strong>Las Rozas, Majadahonda, El Barrial, Pozuelo y Aravaca&nbsp;<\/strong>(l\u00edneas C7 y C10).&nbsp;<\/p>\n<h2>Servicio especial de autobuses<\/h2>\n<p><script async=\"\" src=\"http s:\/\/pagead2.googlesyndication.com\/pagead\/js\/adsbygoogle.js\"><\/script> <ins class=\"adsbygoogle\" style=\"display:block; text-align:center;\" data-ad-layout=\"in-article\" data-ad-format=\"fluid\" data-ad-client=\"ca-pub-7450064428034605\" data-ad-slot=\"5670045061\"><\/ins> <script>(adsbygoogle = window.adsbygoogle || []).push({});<\/script>Durante los cuatro d\u00edas de corte se pondr\u00e1 a disposici\u00f3n de los viajeros&nbsp;<strong>dos servicios especiales de autobuses<\/strong> con paradas en las inmediaciones de las estaciones afectadas.&nbsp;<\/p>\n<p>El personal de Renfe dar\u00e1 a los usuarios la ubicaci\u00f3n exacta de estas paradas.&nbsp;<\/p>\n","protected":false},"excerpt":{"rendered":"<p>Habr\u00e1 servicio especial de autobuses. <\/p>\n","protected":false},"author":15,"featured_media":53388,"comment_status":"open","ping_status":"open","sticky":false,"template":"","format":"standard","meta":{"footnotes":""},"categories":[23],"tags":[],"class_list":{"0":"post-58986","1":"post","2":"type-post","3":"status-publish","4":"format-standard","5":"has-post-thumbnail","7":"category-transportes-huelgas-madrid"},"_links":{"self":[{"href":"https:\/\/www.vidademadrid.com\/es\/wp-json\/wp\/v2\/posts\/58986","targetHints":{"allow":["GET"]}}],"collection":[{"href":"https:\/\/www.vidademadrid.com\/es\/wp-json\/wp\/v2\/posts"}],"about":[{"href":"https:\/\/www.vidademadrid.com\/es\/wp-json\/wp\/v2\/types\/post"}],"author":[{"embeddable":true,"href":"https:\/\/www.vidademadrid.com\/es\/wp-json\/wp\/v2\/users\/15"}],"replies":[{"embeddable":true,"href":"https:\/\/www.vidademadrid.com\/es\/wp-json\/wp\/v2\/comments?post=58986"}],"version-history":[{"count":2,"href":"https:\/\/www.vidademadrid.com\/es\/wp-json\/wp\/v2\/posts\/58986\/revisions"}],"predecessor-version":[{"id":58988,"href":"https:\/\/www.vidademadrid.com\/es\/wp-json\/wp\/v2\/posts\/58986\/revisions\/58988"}],"wp:featuredmedia":[{"embeddable":true,"href":"https:\/\/www.vidademadrid.com\/es\/wp-json\/wp\/v2\/media\/53388"}],"wp:attachment":[{"href":"https:\/\/www.vidademadrid.com\/es\/wp-json\/wp\/v2\/media?parent=58986"}],"wp:term":[{"taxonomy":"category","embeddable":true,"href":"https:\/\/www.vidademadrid.com\/es\/wp-json\/wp\/v2\/categories?post=58986"},{"taxonomy":"post_tag","embeddable":true,"href":"https:\/\/www.vidademadrid.com\/es\/wp-json\/wp\/v2\/tags?post=58986"}],"curies":[{"name":"wp","href":"https:\/\/api.w.org\/{rel}","templated":true}]}}