{"id":58954,"date":"2025-02-26T13:26:56","date_gmt":"2025-02-26T12:26:56","guid":{"rendered":"https:\/\/www.vidademadrid.com\/es\/?p=58954"},"modified":"2025-02-27T21:48:00","modified_gmt":"2025-02-27T20:48:00","slug":"formula-1-en-madrid-fecha-exhibicion-novedades-2025","status":"publish","type":"post","link":"https:\/\/www.vidademadrid.com\/es\/58954\/formula-1-en-madrid-fecha-exhibicion-novedades-2025\/","title":{"rendered":"F\u00f3rmula 1 en Madrid: fecha, exhibici\u00f3n y novedades"},"content":{"rendered":"<p>Cada vez conocemos m\u00e1s detalles del&nbsp;<strong>Gran Premio de Espa\u00f1a,&nbsp;<\/strong>el premio de la F\u00f3rmula 1 que se celebrar\u00e1 en Madrid. Te contamos toda la informaci\u00f3n en este art\u00edculo.&nbsp;<\/p>\n<h2>F\u00f3rmula 1 en Madrid&nbsp;<\/h2>\n<p><script async=\"\" src=\"https:\/\/pagead2.googlesyndication.com\/pagead\/js\/adsbygoogle.js\"><\/script> <ins class=\"adsbygoogle\" style=\"display:block\" data-ad-format=\"fluid\" data-ad-layout-key=\"-7f+eo+1+2-5\" data-ad-client=\"ca-pub-7450064428034605\" data-ad-slot=\"7327027071\"><\/ins><script>(adsbygoogle = window.adsbygoogle || []).push({});<\/script>Despu\u00e9s de m\u00e1s de 40 a\u00f1os de la \u00faltima carrera que se ha celebrado en la regi\u00f3n, la F\u00f3rmula 1 volver\u00e1 a Madrid en 2026. El pleno del Ayuntamiento de Madrid ha aprobado el plan especial que permitir\u00e1 la celebraci\u00f3n de este evento en IFEMA.&nbsp;<\/p>\n<h3>Se aprueba el plan especial de la F1&nbsp;<\/h3>\n<p>El&nbsp;<strong>Pleno del Ayuntamiento de Madrid <\/strong>ha probado el plan especial que afecta al Parque Ferial Juan Carlos I y su entorno para construir la ruta de asfalto de 5,475 kil\u00f3metros que ser\u00e1 el escenario de la pr\u00f3xima carrera en Madrid.&nbsp;<\/p>\n<p>Este plan concibe el incremento de la edificabilidad, en un 4%, de los terrenos para facilitar la posibilidad de celebrar eventos deportivos como la F1 que contar\u00e1 con tribunas de 112 mil espectadores. Es posible que las obras empiecen en dos o tres meses.&nbsp;<\/p>\n<h3>Exhibici\u00f3n de la F\u00f3rmula 1 en Madrid<\/h3>\n<p><script async=\"\" src=\"http s:\/\/pagead2.googlesyndication.com\/pagead\/js\/adsbygoogle.js\"><\/script> <ins class=\"adsbygoogle\" style=\"display:block; text-align:center;\" data-ad-layout=\"in-article\" data-ad-format=\"fluid\" data-ad-client=\"ca-pub-7450064428034605\" data-ad-slot=\"5670045061\"><\/ins> <script>(adsbygoogle = window.adsbygoogle || []).push({});<\/script>De acuerdo con informaci\u00f3n de El Mundo, IFEMA albergar\u00e1 una exposici\u00f3n de la F\u00f3rmula 1 en el mes de junio con&nbsp;<strong>Carlos Sainz&nbsp;<\/strong>como embajador.&nbsp;<\/p>\n<h3>Gran Premio de Espa\u00f1a: fecha&nbsp;<\/h3>\n<p>\u00a1Comienza la cuenta atr\u00e1s! Se espera que la F\u00f3rmula 1 llegue a la capital el&nbsp;<strong>6 de septiembre de 2026.&nbsp;<\/strong><\/p>\n","protected":false},"excerpt":{"rendered":"<p>Se prev\u00e9 que la carrera sea en septiembre de 2026. <\/p>\n","protected":false},"author":15,"featured_media":53957,"comment_status":"open","ping_status":"open","sticky":false,"template":"","format":"standard","meta":{"footnotes":""},"categories":[12,78,11],"tags":[],"class_list":{"0":"post-58954","1":"post","2":"type-post","3":"status-publish","4":"format-standard","5":"has-post-thumbnail","7":"category-actualidad-noticias-madrid","8":"category-deporte","9":"category-eventos-madrid"},"_links":{"self":[{"href":"https:\/\/www.vidademadrid.com\/es\/wp-json\/wp\/v2\/posts\/58954","targetHints":{"allow":["GET"]}}],"collection":[{"href":"https:\/\/www.vidademadrid.com\/es\/wp-json\/wp\/v2\/posts"}],"about":[{"href":"https:\/\/www.vidademadrid.com\/es\/wp-json\/wp\/v2\/types\/post"}],"author":[{"embeddable":true,"href":"https:\/\/www.vidademadrid.com\/es\/wp-json\/wp\/v2\/users\/15"}],"replies":[{"embeddable":true,"href":"https:\/\/www.vidademadrid.com\/es\/wp-json\/wp\/v2\/comments?post=58954"}],"version-history":[{"count":2,"href":"https:\/\/www.vidademadrid.com\/es\/wp-json\/wp\/v2\/posts\/58954\/revisions"}],"predecessor-version":[{"id":58956,"href":"https:\/\/www.vidademadrid.com\/es\/wp-json\/wp\/v2\/posts\/58954\/revisions\/58956"}],"wp:featuredmedia":[{"embeddable":true,"href":"https:\/\/www.vidademadrid.com\/es\/wp-json\/wp\/v2\/media\/53957"}],"wp:attachment":[{"href":"https:\/\/www.vidademadrid.com\/es\/wp-json\/wp\/v2\/media?parent=58954"}],"wp:term":[{"taxonomy":"category","embeddable":true,"href":"https:\/\/www.vidademadrid.com\/es\/wp-json\/wp\/v2\/categories?post=58954"},{"taxonomy":"post_tag","embeddable":true,"href":"https:\/\/www.vidademadrid.com\/es\/wp-json\/wp\/v2\/tags?post=58954"}],"curies":[{"name":"wp","href":"https:\/\/api.w.org\/{rel}","templated":true}]}}