{"id":58909,"date":"2025-02-25T13:05:46","date_gmt":"2025-02-25T12:05:46","guid":{"rendered":"https:\/\/www.vidademadrid.com\/es\/?p=58909"},"modified":"2025-02-27T21:48:05","modified_gmt":"2025-02-27T20:48:05","slug":"semana-del-arte-madrid-2025-eventos-ferias-entradas","status":"publish","type":"post","link":"https:\/\/www.vidademadrid.com\/es\/58909\/semana-del-arte-madrid-2025-eventos-ferias-entradas\/","title":{"rendered":"Semana del Arte Madrid 2025: gu\u00eda definitiva de las mejores ferias de arte en la ciudad"},"content":{"rendered":"<p>Madrid se convertir\u00e1 en el epicentro del arte este marzo, con ferias, exposiciones, performances y mucho m\u00e1s en distintos puntos de la ciudad. Te contamos toda la informaci\u00f3n en este art\u00edculo.<\/p>\n<h2>Arco 2025<\/h2>\n<p><script async=\"\" src=\"https:\/\/pagead2.googlesyndication.com\/pagead\/js\/adsbygoogle.js\"><\/script> <ins class=\"adsbygoogle\" style=\"display: block;\" data-ad-format=\"fluid\" data-ad-layout-key=\"-7f+eo+1+2-5\" data-ad-client=\"ca-pub-7450064428034605\" data-ad-slot=\"7327027071\"><\/ins><script>(adsbygoogle = window.adsbygoogle || []).push({});<\/script>Arco, la Feria Internacional de Arte Contempor\u00e1neo, vuelve a\u00a0<strong>IFEMA.\u00a0<\/strong>Arco es una de las plataformas principales del mercado del arte contempor\u00e1neo y este a\u00f1o el Amazonas ser\u00e1 su proyecto central. Este a\u00f1o el programa reflexionar\u00e1 sobre nuevos modos de creaci\u00f3n que representan existencias h\u00edbridas entre cuerpos humanos, vegetales, f\u00edsicos y metaf\u00edsicos.<\/p>\n<p>Este a\u00f1o participan m\u00e1s de 200 galer\u00edas y contar\u00e1 con m\u00e1s de 800 coleccionistas y expertos invitados.<\/p>\n<p>Se podr\u00e1 visitar del 5 al 9 de marzo de 2025. Las entradas van desde los 20 euros y se pueden comprar en este <a href=\"https:\/\/www.ifema.es\/arco\/entradas\">enlace<\/a>.<\/p>\n<h2>Art Madrid&#8217;25<\/h2>\n<p>La Feria de Arte Contempor\u00e1neo,\u00a0<strong>Art Madrid,\u00a0<\/strong>celebrar\u00e1 su\u00a0<strong>20\u00ba edici\u00f3n\u00a0<\/strong>este a\u00f1o en la\u00a0<strong>Galer\u00eda de Cristal del Palacio de Cibeles.\u00a0<\/strong>En\u00a0<strong>Art Madrid&#8217;25\u00a0<\/strong>se dar\u00e1n cita alrededor de cuarenta galer\u00edas, tanto nacionales como internacionales, que presentar\u00e1n las tendencias art\u00edsticas actuales.<\/p>\n<p><strong>ArtMadrid&#8217;25\u00a0<\/strong>ser\u00e1 del 5 al 9 de marzo de 2025. El horario es de 11 a 21 horas y el domingo abrir\u00e1 de 11 a 20 horas. Las entradas van desde los 17 euros y se pueden comprar en este <a href=\"https:\/\/www.universe.com\/events\/art-madrid25-feria-de-arte-contemporaneo-tickets-KWDRBN\">enlace<\/a>.<\/p>\n<h2>SAM Sal\u00f3n de Arte Moderno<\/h2>\n<p>El\u00a0<strong>SAM Sal\u00f3n de Arte Moderno\u00a0<\/strong>vuelve este a\u00f1o a la\u00a0<strong>Fundaci\u00f3n Carlos de Amberes <\/strong>(Metro Serrano \/ N\u00fa\u00f1ez de Balboa \/ Rub\u00e9n Dar\u00edo) con 18 galer\u00edas que ser\u00e1n parte de esta feria con obras in\u00e9ditas de artistas modernos, contempor\u00e1neos y cl\u00e1sicos como Dal\u00ed, Picasso, Botero, Mir\u00f3, Torres Garcia, Sorolla y mucho m\u00e1s.<\/p>\n<p>La VII edici\u00f3n de\u00a0<strong>SAM Sal\u00f3n de Arte Moderno <\/strong>ser\u00e1 del 4 al 9 de marzo. Las entradas tienen un precio de 10 euros\u00a0y se pueden comprar en este <a href=\"https:\/\/entradassam2025.com\/\">enlace<\/a>.<\/p>\n<p><span style=\"color: #111111; font-family: Roboto, sans-serif; font-size: 27px;\">MIAD\u00a0<\/span><\/p>\n<p>La\u00a0<strong>segunda edici\u00f3n de Madrid Inside Art &amp; Design\u00a0<\/strong>(MIAD) vuelve a la Plaza de Toros de las Ventas y es el plan perfecto para los amantes del arte, dise\u00f1o, interiorismo, decoraci\u00f3n y la arquitectura.<\/p>\n<p>Del 26 de febrero al 9 de marzo de 2025, MIAD abrir\u00e1 sus puertas al p\u00fablico y los visitantes podr\u00e1n explorar\u00a0<strong>50 espacios excepcionales\u00a0<\/strong>que fusionan lo tradicional con lo moderno.<\/p>\n<p>Las entradas cuestan 25 euros y se pueden comprar en este <a href=\"https:\/\/buy.stripe.com\/9AQ5m3elr9Acgqk3cc\">enlace<\/a>.<\/p>\n<h2>UVNT Art Fair<\/h2>\n<p><script async=\"\" src=\"http s:\/\/pagead2.googlesyndication.com\/pagead\/js\/adsbygoogle.js\"><\/script> <ins class=\"adsbygoogle\" style=\"display: block; text-align: center;\" data-ad-layout=\"in-article\" data-ad-format=\"fluid\" data-ad-client=\"ca-pub-7450064428034605\" data-ad-slot=\"5670045061\"><\/ins> <script>(adsbygoogle = window.adsbygoogle || []).push({});<\/script>La UVNT Art air vuelve a Matadero Madrid con su 9\u00ba edici\u00f3n. La UVNT re\u00fane artistas emergentes y media carrera de la escena contempor\u00e1nea nacional e internacional, convirtiendo a UVNT como uno de los encuentros imprescindibles de la Semana del Arte.<\/p>\n<p>UVNT reunir\u00e1 m\u00e1s de 30 galer\u00edas as\u00ed como artistas nacionales e internacionales.<\/p>\n<p>La UVNT ser\u00e1 del 6 al 9 de marzo de 2025 en Matadero Madrid. Las entradas van desde los 11.25 euros y se pueden comprar en este <a href=\"https:\/\/www.universe.com\/events\/uvnt-art-fair-25-tickets-NZVQB2\">enlace<\/a>.<\/p>\n<h2>ARTIST 360<\/h2>\n<p>Este a\u00f1o vuelve ARTIST 360 con un total de 60 expositores y m\u00e1s de 100 artistas que presentar\u00e1n obras en distintos formatos como esculturas, pinturas, fotograf\u00eda, arte digital y m\u00e1s.<\/p>\n<p>La feria promueve la participaci\u00f3n de galer\u00edas de arte y \u00abartistas independiente\u00bb bajo un modelo de auto-representaci\u00f3n.<\/p>\n<p>Se podr\u00e1 visitar del 6 al 9 de marzo en el Centro de Convenciones del Hotel Ilunion P\u00edo XII. El horario es jueves, viernes y s\u00e1bado de 11 a 21 horas y el domingo de 11 a 20 horas.<\/p>\n<p>La entrada es gratuita.<\/p>\n<h2>9\u00ba Hybrid Art Fair<\/h2>\n<p>La Hybrid Art Fair vuelve con su 9\u00ba edici\u00f3n de arte, actividades profesionales y experiencias sensoriales con performances, danzas e instalaciones interactivas. Durante cuatro d\u00edas habr\u00e1 actividades para todos los gustos y edades as\u00ed como charlas y desayunos de profesionales.<\/p>\n<p>Ser\u00e1 del 6 al 9 de marzo de 2025 en el Hotel Petit Palace Santa B\u00e1rbara. El horario es el siguiente:<\/p>\n<ul>\n<li>Jueves 6 de marzo: 11 a 21 horas<\/li>\n<li>Viernes 7 de marzo: 11 a 20 horas<\/li>\n<li>S\u00e1bado 8 de marzo: 11 a 21.30 horas<\/li>\n<li>Domingo 9 de marzo: 11 a 21.30 horas.<\/li>\n<\/ul>\n<p>Las entradas se pueden adquirir en este <a href=\"http:\/\/hybridart.es\/compra-tus-entradas-feria-2025\/\">enlace<\/a>.<\/p>\n<h2>Cineteca Madrid<\/h2>\n<p>Con motivo de la Semana del Arte, la Cineteca Madrid dedicar\u00e1 en el mes de marzo a explorar los di\u00e1logos entre el cine y los museos. \u00a0La programaci\u00f3n para las pr\u00f3ximas semanas incluye tambi\u00e9n ciclos dedicados a cineastas africanas contempor\u00e1neas, videoartistas comprometidas y cine irland\u00e9s, adem\u00e1s de estrenos y proyecciones especiales.<\/p>\n<p>Se podr\u00e1 disfrutar de estrenos, programaci\u00f3n familiar, coloquios y m\u00e1s. Conoce la programaci\u00f3n completa en este <a href=\"https:\/\/www.cinetecamadrid.com\/\">enlace<\/a>.<\/p>\n","protected":false},"excerpt":{"rendered":"<p>Te contamos todo sobre las ferias de arte de este a\u00f1o. <\/p>\n","protected":false},"author":15,"featured_media":55138,"comment_status":"open","ping_status":"open","sticky":false,"template":"","format":"standard","meta":{"footnotes":""},"categories":[11,111,115],"tags":[],"class_list":{"0":"post-58909","1":"post","2":"type-post","3":"status-publish","4":"format-standard","5":"has-post-thumbnail","7":"category-eventos-madrid","8":"category-exposiciones-madrid","9":"category-planes-del-momento-madrid"},"_links":{"self":[{"href":"https:\/\/www.vidademadrid.com\/es\/wp-json\/wp\/v2\/posts\/58909","targetHints":{"allow":["GET"]}}],"collection":[{"href":"https:\/\/www.vidademadrid.com\/es\/wp-json\/wp\/v2\/posts"}],"about":[{"href":"https:\/\/www.vidademadrid.com\/es\/wp-json\/wp\/v2\/types\/post"}],"author":[{"embeddable":true,"href":"https:\/\/www.vidademadrid.com\/es\/wp-json\/wp\/v2\/users\/15"}],"replies":[{"embeddable":true,"href":"https:\/\/www.vidademadrid.com\/es\/wp-json\/wp\/v2\/comments?post=58909"}],"version-history":[{"count":3,"href":"https:\/\/www.vidademadrid.com\/es\/wp-json\/wp\/v2\/posts\/58909\/revisions"}],"predecessor-version":[{"id":58953,"href":"https:\/\/www.vidademadrid.com\/es\/wp-json\/wp\/v2\/posts\/58909\/revisions\/58953"}],"wp:featuredmedia":[{"embeddable":true,"href":"https:\/\/www.vidademadrid.com\/es\/wp-json\/wp\/v2\/media\/55138"}],"wp:attachment":[{"href":"https:\/\/www.vidademadrid.com\/es\/wp-json\/wp\/v2\/media?parent=58909"}],"wp:term":[{"taxonomy":"category","embeddable":true,"href":"https:\/\/www.vidademadrid.com\/es\/wp-json\/wp\/v2\/categories?post=58909"},{"taxonomy":"post_tag","embeddable":true,"href":"https:\/\/www.vidademadrid.com\/es\/wp-json\/wp\/v2\/tags?post=58909"}],"curies":[{"name":"wp","href":"https:\/\/api.w.org\/{rel}","templated":true}]}}