{"id":58893,"date":"2025-02-19T16:23:54","date_gmt":"2025-02-19T15:23:54","guid":{"rendered":"https:\/\/www.vidademadrid.com\/es\/?p=58893"},"modified":"2025-02-19T16:23:57","modified_gmt":"2025-02-19T15:23:57","slug":"casa-arabe-bien-de-interes-cultural-2025","status":"publish","type":"post","link":"https:\/\/www.vidademadrid.com\/es\/58893\/casa-arabe-bien-de-interes-cultural-2025\/","title":{"rendered":"La Casa \u00c1rabe ha sido declarada Bien de Inter\u00e9s Cultural"},"content":{"rendered":"<p>La&nbsp;<strong>Casa \u00c1rabe,&nbsp;<\/strong>antiguamente Escuelas Aguirre, ha sido declarada como&nbsp;<strong>Bien de Inter\u00e9s Cultural,&nbsp;<\/strong>en la categor\u00eda de monumento. Te contamos toda la informaci\u00f3n en este art\u00edculo.&nbsp;<\/p>\n<h2>La Casa \u00c1rabe, declarada Bien de Inter\u00e9s Cultural&nbsp;<\/h2>\n<p><script async=\"\" src=\"https:\/\/pagead2.googlesyndication.com\/pagead\/js\/adsbygoogle.js\"><\/script> <ins class=\"adsbygoogle\" style=\"display:block\" data-ad-format=\"fluid\" data-ad-layout-key=\"-7f+eo+1+2-5\" data-ad-client=\"ca-pub-7450064428034605\" data-ad-slot=\"7327027071\"><\/ins><script>(adsbygoogle = window.adsbygoogle || []).push({});<\/script>La&nbsp;<strong>Casa \u00c1rabe&nbsp;<\/strong>ha sido declarada como&nbsp;<strong>Bien de Inter\u00e9s Cultural,&nbsp;<\/strong>tras la aprobaci\u00f3n por el Consejo de Ministros. As\u00ed, su singular fachada de ladrillo y de estilo neomud\u00e9jar estar\u00e1n protegidas.&nbsp;<\/p>\n<p>El conjunto pertenece al Ayuntamiento de Madrid y es el centro estrat\u00e9gico en las relaciones de Espa\u00f1a con el mundo \u00e1rabe.&nbsp;<strong>Casa \u00c1rabe&nbsp;<\/strong>est\u00e1 dentro del Paisaje de la Luz, declarado Patrimonio Mundial de la UNESCO en 2021.&nbsp;<\/p>\n<h2>Casa \u00c1rabe en Madrid&nbsp;<\/h2>\n<p><script async=\"\" src=\"http s:\/\/pagead2.googlesyndication.com\/pagead\/js\/adsbygoogle.js\"><\/script> <ins class=\"adsbygoogle\" style=\"display:block; text-align:center;\" data-ad-layout=\"in-article\" data-ad-format=\"fluid\" data-ad-client=\"ca-pub-7450064428034605\" data-ad-slot=\"5670045061\"><\/ins> <script>(adsbygoogle = window.adsbygoogle || []).push({});<\/script>El edificio de&nbsp;<strong>Casa \u00c1rabe&nbsp;<\/strong>es obra del arquitecto Emilio Rodr\u00edguez Ayuso y fue terminado en el a\u00f1os 1886, siguiendo la tendencia de arquitectura neomud\u00e9jar, surgida a finales del siglo XIX.&nbsp;<\/p>\n<p>Esta situado en la calle Alcal\u00e1, junto a una de las entradas del Parque de El Retiro. El edificio est\u00e1 organizado en dos plantas, con espacios educativos de una gran innovaci\u00f3n para el \u00e9poca y cuenta con una torre de 37 metros.&nbsp;<\/p>\n","protected":false},"excerpt":{"rendered":"<p>Est\u00e1 dentro del Paisaje de la Luz. <\/p>\n","protected":false},"author":15,"featured_media":58894,"comment_status":"open","ping_status":"open","sticky":false,"template":"","format":"standard","meta":{"footnotes":""},"categories":[12],"tags":[],"class_list":{"0":"post-58893","1":"post","2":"type-post","3":"status-publish","4":"format-standard","5":"has-post-thumbnail","7":"category-actualidad-noticias-madrid"},"_links":{"self":[{"href":"https:\/\/www.vidademadrid.com\/es\/wp-json\/wp\/v2\/posts\/58893","targetHints":{"allow":["GET"]}}],"collection":[{"href":"https:\/\/www.vidademadrid.com\/es\/wp-json\/wp\/v2\/posts"}],"about":[{"href":"https:\/\/www.vidademadrid.com\/es\/wp-json\/wp\/v2\/types\/post"}],"author":[{"embeddable":true,"href":"https:\/\/www.vidademadrid.com\/es\/wp-json\/wp\/v2\/users\/15"}],"replies":[{"embeddable":true,"href":"https:\/\/www.vidademadrid.com\/es\/wp-json\/wp\/v2\/comments?post=58893"}],"version-history":[{"count":2,"href":"https:\/\/www.vidademadrid.com\/es\/wp-json\/wp\/v2\/posts\/58893\/revisions"}],"predecessor-version":[{"id":58896,"href":"https:\/\/www.vidademadrid.com\/es\/wp-json\/wp\/v2\/posts\/58893\/revisions\/58896"}],"wp:featuredmedia":[{"embeddable":true,"href":"https:\/\/www.vidademadrid.com\/es\/wp-json\/wp\/v2\/media\/58894"}],"wp:attachment":[{"href":"https:\/\/www.vidademadrid.com\/es\/wp-json\/wp\/v2\/media?parent=58893"}],"wp:term":[{"taxonomy":"category","embeddable":true,"href":"https:\/\/www.vidademadrid.com\/es\/wp-json\/wp\/v2\/categories?post=58893"},{"taxonomy":"post_tag","embeddable":true,"href":"https:\/\/www.vidademadrid.com\/es\/wp-json\/wp\/v2\/tags?post=58893"}],"curies":[{"name":"wp","href":"https:\/\/api.w.org\/{rel}","templated":true}]}}