{"id":58787,"date":"2025-02-04T11:28:54","date_gmt":"2025-02-04T10:28:54","guid":{"rendered":"https:\/\/www.vidademadrid.com\/es\/?p=58787"},"modified":"2025-02-04T11:28:57","modified_gmt":"2025-02-04T10:28:57","slug":"playa-de-olas-de-madrid-apertura-estadio-metropolitano-2025","status":"publish","type":"post","link":"https:\/\/www.vidademadrid.com\/es\/58787\/playa-de-olas-de-madrid-apertura-estadio-metropolitano-2025\/","title":{"rendered":"Ya sabemos cu\u00e1ndo abrir\u00e1 la gran playa de olas de Madrid"},"content":{"rendered":"<p>Madrid tendr\u00e1 el&nbsp;<strong>parque de olas m\u00e1s grande de Europa&nbsp;<\/strong>y ya sabemos cu\u00e1ndo estar\u00e1 listo. Este parque estar\u00e1 ubicado junto al estadio del Atl\u00e9tico de Madrid. Te contamos toda la informaci\u00f3n en este art\u00edculo.&nbsp;<\/p>\n<h2>El parque de olas m\u00e1s grande de Europa estar\u00e1 en Madrid&nbsp;<\/h2>\n<p><script async=\"\" src=\"https:\/\/pagead2.googlesyndication.com\/pagead\/js\/adsbygoogle.js\"><\/script> <ins class=\"adsbygoogle\" style=\"display:block\" data-ad-format=\"fluid\" data-ad-layout-key=\"-7f+eo+1+2-5\" data-ad-client=\"ca-pub-7450064428034605\" data-ad-slot=\"7327027071\"><\/ins><script>(adsbygoogle = window.adsbygoogle || []).push({});<\/script>La&nbsp;<strong>playa artificial m\u00e1s grande de Europa&nbsp;<\/strong>estar\u00e1 en Madrid y tendr\u00e1 23 mil metros cuadrados de superficie. Este parque es una colaboraci\u00f3n entre el <strong>Atl\u00e9tico de Madrid, Stoneweg y Teras Capital.&nbsp;<\/strong><\/p>\n<p>Este nuevo parque de olas, que se ubicar\u00e1 en el desarrollo de la&nbsp;<strong>nueva Ciudad del Deporte,&nbsp;<\/strong>al lado del C\u00edvitas Metropolitano. Este parque utilizar\u00e1 la tecnolog\u00eda de&nbsp;<strong>Wavegarden&nbsp;<\/strong>para producir olas de hasta 20 metros de altura.&nbsp;<\/p>\n<p>La laguna ser\u00e1 el centro del este parque de surf y abrir\u00e1 todos los d\u00edas del a\u00f1o ya que contar\u00e1 con un sistema que permitir\u00e1 dejar el agua a una temperatura adecuada.&nbsp;<\/p>\n<p>Habr\u00e1 dos zonas: la &#8216;Zona Bah\u00eda&#8217; para principiantes y la &#8216;Zona Reef&#8217; para los surfistas experimentados. Las sesiones ser\u00e1n de 60 minutos y tiene una capacidad para 120 personas por sesi\u00f3n.&nbsp;<\/p>\n<p>Adem\u00e1s, el&nbsp;<strong>parque de playa artificial&nbsp;<\/strong>tendr\u00e1 zona de conciertos, zona gastron\u00f3mica, un skatepark y una escuela y tienda de surf.&nbsp;<\/p>\n<h2>Apertura de la gran playa de olas de Madrid<\/h2>\n<p><script async=\"\" src=\"https:\/\/pagead2.googlesyndication.com\/pagead\/js\/adsbygoogle.js\"><\/script> <ins class=\"adsbygoogle\" style=\"display:block; text-align:center;\" data-ad-layout=\"in-article\" data-ad-format=\"fluid\" data-ad-client=\"ca-pub-7450064428034605\" data-ad-slot=\"5670045061\"><\/ins> <script>(adsbygoogle = window.adsbygoogle || []).push({});<\/script>Las obras de esta gran playa de olas ya han comenzado y aunque se esperaba que estuviera lista para inicios de 2025, se ha comunicado que habr\u00e1 que esperar hasta el&nbsp;<strong>verano de 2026&nbsp;<\/strong>para disfrutarlo.&nbsp;<\/p>\n","protected":false},"excerpt":{"rendered":"<p>Ser\u00e1 el parque de olas m\u00e1s grande de Europa. <\/p>\n","protected":false},"author":15,"featured_media":58788,"comment_status":"open","ping_status":"open","sticky":false,"template":"","format":"standard","meta":{"footnotes":""},"categories":[12],"tags":[],"class_list":{"0":"post-58787","1":"post","2":"type-post","3":"status-publish","4":"format-standard","5":"has-post-thumbnail","7":"category-actualidad-noticias-madrid"},"_links":{"self":[{"href":"https:\/\/www.vidademadrid.com\/es\/wp-json\/wp\/v2\/posts\/58787","targetHints":{"allow":["GET"]}}],"collection":[{"href":"https:\/\/www.vidademadrid.com\/es\/wp-json\/wp\/v2\/posts"}],"about":[{"href":"https:\/\/www.vidademadrid.com\/es\/wp-json\/wp\/v2\/types\/post"}],"author":[{"embeddable":true,"href":"https:\/\/www.vidademadrid.com\/es\/wp-json\/wp\/v2\/users\/15"}],"replies":[{"embeddable":true,"href":"https:\/\/www.vidademadrid.com\/es\/wp-json\/wp\/v2\/comments?post=58787"}],"version-history":[{"count":2,"href":"https:\/\/www.vidademadrid.com\/es\/wp-json\/wp\/v2\/posts\/58787\/revisions"}],"predecessor-version":[{"id":58790,"href":"https:\/\/www.vidademadrid.com\/es\/wp-json\/wp\/v2\/posts\/58787\/revisions\/58790"}],"wp:featuredmedia":[{"embeddable":true,"href":"https:\/\/www.vidademadrid.com\/es\/wp-json\/wp\/v2\/media\/58788"}],"wp:attachment":[{"href":"https:\/\/www.vidademadrid.com\/es\/wp-json\/wp\/v2\/media?parent=58787"}],"wp:term":[{"taxonomy":"category","embeddable":true,"href":"https:\/\/www.vidademadrid.com\/es\/wp-json\/wp\/v2\/categories?post=58787"},{"taxonomy":"post_tag","embeddable":true,"href":"https:\/\/www.vidademadrid.com\/es\/wp-json\/wp\/v2\/tags?post=58787"}],"curies":[{"name":"wp","href":"https:\/\/api.w.org\/{rel}","templated":true}]}}