{"id":58758,"date":"2025-01-31T00:10:42","date_gmt":"2025-01-30T23:10:42","guid":{"rendered":"https:\/\/www.vidademadrid.com\/es\/?p=58758"},"modified":"2025-10-04T14:59:41","modified_gmt":"2025-10-04T12:59:41","slug":"agenda-febrero-2025-madrid","status":"publish","type":"post","link":"https:\/\/www.vidademadrid.com\/es\/58758\/agenda-febrero-2025-madrid\/","title":{"rendered":"Agenda de febrero de 2025 en Madrid: planes y eventos"},"content":{"rendered":"<p>Como todos los meses, desde <strong>Vida de Madrid<\/strong> queremos contaros todos los mejores planes: aqu\u00ed est\u00e1 nuestra <strong>agenda de febrero de 2025 en Madrid<\/strong>. Consulta a continuaci\u00f3n el listado completo y siempre actualizado para no perderte ninguno de los planes y eventos del mes. Recuerda que esta p\u00e1gina est\u00e1 actualizada a diario con nuevos eventos y planes, y que puedes consultarla siempre en <a href=\"http:\/\/vidademadrid.com\/agenda\">vidademadrid.com\/agenda<\/a>.<\/p>\n<p>La agenda del mes de Vida de Madrid est\u00e1 dividida en tres secciones, empezando por <strong>los planes por d\u00eda <\/strong>de febrero de 2025 en Madrid, luego los <strong>planes activos durante todo el mes<\/strong>, y finalmente un avance de los<strong> planes futuros en la ciudad<\/strong>. Adem\u00e1s, recuerda que todos los jueves publicamos en web y redes @vidademadrid nuestro mega especial con los planes de los fines de semana.<\/p>\n<p><em>Si crees que falta alg\u00fan plan, puedes contactarnos escribiendo a info@vidademadrid.com o publicidad@vidademadrid.com<\/em><\/p>\n<h2>Agenda por d\u00eda de febrero de 2025 en Madrid<\/h2>\n<p><script src=\"https:\/\/pagead2.googlesyndication.com\/pagead\/js\/adsbygoogle.js\" async=\"\"><\/script><ins class=\"adsbygoogle\" data-ad-format=\"fluid\" data-ad-layout-key=\"-7f+eo+1+2-5\" data-ad-client=\"ca-pub-7450064428034605\" data-ad-slot=\"7327027071\"><\/ins><script>(adsbygoogle = window.adsbygoogle || []).push({});<\/script><\/p>\n<ul>\n<li>1 de febrero: <a href=\"https:\/\/www.vidademadrid.com\/es\/58680\/ano-nuevo-chino-2025-en-madrid-fechas-programa-fuegos-artificiales-desfile\/\">Espect\u00e1culo de fuegos artificiales del A\u00f1o Nuevo Chino<\/a><\/li>\n<li>2 de febrero: <a href=\"https:\/\/www.vidademadrid.com\/es\/58680\/ano-nuevo-chino-2025-en-madrid-fechas-programa-fuegos-artificiales-desfile\/\">Gran desfile de A\u00f1o Nuevo Chino<\/a><\/li>\n<li><span style=\"color: initial;\">Hasta el 2 de febrero: obra teatral \u00abLa otra bestia\u00bb en Nave 10 Matadero<\/span><\/li>\n<li>Hasta el 2 de febrero: <a href=\"https:\/\/www.vidademadrid.com\/es\/58680\/ano-nuevo-chino-2025-en-madrid-fechas-programa-fuegos-artificiales-desfile\/\">Sabores y artes de China: espacio gastron\u00f3mico y mercadillo\u00a0<\/a><\/li>\n<li>Hasta el 2 de febrero: teatro familiar: \u00abLa isla de Maui\u00bb en Teatro EDP Gran V\u00eda<\/li>\n<li>Del 3 de febrero al 11 de mayo: <a href=\"https:\/\/www.vidademadrid.com\/es\/58529\/exposiciones-temporales-del-museo-thyssen-2025\/\">exposici\u00f3n \u00abGuardi y Venecia en la colecci\u00f3n del Museo Gulbenkian\u00bb en el Museo Thyssen<\/a><\/li>\n<li>5 de febrero: Relevo solemne en el Palacio Real<\/li>\n<li>Del 6 al 9 de febrero: Disney on Ice 2025 en el Movistar Arena<\/li>\n<li>Del 6 al 23 de febrero: obra teatral \u00abA la fresca\u00bb en Nave 10 Matadero<\/li>\n<li>Del 6 de febrero al 9 de marzo: Festival Internacional de Magia de Madrid en el Teatro Circo Price<\/li>\n<li>Del 6 de febrero al 11 de marzo: 1924. Otros surrealismos en Fundaci\u00f3n MAPFRE.<\/li>\n<li>Del 6 de febrero al 11 de mayo: exposici\u00f3n fotogr\u00e1fica \u00abSakiko Nomura. Tierna es la noche\u00bb en Fund. MAPFRE<\/li>\n<li>Del 6 de febrero: comienzo de la programaci\u00f3n de Centro Danza Matadero, nuevo espacio con espect\u00e1culos de flamenco, danza cl\u00e1sicas, bailes espa\u00f1ol, danza contempor\u00e1nea y urbana<\/li>\n<li>Del 7 de febrero: Gypsy, el musical<\/li>\n<li>Del 7 al 9 febrero: Madrid Spring Festival en en Col\u00f3n<\/li>\n<li>8 y 9 de febrero: Feria del Templo Chino en Plaza de Espa\u00f1a<\/li>\n<li><span style=\"color: initial;\">Hasta el 8 de febrero: <\/span><a href=\"https:\/\/www.vidademadrid.com\/es\/58680\/ano-nuevo-chino-2025-en-madrid-fechas-programa-fuegos-artificiales-desfile\/\">A\u00f1o Nuevo Chino en Usera<\/a><\/li>\n<li><span style=\"color: initial;\">Hasta el 9 de febrero:<\/span><strong style=\"color: initial;\"> <a href=\"https:\/\/www.vidademadrid.com\/es\/57791\/nuevas-exposiciones-temporal-museo-thyssen-bornemisza-2024-2025\/\">Gabriele M\u00fcnter, la gran pintora expresionista en el Thyssen<\/a><\/strong><\/li>\n<li>Hasta el 9 de febrero: \u00abUna madre de pel\u00edcula\u00bb con Toni Acosta en el Teatro Bellas Artes<\/li>\n<li>Del 10 al 23 de febrero: exposici\u00f3n \u201cMundo Feliz\u201d de Aim\u00e9e Joaristi en la Galer\u00eda MADOS<\/li>\n<li>Del 10 de febrero al 4 de mayo: <a href=\"https:\/\/www.vidademadrid.com\/es\/58529\/exposiciones-temporales-del-museo-thyssen-2025\/\">exposici\u00f3n \u00abMarina Vargas: Revelaciones\u00bb en el Museo Thyssen\u00a0<\/a><\/li>\n<li>Del 12 de febrero al 9 de marzo: obra teatral \u00abCamino al zoo\u00bb en el Teatro Bellas Artes<\/li>\n<li>Del 12 de febrero al 4 de mayo: <a href=\"https:\/\/www.vidademadrid.com\/es\/58474\/exposicion-andy-warhol-fundacion-canal-2024\/\">exposici\u00f3n \u00abAndy Warhol. Posters\u00bb en Fundaci\u00f3n Canal<\/a><\/li>\n<li>Del 12 de febrero al 18 de mayo: exposici\u00f3n \u00abAguafortistas. Fortuny, Haes, Baroja, Solana\u2026\u00bb en la Real Academia de Bellas Artes de San Fernando<\/li>\n<li>Del 13 al 22 de febrero: \u00abTejas Verdes\u00bb en el Teatro Real<\/li>\n<li>A partir del 13 de febrero: &#8216;La Suite Vollard de Picasso y el grabado en la Colecci\u00f3n del Museo ICO&#8217; en el Museo ICO<\/li>\n<li>Del 13 de febrero al 8 de junio: \u00abAlmudena Lobera. Secuencia Plano Secuencia\u00bb en CentroCentro<\/li>\n<li>Del 13 de febrero al 22 de junio: \u00abTr\u00f3pico sin t\u00f3pico: Amazonas\u00bb en CentroCentro<\/li>\n<li>Del 13 de febrero al 18 de septiembre: exposici\u00f3n \u00abBufet libre. (La casi) Una d\u00e9cada de Fueradcarta\u00bb en CentroCentro Cibeles<\/li>\n<li>Del 13 de febrero al 28 de septiembre: \u00abPasajeras en CentroCentro. Mar\u00eda Antonia Garc\u00eda de la Vega\u00bb en CentroCentro<\/li>\n<li>Del 14 de febrero: <a href=\"https:\/\/www.vidademadrid.com\/es\/58838\/joana-vasconcelos-expo-palacio-de-liria-fechas-entradas-2025\/\">Joana Vasconcelos en el Palacio de Liria<\/a><\/li>\n<li>Del\u00a0 14 al 16 de febrero: feria de lanas \u00abLove Yarn Madrid\u00bb<\/li>\n<li>15 y 16 de febrero: Japan Weekend Madrid en IFEMA<\/li>\n<li>15 y 16 de febrero: Festival Diminuto en Matadero<\/li>\n<li>Del 15 al 17 de febrero: Coffee Fest en IFEMA<\/li>\n<li>Del 16 de febrero: obra teatral <a href=\"https:\/\/www.vidademadrid.com\/es\/58813\/teatro-en-madrid-cartelera-completa-2025\/\">\u00abLa se\u00f1orita de Trev\u00e9lez\u00bb en el Fern\u00e1n G\u00f3mez<\/a><\/li>\n<li>Hasta el 16 de febrero: <strong><a href=\"https:\/\/www.vidademadrid.com\/es\/48341\/alegria-cirque-soleil-madrid-entradas-2023\/\">\u00abAlegr\u00eda\u00bb del Cirque du Soleil<\/a><\/strong><\/li>\n<li>Hasta el 16 de febrero: \u00abLa mujer fantasma\u00bb en Teatro Valle-Incl\u00e1n<\/li>\n<li><span style=\"color: initial;\">Hasta el 16 de febrero: \u00abChina Taste &#8211; Fiesta de la Gastronom\u00eda China\u00bb en 19 restaurantes de Madrid<\/span><\/li>\n<li>Hasta el 16 de febrero: \u00abLa corte de Fara\u00f3n\u00bb en Teatro de la Zarzuela<\/li>\n<li><span style=\"color: initial;\">Hasta el <\/span>16 de febrero : <a href=\"https:\/\/www.vidademadrid.com\/es\/57463\/exposicion-cartas-de-colon-america-casa-de-alba-entradas-fecha-2024\/\">exposici\u00f3n \u00abCartas de Col\u00f3n\u00bb en el Palacio de Liria<\/a><\/li>\n<li>Hasta el 18 de febrero: \u00abEugenio Oneguin\u00bb en el Teatro Real<\/li>\n<li>18 de febrero: Secundino Hern\u00e1ndez en la Sala Alcal\u00e1 31<\/li>\n<li>Del 18 de febrero al 20 de abril: exposici\u00f3n \u00abExtremadura, una historia grabada en piedra\u00bb en el Museo Arqueol\u00f3gico Nacional.<\/li>\n<li>Del 18 de febrero al 15 de junio: <a href=\"https:\/\/www.vidademadrid.com\/es\/58643\/exposiciones-temporales-museo-del-prado-2025-fechas-entradas\/\">\u00abEl Greco. Santo Domingo el Antiguo\u00bb en el Museo del Prado<\/a><\/li>\n<li>Del 18 de febrero al 18 de mayo: <a href=\"https:\/\/www.vidademadrid.com\/es\/58529\/exposiciones-temporales-del-museo-thyssen-2025\/\">exposici\u00f3n \u00abTarek Atoui. At-Tariq\u00bb en el Museo Thyssen<\/a><\/li>\n<li>Del 19 al 23 de febrero: <a href=\"https:\/\/www.vidademadrid.com\/es\/58699\/mercedes-benz-fashion-week-madrid-2025-entradas-agenda-desfiles\/\">Mercedes-Benz Fashion Week de Madrid<\/a><\/li>\n<li>Del 19 de febrero al 25 de agosto:<a href=\"https:\/\/www.vidademadrid.com\/es\/58566\/exposiciones-temporales-museo-reina-sofia-2025\/\"> exposici\u00f3n \u00abHuguette Caland: Una vida en unas pocas l\u00edneas\u00bb en el Museo Reina Sof\u00eda\u00a0<\/a><\/li>\n<li>20 y 21 de febrero: obra teatral \u00abFelix, sin punto en la i\u00bb en la Escuela Internacional de Artes Esc\u00e9nicas JANA &#8211; <a href=\"https:\/\/vivetix.com\/es\/entradas-felix-sin-punto-en-la-i-xq1m\">info<\/a><\/li>\n<li>Hasta el 22 de febrero: festival musical de invierno Inverfest 2025<\/li>\n<li><span style=\"color: initial;\">Hasta el 23 de febrero: \u00abFriends, The musical parody\u00bb en Teatro Infanta Isabel<\/span><\/li>\n<li>Hasta el 23 de febrero: obra teatral \u00abLos gigantes de la monta\u00f1a\u00bb en el Fern\u00e1n G\u00f3mez<\/li>\n<li><span style=\"color: initial;\">Hasta el 23 de febrero: \u00abCaperucita en Manhattan\u00bb en el Teatro la Abad\u00eda<\/span><\/li>\n<li><span style=\"color: initial;\">Hasta el 23 de febrero: <\/span><a href=\"https:\/\/www.vidademadrid.com\/es\/58360\/exposicion-beethoven-serreria-belga-fechas-horarios-2024\/\">\u00abBeethoven, del coraz\u00f3n al coraz\u00f3n\u00bb en la Serrer\u00eda Belga<\/a><\/li>\n<li>Del 24 de febrero al 9 de marzo: \u00abLa magia de Polissia. El ritmo lento del tiempo, por Andrii Kotliarchuk\u00bb en el Museo Thyssen-Bornemisza<\/li>\n<li><span style=\"color: initial;\">Hasta el <\/span> 26 de febrero: <a href=\"https:\/\/www.vidademadrid.com\/es\/57750\/taller-de-rubens-exposicion-museo-del-prado-fechas-2024\/\">\u00abEl taller de Rubens\u00bb en el Museo del Prado<\/a><\/li>\n<li>Del 26 de febrero al 1 de septiembre: <a href=\"https:\/\/www.vidademadrid.com\/es\/58566\/exposiciones-temporales-museo-reina-sofia-2025\/\">exposici\u00f3n \u00abLaia Estrauch: Hello Everyone\u00bb en el Museo Reina Sof\u00eda<\/a><\/li>\n<li>26 de febrero al 9 de marzo: MIAD Madrid<\/li>\n<li>Del 27 de febrero hasta el 2 de marzo: \u00abDon Quijote &#8211; Compa\u00f1\u00eda Nacional de Danza\u00bb en el Teatro Real<\/li>\n<li>Del 27 de febrero al 30 de marzo: Exposici\u00f3n H\u00e9ctor Serrano \u00abel viaje entremedias\u00bb en Paseo de la Chopera, 14<\/li>\n<li>28 de febrero: World Athletics Indoor Tour Gold 2024 en el CDM Gallur.<\/li>\n<\/ul>\n<h2>Planes activos todo el mes de febrero 2025<\/h2>\n<p><strong>EXPOSICIONES:<\/strong><\/p>\n<ul>\n<li><a href=\"https:\/\/www.vidademadrid.com\/es\/58593\/exposicion-inmersiva-leonardo-da-vinci-la-ultima-cena-en-madrid-2025\/\"><span style=\"color: initial;\">\u00abL<\/span><span style=\"color: initial;\">eonardo da Vinci. Historia de una traici\u00f3n\u00bb, exposici\u00f3n inmersiva en Nomad Museo Inmersivo<\/span><\/a><\/li>\n<li><span style=\"color: initial;\">Hasta el 2 de marzo: exposici\u00f3n \u00abFelipe VI 2014-2024. Una d\u00e9cada de la historia de la Corona de Espa\u00f1a\u00bb en Palacio Real<\/span><\/li>\n<li><span style=\"color: initial;\">Hasta el 2 de marzo: exposici\u00f3n \u00abJuramentos de papel. El pacto ciudadano en los dibujos de Jos\u00e9 de Madrazo\u00bb en el Prado<\/span><\/li>\n<li><span style=\"color: initial;\">Hasta el 2 de marzo: <\/span><a href=\"https:\/\/www.vidademadrid.com\/es\/58038\/escultura-color-siglo-de-oro-museo-del-prado-fechas-2024-museo-del-prado\/\"><strong>exposici\u00f3n \u00abDarse la mano. Escultura y color en el Siglo de Oro\u00bb en el Prado<\/strong><\/a><\/li>\n<li><span style=\"color: initial;\">Hasta el <\/span>10 de marzo: exposici\u00f3n \u00abSoledad Sevilla. Ritmos, tramas, variables\u00bb en el Museo Reina Sof\u00eda<\/li>\n<li><span style=\"color: initial;\">Hasta el 16 de marzo: exposici\u00f3n <\/span><a href=\"https:\/\/www.vidademadrid.com\/es\/58266\/sigmar-polke-exposicion-museo-del-prado-2024\/\">\u00abSigmar Polke. Afinidades desveladas\u00bb en el Prado<\/a><\/li>\n<li><span style=\"color: initial;\">Hasta el 17 de marzo: exposici\u00f3n \u00abEn el aire conmovido&#8230;\u00bb en el Museo Reina Sof\u00eda<\/span><\/li>\n<li>Hasta el 23 de marzo: exposici\u00f3n \u00abUn tiempo el\u00e1stico 2013-2023\u00bb en Centro Arte Complutense<\/li>\n<li>Hasta el 30 de marzo: \u00abHistoria de una escalera\u00bb en el Teatro Espa\u00f1ol<\/li>\n<li><span style=\"color: initial;\">Hasta el <\/span> 30 de marzo: <a href=\"https:\/\/www.vidademadrid.com\/es\/57249\/exposicion-lorenzo-caprile-madrid-2024\/\">exposici\u00f3n \u00abCaprile Lorenzo\u00bb en la Sala Canal de Isabel II.<\/a><\/li>\n<li>Hasta el 31 de marzo: \u00abOpera to a Black Venus\u00bb de Grada Kilomba en el Museo Reina Sof\u00eda<\/li>\n<li><span style=\"color: initial;\">Hasta el 6 de abril:<\/span><a href=\"https:\/\/www.vidademadrid.com\/es\/57005\/dinosaruious-patagonia-nueva-exposicion-caixaforum\/\"> Exposici\u00f3n \u00abDinosaurios de la Patagonia\u00bb en el CaixaForum<\/a><\/li>\n<li><span style=\"color: initial;\">Hasta el 6 de abril: exposici\u00f3n \u00abNen\u00fafares y Twombly\u00bb de Manolo Oyonarte en C.A.V. La Neomud\u00e9jar<\/span><\/li>\n<li><span style=\"color: initial;\">Hasta el 20 de abril<\/span>: <a href=\"https:\/\/www.vidademadrid.com\/es\/57197\/exposicion-sorolla-galeria-colecciones-reales-entradas-fechas\/\">\u00abSorolla, cien a\u00f1os de modernidad\u00bb en la Galer\u00eda de las Colecciones Reales<\/a><\/li>\n<li>Hasta el 20 de abril \u00abCaminos m\u00edsticos &#8211; Tradiciones vivas en el arte de la India\u00bb en el Museo de Antropolog\u00eda<\/li>\n<li>Hasta el 27 de abril: \u00abInvictus\u00bb, un recorrido por el deporte madrile\u00f1o en el Museo de Historia de Madrid<\/li>\n<li><span style=\"color: initial;\">Hasta el 4 de mayo: \u2018Jaume <\/span><span style=\"color: initial;\">Plensa. Materia interior\u2019 en el Espacio Fundaci\u00f3n Telef\u00f3nica<\/span><\/li>\n<li>Hasta el 4 de mayo: \u201cMax Ernst: Surrealismo, Arte y Cine\u201d en el C\u00edrculo de Bellas Artes de Madrid<\/li>\n<li>Hasta el 18 de mayo: exposici\u00f3n \u00abRafael Canogar. [I] Realidades [Obras 1949-2024]\u00bb en Centrocentro<\/li>\n<li><span style=\"color: initial;\">Hasta el <\/span>20 de julio: <a href=\"https:\/\/www.vidademadrid.com\/es\/57803\/exposicion-coleccion-masaveu-arte-espanol-siglo-xx-entradas-fechas-2024\/\">\u00abArte espa\u00f1ol del siglo XX. De Picasso a Barcel\u00f3\u00bb en la Fundaci\u00f3n Mar\u00eda Cristina Masaveu Peterson<\/a><\/li>\n<\/ul>\n<p><strong style=\"color: initial;\">TEATRO:<\/strong><\/p>\n<ul>\n<li><a href=\"https:\/\/www.vidademadrid.com\/es\/57800\/cartelera-musicales-en-madrid-2024-2025\/\">Todos los musicales de la temporada en Madri<\/a><a href=\"https:\/\/www.vidademadrid.com\/es\/57800\/cartelera-musicales-en-madrid-2024-2025\/\">d<\/a><\/li>\n<li>Hasta el 9 de marzo: \u00abLos de ah\u00ed\u00bb en Teatro Mar\u00eda Guerrero<\/li>\n<li>Al menos hasta el 30 marzo:<strong> <a href=\"https:\/\/www.vidademadrid.com\/es\/57403\/pilares-de-la-tierra-musical-madrid-fechas-entradas-2024\/\">\u00abLos pilares de la tierra, el musical\u00bb en Teatro EDP Gran V\u00eda<\/a><\/strong><\/li>\n<li><span style=\"color: initial;\">Hasta al menos el 30 de marzo:<a href=\"https:\/\/www.vidademadrid.com\/es\/50140\/the-book-mormon-fechas-entradas-teatro-calderon-madrid-2023\/\"> The Book of Mormon<\/a> \u00a0en el Teatro Calder\u00f3n<\/span><\/li>\n<li>Hasta el 20 de abril: El fantasma de la \u00d3pera en Umusic Hotel Teatro Alb\u00e9niz<\/li>\n<li><span style=\"color: initial;\">Hasta al menos el 23 de febrero: \u00abEl Mago Pop &#8211; Nada Es Imposible Broadway Edition\u00bb<\/span><\/li>\n<li>Al menos hasta el 27 de abril: <a href=\"https:\/\/www.vidademadrid.com\/es\/52190\/mamma-mia-musical-segunda-temporada-entradas-2023\/\">\u00abMamma mia! El musical\u00bb, segunda temporada<\/a><\/li>\n<li><span style=\"color: initial;\">Hasta el 27 de abril: obra familiar \u00abPinocha, el musical\u00bb en Teatro Figaro<\/span><\/li>\n<li>Al menos hasta el 4 de mayo: <a href=\"https:\/\/www.vidademadrid.com\/es\/40842\/mamma-mia-musical-madrid-entradas-gran-via-2022\/\">\u00ab<\/a><a href=\"https:\/\/www.vidademadrid.com\/es\/47445\/aladdin-el-musical-madrid-2023-entradas-teatro-coliseum\/\">Aladd\u00edn, el musical<\/a><a href=\"https:\/\/www.vidademadrid.com\/es\/40842\/mamma-mia-musical-madrid-entradas-gran-via-2022\/\">\u00bb<\/a><\/li>\n<li>El Rey Le\u00f3n, el musical, en el Teatro Lope de Vega<\/li>\n<\/ul>\n<p><strong>M\u00c1S ACTIVIDADES:<\/strong><\/p>\n<ul>\n<li>Hasta el 9 de marzo: Exposici\u00f3n inmersiva <a href=\"https:\/\/www.vidademadrid.com\/es\/54932\/titanic-exposicion-inmersiva-fechas-entradas-2024\/\">La Leyenda del Titanic en MAD &#8211; Matadero<\/a><\/li>\n<li><span style=\"color: initial;\">Hasta el 16 de marzo: <a href=\"https:\/\/www.instagram.com\/reel\/DFa6Qenti1N\/\">espect\u00e1culo de luz inmersivo \u00abEnlightment\u00bb en la Iglesia Evang\u00e9lica de Habla Alemana<\/a><\/span><\/li>\n<li><span style=\"color: initial;\">Hasta el 16 de marzo: <\/span><a href=\"https:\/\/www.vidademadrid.com\/es\/57388\/harry-potter-exhibition-madrid-fechas-entradas\/\">exposici\u00f3n interactiva \u2018Harry Potter: The Exhibition\u2019<\/a><\/li>\n<li><span style=\"color: initial;\">Hasta el 16 de marzo: <a href=\"https:\/\/www.vidademadrid.com\/es\/57971\/tomorrowland-experiencia-inmersiva-fechas-entradas-2024\/\">Tomorrowland Immersive Experience en el Movistar Arena<\/a><\/span><\/li>\n<li>Hasta el 23 de marzo: El Juego del Calamar experience<\/li>\n<li>Hasta el 30 de marzo: <a href=\"https:\/\/www.vidademadrid.com\/es\/57636\/exposicion-marvel-universe-of-super-heroes-madrid-fechas-entradas-2024\/\">exposici\u00f3n \u00abMarvel: Universe of Super Heroes\u00bb<\/a><\/li>\n<li style=\"list-style-type: none;\"><\/li>\n<\/ul>\n<p><strong>PLANES FOODIE:<\/strong><\/p>\n<ul>\n<li><span style=\"color: initial;\"><a style=\"font-weight: bold;\" href=\"https:\/\/www.instagram.com\/VidaDeMadrid\/\">Reportajes de los restaurantes de Madrid en las Stories destacadas de nuestra cuenta Instagram @vidademadrid<\/a><b>\u00a0<\/b><\/span><\/li>\n<\/ul>\n<p><a href=\"https:\/\/www.vidademadrid.com\/es\/planes\/\"><strong>M\u00e1s planes organizados por tipolog\u00eda en nuestro especial planes (vidademadrid.com\/planes)<\/strong><\/a><\/p>\n<h2>Planes de los pr\u00f3ximos meses de 2025&#8230;<\/h2>\n<ul>\n<li>Del 1 al 5 de marzo: Carnaval 2025<\/li>\n<li>Del 4 de marzo al 8 de junio: <a href=\"https:\/\/www.vidademadrid.com\/es\/58529\/exposiciones-temporales-del-museo-thyssen-2025\/\">exposici\u00f3n \u00abMarcel Proust y las Artes\u00bb en el Thyssen<\/a><\/li>\n<li>4 al 9 de marzo: SAM Sal\u00f3n de Arte Moderno en la Fundaci\u00f3n Carlos Amberes<\/li>\n<li>Del 4 de marzo al 8 de junio: \u00abEramos felices y no lo sab\u00edamos\u00bb en la Fundaci\u00f3n Casa de M\u00e9xico en Espa\u00f1a<\/li>\n<li>Del 5 al 9 de marzo: Arco 2025<\/li>\n<li>Del 5 al 9 de marzo: Art Madrid\u201925 en la Galer\u00eda de Cristal del Palacio de Cibeles<\/li>\n<li>Del 6 al 9 de marzo: Hybrid Art Fair 2025 en el Hotel Petit Santa B\u00e1rbara<\/li>\n<li>Del 6 al 9 de marzo: Artist 360 en el Centro de Convenciones del Hotel Ilunion P\u00edo XII<\/li>\n<li>Del 9 de marzo: obra teatral \u00abMujercitas\u00bb en el Teatro Pav\u00f3n &#8211; <a href=\"https:\/\/elpavonteatro.es\/programacion\/mujercitas\/\">info<\/a><\/li>\n<li>Hasta el 13 de marzo: Exposici\u00f3n \u00ab\u00c1lbum de Pompeya de Bernardino Monta\u00f1\u00e9s\u00bb en el COAM<\/li>\n<li>3 de abril al 10 de agosto: <a href=\"https:\/\/www.vidademadrid.com\/es\/57497\/visita-la-exposicion-los-mundos-de-alicia-sonar-el-pais-de-las-maravillas-en-caixaforum\/\">\u00abLos Mundos de Alicia\u00bb en el Caixaforum<\/a><\/li>\n<li>Del 7 al 10 de abril: Sal\u00f3n Gourmets 2025<\/li>\n<li>Del 8 al 18 de mayo: \u00abCarmen\u00bb de Antonio Gades y Carlos Saura en Teatro Alberniz<\/li>\n<li>Del 14 de mayo al 8 de septiembre:<a href=\"https:\/\/www.vidademadrid.com\/es\/58566\/exposiciones-temporales-museo-reina-sofia-2025\/\"> exposici\u00f3n \u00abN\u00e9stor reencontrado\u00bb en el Museo Reina Sof\u00eda\u00a0<\/a><\/li>\n<li>Del 21 de mayo al 22 de septiembre: <a href=\"https:\/\/www.vidademadrid.com\/es\/58566\/exposiciones-temporales-museo-reina-sofia-2025\/\">exposici\u00f3n \u00abMarisa<\/a><a href=\"https:\/\/www.vidademadrid.com\/es\/58566\/exposiciones-temporales-museo-reina-sofia-2025\/\"> Gonz\u00e1lez\u00bb en el Museo Reina Sof\u00eda<\/a><\/li>\n<li>Del 27 de mayo al 21 de septiembre:<a href=\"https:\/\/www.vidademadrid.com\/es\/58643\/exposiciones-temporales-museo-del-prado-2025-fechas-entradas\/\"> \u00abPaolo Veronese (1528-1588)\u00bb en el Museo del Prado\u00a0<\/a><\/li>\n<li>Del 28 de mayo al 20 de octubre: <a href=\"https:\/\/www.vidademadrid.com\/es\/58566\/exposiciones-temporales-museo-reina-sofia-2025\/\">exposici\u00f3n \u00abNaufus Ram\u00edrez-Figueroa\u00bb en el Museo Reina Sof\u00eda\u00a0<\/a><\/li>\n<li>Del 10 de junio al 14 de septiembre: <a href=\"https:\/\/www.vidademadrid.com\/es\/58643\/exposiciones-temporales-museo-del-prado-2025-fechas-entradas\/\">\u00abTan lejos, tan cerca. Guadalupe de M\u00e9xico en Espa\u00f1a\u00bb en el Prado\u00a0<\/a><\/li>\n<li>Del 21 de octubre de 2025 al 25 de enero de 2026: <a href=\"https:\/\/www.vidademadrid.com\/es\/58529\/exposiciones-temporales-del-museo-thyssen-2025\/\">exposici\u00f3n \u00abWarhol, Pollock y otros espacios americanos\u00bb en el Museo Thyssen<\/a><\/li>\n<li>Del 4 de noviembre de 2025 al 8 de marzo de 2026:<a href=\"https:\/\/www.vidademadrid.com\/es\/58643\/exposiciones-temporales-museo-del-prado-2025-fechas-entradas\/\"> \u00abEl Prado en femenino III: Promotoras art\u00edsticas de las colecciones del Museo (1701-1819)\u00bb<\/a><\/li>\n<li>Del 18 de noviembre de 2025 al 8 de marzo de 2026: <a href=\"https:\/\/www.vidademadrid.com\/es\/58643\/exposiciones-temporales-museo-del-prado-2025-fechas-entradas\/\">\u00abJuan Mu\u00f1oz\u00bb en el Prado<\/a><\/li>\n<li>Del 25 de noviembre de 2025 al 1 de marzo de 2026: <a href=\"https:\/\/www.vidademadrid.com\/es\/58643\/exposiciones-temporales-museo-del-prado-2025-fechas-entradas\/\">\u00abAntonio Raphael Mengs. El m\u00e1s grande pintor del siglo XVIII\u00bb en el Prado\u00a0<\/a><\/li>\n<li>Del 27 noviembre de 2025: <a href=\"https:\/\/www.vidademadrid.com\/es\/56147\/cartelera-teatro-madrid-2024-entradas\/\">Buscando a Audrey, el musical<\/a><\/li>\n<\/ul>\n<p><strong>\u00bfFalta algo? Inf\u00f3rmanos a info@vidademadrid.com o a publicidad@vidademadrid.com<\/strong><\/p>\n","protected":false},"excerpt":{"rendered":"<p>Siempre actualizada con nuevos planes<\/p>\n","protected":false},"author":1,"featured_media":58014,"comment_status":"open","ping_status":"open","sticky":false,"template":"","format":"standard","meta":{"footnotes":""},"categories":[193,187,119],"tags":[],"class_list":{"0":"post-58758","1":"post","2":"type-post","3":"status-publish","4":"format-standard","5":"has-post-thumbnail","7":"category-agenda-del-mes-madrid","8":"category-madrid-hoy","9":"category-portada"},"_links":{"self":[{"href":"https:\/\/www.vidademadrid.com\/es\/wp-json\/wp\/v2\/posts\/58758","targetHints":{"allow":["GET"]}}],"collection":[{"href":"https:\/\/www.vidademadrid.com\/es\/wp-json\/wp\/v2\/posts"}],"about":[{"href":"https:\/\/www.vidademadrid.com\/es\/wp-json\/wp\/v2\/types\/post"}],"author":[{"embeddable":true,"href":"https:\/\/www.vidademadrid.com\/es\/wp-json\/wp\/v2\/users\/1"}],"replies":[{"embeddable":true,"href":"https:\/\/www.vidademadrid.com\/es\/wp-json\/wp\/v2\/comments?post=58758"}],"version-history":[{"count":17,"href":"https:\/\/www.vidademadrid.com\/es\/wp-json\/wp\/v2\/posts\/58758\/revisions"}],"predecessor-version":[{"id":58951,"href":"https:\/\/www.vidademadrid.com\/es\/wp-json\/wp\/v2\/posts\/58758\/revisions\/58951"}],"wp:featuredmedia":[{"embeddable":true,"href":"https:\/\/www.vidademadrid.com\/es\/wp-json\/wp\/v2\/media\/58014"}],"wp:attachment":[{"href":"https:\/\/www.vidademadrid.com\/es\/wp-json\/wp\/v2\/media?parent=58758"}],"wp:term":[{"taxonomy":"category","embeddable":true,"href":"https:\/\/www.vidademadrid.com\/es\/wp-json\/wp\/v2\/categories?post=58758"},{"taxonomy":"post_tag","embeddable":true,"href":"https:\/\/www.vidademadrid.com\/es\/wp-json\/wp\/v2\/tags?post=58758"}],"curies":[{"name":"wp","href":"https:\/\/api.w.org\/{rel}","templated":true}]}}