{"id":58712,"date":"2025-01-27T10:27:58","date_gmt":"2025-01-27T09:27:58","guid":{"rendered":"https:\/\/www.vidademadrid.com\/es\/?p=58712"},"modified":"2025-01-27T10:28:01","modified_gmt":"2025-01-27T09:28:01","slug":"nueve-parques-cierran-este-lunes-el-retiro-cerrado-2025","status":"publish","type":"post","link":"https:\/\/www.vidademadrid.com\/es\/58712\/nueve-parques-cierran-este-lunes-el-retiro-cerrado-2025\/","title":{"rendered":"El Retiro y otros ocho parques cerrar\u00e1n este lunes por los fuertes vientos"},"content":{"rendered":"<p>Nueve parques hist\u00f3ricos y singulares de la ciudad de Madrid cerrar\u00e1n el d\u00eda de hoy por condiciones meteorol\u00f3gicas adversas seg\u00fan las previsiones de la Aemet.&nbsp;<\/p>\n<h2>Cierran parques por los fuertes vientos en Madrid&nbsp;<\/h2>\n<p><script async=\"\" src=\"https:\/\/pagead2.googlesyndication.com\/pagead\/js\/adsbygoogle.js\"><\/script> <ins class=\"adsbygoogle\" style=\"display:block\" data-ad-format=\"fluid\" data-ad-layout-key=\"-7f+eo+1+2-5\" data-ad-client=\"ca-pub-7450064428034605\" data-ad-slot=\"7327027071\"><\/ins><script>(adsbygoogle = window.adsbygoogle || []).push({});<\/script>De acuerdo con las previsiones de la Agencia Estatal de Meteorolog\u00eda (Aemet),&nbsp;<strong>fuertes vientos&nbsp;<\/strong>llegar\u00e1n a Madrid este lunes y alcanzar\u00e1n&nbsp;<strong>m\u00e1ximos de 75 km\/h de 15 a 18 horas.&nbsp;<\/strong>Se activar\u00e1 la alerta naranja y se restringir\u00e1 el acceso a la zonas infantiles, deportivas y de mayores.&nbsp;<\/p>\n<p>Por eso se cerrar\u00e1n nueve parques de 12 a 21 horas.&nbsp;El desalojo comenzar\u00e1 a las 10 horas.&nbsp;<\/p>\n<h2>El Retiro y ocho parques m\u00e1s cierran este lunes<\/h2>\n<p><script async=\"\" src=\"https:\/\/pagead2.googlesyndication.com\/pagead\/js\/adsbygoogle.js\"><\/script> <ins class=\"adsbygoogle\" style=\"display:block; text-align:center;\" data-ad-layout=\"in-article\" data-ad-format=\"fluid\" data-ad-client=\"ca-pub-7450064428034605\" data-ad-slot=\"5670045061\"><\/ins> <script>(adsbygoogle = window.adsbygoogle || []).push({});<\/script>Los parques que cerrar\u00e1n este lunes son:&nbsp;<\/p>\n<ul>\n<li><strong>El Retiro<\/strong><\/li>\n<li><strong>Parque del Capricho<\/strong><\/li>\n<li><strong>Rosaleda del Parque del Oeste&nbsp;<\/strong><\/li>\n<li><strong>Juan Carlos I<\/strong><\/li>\n<li><strong>Juan Pablo II<\/strong><\/li>\n<li><strong>Quinta de Fuente del Berro&nbsp;<\/strong><\/li>\n<li><strong>Quinta de los Molinos<\/strong><\/li>\n<li><strong>Quinta Torre Arias&nbsp;<\/strong><\/li>\n<li><strong>Parque Lineal del Manzanares<\/strong><\/li>\n<\/ul>\n<p>La reapertura se realizar\u00e1 una vez que se hayan evaluado y actuado sobre los posibles da\u00f1os en los \u00e1rboles.&nbsp;<\/p>\n","protected":false},"excerpt":{"rendered":"<p>Debido a las condiciones climatol\u00f3gicas. <\/p>\n","protected":false},"author":15,"featured_media":14513,"comment_status":"open","ping_status":"open","sticky":false,"template":"","format":"standard","meta":{"footnotes":""},"categories":[12],"tags":[],"class_list":{"0":"post-58712","1":"post","2":"type-post","3":"status-publish","4":"format-standard","5":"has-post-thumbnail","7":"category-actualidad-noticias-madrid"},"_links":{"self":[{"href":"https:\/\/www.vidademadrid.com\/es\/wp-json\/wp\/v2\/posts\/58712","targetHints":{"allow":["GET"]}}],"collection":[{"href":"https:\/\/www.vidademadrid.com\/es\/wp-json\/wp\/v2\/posts"}],"about":[{"href":"https:\/\/www.vidademadrid.com\/es\/wp-json\/wp\/v2\/types\/post"}],"author":[{"embeddable":true,"href":"https:\/\/www.vidademadrid.com\/es\/wp-json\/wp\/v2\/users\/15"}],"replies":[{"embeddable":true,"href":"https:\/\/www.vidademadrid.com\/es\/wp-json\/wp\/v2\/comments?post=58712"}],"version-history":[{"count":1,"href":"https:\/\/www.vidademadrid.com\/es\/wp-json\/wp\/v2\/posts\/58712\/revisions"}],"predecessor-version":[{"id":58713,"href":"https:\/\/www.vidademadrid.com\/es\/wp-json\/wp\/v2\/posts\/58712\/revisions\/58713"}],"wp:featuredmedia":[{"embeddable":true,"href":"https:\/\/www.vidademadrid.com\/es\/wp-json\/wp\/v2\/media\/14513"}],"wp:attachment":[{"href":"https:\/\/www.vidademadrid.com\/es\/wp-json\/wp\/v2\/media?parent=58712"}],"wp:term":[{"taxonomy":"category","embeddable":true,"href":"https:\/\/www.vidademadrid.com\/es\/wp-json\/wp\/v2\/categories?post=58712"},{"taxonomy":"post_tag","embeddable":true,"href":"https:\/\/www.vidademadrid.com\/es\/wp-json\/wp\/v2\/tags?post=58712"}],"curies":[{"name":"wp","href":"https:\/\/api.w.org\/{rel}","templated":true}]}}