{"id":58691,"date":"2025-01-22T17:37:40","date_gmt":"2025-01-22T16:37:40","guid":{"rendered":"https:\/\/www.vidademadrid.com\/es\/?p=58691"},"modified":"2025-01-22T22:07:07","modified_gmt":"2025-01-22T21:07:07","slug":"nuevo-precio-abono-transporte-comunidad-de-madrid-2025","status":"publish","type":"post","link":"https:\/\/www.vidademadrid.com\/es\/58691\/nuevo-precio-abono-transporte-comunidad-de-madrid-2025\/","title":{"rendered":"Adi\u00f3s a los descuentos del transporte p\u00fablico: Madrid mantendr\u00e1 las ayudas del 60%"},"content":{"rendered":"<p>Los descuentos del transporte p\u00fablico, que inicialmente ser\u00edan prorrogados durante los primeros seis meses del a\u00f1o, dejar\u00e1n de aplicarse este jueves 23 de enero. Te contamos toda la informaci\u00f3n en este art\u00edculo.<\/p>\n<h1>Actualizaci\u00f3n: Madrid mantendr\u00e1 el descuento en el abono transporte<\/h1>\n<h2>Madrid mantiene los descuentos en el abono transporte<\/h2>\n<p>La\u00a0<strong>Comunidad de Madrid\u00a0<\/strong>ha anunciado que\u00a0<strong>mantendr\u00e1 los descuentos del 60%.\u00a0<\/strong>Los usuarios del transporte p\u00fablico madrile\u00f1o van a seguir abonando los mismos precios que se han estado abonando hasta ahora.<\/p>\n<p>La presidenta de la Comunidad,\u00a0<strong>Isabel D\u00edaz Ayuso,\u00a0<\/strong>ha anunciado que la regi\u00f3n asumir\u00e1 la parte de la subvenci\u00f3n que hasta ahora estaba cubriendo el Gobierno central.<\/p>\n<h2>Estos son los servicios que ya no tendr\u00e1n descuento<\/h2>\n<p>El descuento se mantendr\u00e1 en los transportes gestionados por las comunidades aut\u00f3nomas o ayuntamientos, como ls autobuses urbanos, interurbanos, metros o tranv\u00edas. Sin embargo, el\u00a0<strong>abono de tren y autob\u00fas\u00a0<\/strong>que dependen del Estado volver\u00e1n a sus tarifas de 2019.<\/p>\n<p>Esto quiere decir que los abonos gratuitos de Renfe Cercan\u00edas y Media Distancia que se emitan a partir de ahora no tendr\u00e1n descuento.<\/p>\n<h1>Art\u00edculo: Adi\u00f3s a los descuentos p\u00fablicos: estos ser\u00e1n los precios a partir de ma\u00f1ana<\/h1>\n<h2>Termina el descuento en el transporte p\u00fablico<\/h2>\n<p><script async=\"\" src=\"https:\/\/pagead2.googlesyndication.com\/pagead\/js\/adsbygoogle.js\"><\/script> <ins class=\"adsbygoogle\" style=\"display: block;\" data-ad-format=\"fluid\" data-ad-layout-key=\"-7f+eo+1+2-5\" data-ad-client=\"ca-pub-7450064428034605\" data-ad-slot=\"7327027071\"><\/ins><script>(adsbygoogle = window.adsbygoogle || []).push({});<\/script>El decreto ley que aprob\u00f3 en diciembre el Gobierno y que prorrogaba los descuentos al transporte p\u00fablico ha sido rechazado en el Congreso este mi\u00e9rcoles.<\/p>\n<p>El decreto \u00f3mnibus dejar\u00e1 de aplicarse el\u00a0<strong>jueves 23 de enero de 2025.<\/strong> En Madrid, desaparece la subvenci\u00f3n del abono mensual y los t\u00edtulos de 10 viajes.<\/p>\n<p>Desaparecen tambi\u00e9n los abonos gratuitos para viajar en Cercan\u00edas, Rodalies y Media distancia.<\/p>\n<h2>Precio de los abonos transportes 2025<\/h2>\n<p><script async=\"\" src=\"https:\/\/pagead2.googlesyndication.com\/pagead\/js\/adsbygoogle.js\"><\/script> <ins class=\"adsbygoogle\" style=\"display: block; text-align: center;\" data-ad-layout=\"in-article\" data-ad-format=\"fluid\" data-ad-client=\"ca-pub-7450064428034605\" data-ad-slot=\"5670045061\"><\/ins> <script>(adsbygoogle = window.adsbygoogle || []).push({});<\/script>Estos ser\u00e1n los precios del Abono Transporte en la Comunidad de Madrid a partir de 23 de enero de 2025:<\/p>\n<ul>\n<li>Zona A: pasar\u00e1 de 21,80 euros a 54,60 euros.<\/li>\n<li>Zona B1: pasar\u00e1 de 25,40 euros a 63,70 euros.<\/li>\n<li>Zona B2: pasar\u00e1 de 28,80 euros a los 72 euros.<\/li>\n<li>Zona B3, C1 y C2: pasar\u00e1 de 32,80 euros a los 82 euros.<\/li>\n<li>Zona E1: pasar\u00e1 de 44,20 a los 110,60 euros.<\/li>\n<li>Zona E2: pasar\u00e1 de 52,70 a los 131,80 euros.<\/li>\n<li>Abono Joven: pasar\u00e1 de 8 a 20 euros.<\/li>\n<li>Abono 10 viajes (Zona A, EMT y ML1): pasar\u00e1 de 6,10 a 12,20 euros.<\/li>\n<li>Abono 10 viajes con ML2 y ML3: pasar\u00e1 de 9,10 a 18,30 euros.<\/li>\n<\/ul>\n<p>El Abono Tercera Edad seguir\u00e1 siendo gratuito para todas las zonas.<\/p>\n<div class=\"heateor_sss_sharing_container heateor_sss_vertical_sharing\" data-heateor-sss-href=\"https:\/\/www.vidademadrid.com\/es\/57916\/precios-abono-transporte-2025-madrid\/\">\n<div class=\"heateor_sss_sharing_ul\"><\/div>\n<div class=\"heateorSssClear\"><\/div>\n<\/div>\n<div class=\"td-a-rec td-a-rec-id-content_bottom  tdi_7_10a td_block_template_4\">\n<div id=\"vr-l4g21ufrq0g-viralize-wide-wrapper\" class=\"vr-l4g21ufrq0g-reset vr-l4g21ufrq0g-hidden vr-l4g21ufrq0g-brand-showheroes\">\n<div id=\"vr-l4g21ufrq0g-wrapper\" class=\"vr-l4g21ufrq0g-aspect-ratio-landscape\"><\/div>\n<\/div>\n<\/div>\n","protected":false},"excerpt":{"rendered":"<p>Te contamos cu\u00e1les ser\u00e1n los nuevos precios. <\/p>\n","protected":false},"author":15,"featured_media":43622,"comment_status":"open","ping_status":"open","sticky":false,"template":"","format":"standard","meta":{"footnotes":""},"categories":[12,119,23],"tags":[],"class_list":{"0":"post-58691","1":"post","2":"type-post","3":"status-publish","4":"format-standard","5":"has-post-thumbnail","7":"category-actualidad-noticias-madrid","8":"category-portada","9":"category-transportes-huelgas-madrid"},"_links":{"self":[{"href":"https:\/\/www.vidademadrid.com\/es\/wp-json\/wp\/v2\/posts\/58691","targetHints":{"allow":["GET"]}}],"collection":[{"href":"https:\/\/www.vidademadrid.com\/es\/wp-json\/wp\/v2\/posts"}],"about":[{"href":"https:\/\/www.vidademadrid.com\/es\/wp-json\/wp\/v2\/types\/post"}],"author":[{"embeddable":true,"href":"https:\/\/www.vidademadrid.com\/es\/wp-json\/wp\/v2\/users\/15"}],"replies":[{"embeddable":true,"href":"https:\/\/www.vidademadrid.com\/es\/wp-json\/wp\/v2\/comments?post=58691"}],"version-history":[{"count":2,"href":"https:\/\/www.vidademadrid.com\/es\/wp-json\/wp\/v2\/posts\/58691\/revisions"}],"predecessor-version":[{"id":58694,"href":"https:\/\/www.vidademadrid.com\/es\/wp-json\/wp\/v2\/posts\/58691\/revisions\/58694"}],"wp:featuredmedia":[{"embeddable":true,"href":"https:\/\/www.vidademadrid.com\/es\/wp-json\/wp\/v2\/media\/43622"}],"wp:attachment":[{"href":"https:\/\/www.vidademadrid.com\/es\/wp-json\/wp\/v2\/media?parent=58691"}],"wp:term":[{"taxonomy":"category","embeddable":true,"href":"https:\/\/www.vidademadrid.com\/es\/wp-json\/wp\/v2\/categories?post=58691"},{"taxonomy":"post_tag","embeddable":true,"href":"https:\/\/www.vidademadrid.com\/es\/wp-json\/wp\/v2\/tags?post=58691"}],"curies":[{"name":"wp","href":"https:\/\/api.w.org\/{rel}","templated":true}]}}