{"id":58673,"date":"2025-01-21T12:26:40","date_gmt":"2025-01-21T11:26:40","guid":{"rendered":"https:\/\/www.vidademadrid.com\/es\/?p=58673"},"modified":"2025-01-21T12:26:42","modified_gmt":"2025-01-21T11:26:42","slug":"asi-sera-la-nueva-plaza-del-dos-de-mayo-2025","status":"publish","type":"post","link":"https:\/\/www.vidademadrid.com\/es\/58673\/asi-sera-la-nueva-plaza-del-dos-de-mayo-2025\/","title":{"rendered":"As\u00ed ser\u00e1 la nueva plaza del Dos de Mayo: se trasladar\u00e1 la estatua y habr\u00e1 m\u00e1s \u00e1rboles"},"content":{"rendered":"<p>El <strong>Ayuntamiento de Madrid&nbsp;<\/strong>ha dado a conocer el&nbsp;<strong>dise\u00f1o elegido&nbsp;<\/strong>para la nueva&nbsp;<strong>plaza del Dos de Mayo,&nbsp;<\/strong>el epicentro del barrio de Malasa\u00f1a. Entre las novedades de la reforma hay nuevo arbolado, el traslado de su ic\u00f3nica estatua y una gran explanada de tierra.&nbsp;<\/p>\n<h2>Reforma de la plaza del Dos de Mayo&nbsp;<\/h2>\n<p><script async=\"\" src=\"https:\/\/pagead2.googlesyndication.com\/pagead\/js\/adsbygoogle.js\"><\/script> <ins class=\"adsbygoogle\" style=\"display:block\" data-ad-format=\"fluid\" data-ad-layout-key=\"-7f+eo+1+2-5\" data-ad-client=\"ca-pub-7450064428034605\" data-ad-slot=\"7327027071\"><\/ins><script>(adsbygoogle = window.adsbygoogle || []).push({});<\/script>El proyecto de reforma de la&nbsp;<strong>nueva plaza del Dos de Mayo&nbsp;<\/strong>elegido por el Ayuntamiento de Madrid, entre las 59 propuestas recibidas, transformar\u00e1 esta ic\u00f3nica plaza ubicada en el coraz\u00f3n de Malasa\u00f1a.&nbsp;<\/p>\n<p>El proyecto despejar\u00e1 el cuadro central y se instalar\u00e1 un suelo de tierra. Adem\u00e1s, habr\u00e1 nuevo arbolado para aumentar la zona de sombra e integrar la masa arb\u00f3rea que se extender\u00e1 por las calles aleda\u00f1as.&nbsp;<\/p>\n<p>Esta propuesta tambi\u00e9n plantea la reubicaci\u00f3n del quiosco y las terrazas de hosteler\u00eda, coloc\u00e1ndolas junto a la l\u00ednea de \u00e1rboles. Tambi\u00e9n este proyecto plantea un jard\u00edn urbano, \u00abrefugio clim\u00e1tico\u00bb y un parque de juegos infantiles.&nbsp;<\/p>\n<p>Otro elemento del proyecto es&nbsp;<strong>el desplazamiento de la estatua&nbsp;<\/strong>en honor a Dao\u00edz y Velarde que se movera desde el centro de la plaza hasta la entrada hacia la calle Dos de Mayo, es decir que volver\u00eda a la ubicaci\u00f3n que ten\u00eda hace un siglo. El arco de Montele\u00f3n se mantendr\u00e1 en su sitio aunque ser\u00e1 ligeramente elevado.&nbsp;<\/p>\n<h2>As\u00ed ser\u00e1 la nueva plaza del Dos de Mayo<\/h2>\n<p><script async=\"\" src=\"https:\/\/pagead2.googlesyndication.com\/pagead\/js\/adsbygoogle.js\"><\/script> <ins class=\"adsbygoogle\" style=\"display:block; text-align:center;\" data-ad-layout=\"in-article\" data-ad-format=\"fluid\" data-ad-client=\"ca-pub-7450064428034605\" data-ad-slot=\"5670045061\"><\/ins> <script>(adsbygoogle = window.adsbygoogle || []).push({});<\/script>La nueva plaza del Dos de Mayo ser\u00e1 as\u00ed:<\/p>\n<figure style=\"width: 1200px\" class=\"wp-caption alignnone\"><img loading=\"lazy\" decoding=\"async\" src=\"https:\/\/static.eldiario.es\/clip\/defa79d9-9fb6-4350-984c-d6141859dc28_16-9-discover-aspect-ratio_default_0.jpg\" alt=\"Proyecto ganador para la reforma del Dos de Mayo\" width=\"1200\" height=\"675\"><figcaption class=\"wp-caption-text\">Foto: Ayuntamiento de Madrid<\/figcaption><\/figure>\n<figure style=\"width: 1200px\" class=\"wp-caption alignnone\"><img loading=\"lazy\" decoding=\"async\" src=\"https:\/\/static.eldiario.es\/clip\/c1623443-8423-45b9-adcd-78d7c3b03bc2_16-9-discover-aspect-ratio_default_0.jpg\" alt=\"\" width=\"1200\" height=\"675\"><figcaption class=\"wp-caption-text\">Foto: Ayuntamiento de Madrid<\/figcaption><\/figure>\n<figure style=\"width: 1200px\" class=\"wp-caption alignnone\"><img loading=\"lazy\" decoding=\"async\" src=\"https:\/\/static.eldiario.es\/clip\/ec813385-418b-4cce-b1c5-475fb47be95a_16-9-discover-aspect-ratio_default_0.jpg\" alt=\"\" width=\"1200\" height=\"675\"><figcaption class=\"wp-caption-text\">Foto: Ayuntamiento de Madrid<\/figcaption><\/figure>\n<figure style=\"width: 1200px\" class=\"wp-caption alignnone\"><img loading=\"lazy\" decoding=\"async\" src=\"https:\/\/static.eldiario.es\/clip\/f859e2ff-a341-4347-b3e1-3239399124a9_16-9-discover-aspect-ratio_default_0.jpg\" alt=\"\" width=\"1200\" height=\"675\"><figcaption class=\"wp-caption-text\">Foto: Ayuntamiento de Madrid<\/figcaption><\/figure>\n<p>Fotos del proyecto publicadas por El Diario.<\/p>\n","protected":false},"excerpt":{"rendered":"<p>Se recibieron 59 ideas de remodelaci\u00f3n. <\/p>\n","protected":false},"author":15,"featured_media":49910,"comment_status":"open","ping_status":"open","sticky":false,"template":"","format":"standard","meta":{"footnotes":""},"categories":[12],"tags":[],"class_list":{"0":"post-58673","1":"post","2":"type-post","3":"status-publish","4":"format-standard","5":"has-post-thumbnail","7":"category-actualidad-noticias-madrid"},"_links":{"self":[{"href":"https:\/\/www.vidademadrid.com\/es\/wp-json\/wp\/v2\/posts\/58673","targetHints":{"allow":["GET"]}}],"collection":[{"href":"https:\/\/www.vidademadrid.com\/es\/wp-json\/wp\/v2\/posts"}],"about":[{"href":"https:\/\/www.vidademadrid.com\/es\/wp-json\/wp\/v2\/types\/post"}],"author":[{"embeddable":true,"href":"https:\/\/www.vidademadrid.com\/es\/wp-json\/wp\/v2\/users\/15"}],"replies":[{"embeddable":true,"href":"https:\/\/www.vidademadrid.com\/es\/wp-json\/wp\/v2\/comments?post=58673"}],"version-history":[{"count":2,"href":"https:\/\/www.vidademadrid.com\/es\/wp-json\/wp\/v2\/posts\/58673\/revisions"}],"predecessor-version":[{"id":58675,"href":"https:\/\/www.vidademadrid.com\/es\/wp-json\/wp\/v2\/posts\/58673\/revisions\/58675"}],"wp:featuredmedia":[{"embeddable":true,"href":"https:\/\/www.vidademadrid.com\/es\/wp-json\/wp\/v2\/media\/49910"}],"wp:attachment":[{"href":"https:\/\/www.vidademadrid.com\/es\/wp-json\/wp\/v2\/media?parent=58673"}],"wp:term":[{"taxonomy":"category","embeddable":true,"href":"https:\/\/www.vidademadrid.com\/es\/wp-json\/wp\/v2\/categories?post=58673"},{"taxonomy":"post_tag","embeddable":true,"href":"https:\/\/www.vidademadrid.com\/es\/wp-json\/wp\/v2\/tags?post=58673"}],"curies":[{"name":"wp","href":"https:\/\/api.w.org\/{rel}","templated":true}]}}