{"id":58661,"date":"2025-01-20T11:48:29","date_gmt":"2025-01-20T10:48:29","guid":{"rendered":"https:\/\/www.vidademadrid.com\/es\/?p=58661"},"modified":"2025-01-20T11:48:31","modified_gmt":"2025-01-20T10:48:31","slug":"plan-renovacion-parque-el-retiro-29-zonas-seran-reformadas","status":"publish","type":"post","link":"https:\/\/www.vidademadrid.com\/es\/58661\/plan-renovacion-parque-el-retiro-29-zonas-seran-reformadas\/","title":{"rendered":"El Parque de El Retiro se renueva: 29 zonas ser\u00e1n reformadas y restauradas"},"content":{"rendered":"<p>El&nbsp;<strong>Parque de El Retiro<\/strong> ser\u00e1 restaurado y 29 de sus zonas tendr\u00e1n trabajos de reforma y recuperaci\u00f3n. El nuevo&nbsp;<strong>Plan Director,&nbsp;<\/strong>que se aprobar\u00e1 esta semana por la Junta del Gobierno, plantea la restauraci\u00f3n de casi 30 zonas del parque durante los pr\u00f3ximos 10 a\u00f1os.&nbsp;<\/p>\n<h2>29 zonas ser\u00e1n reformadas y restauradas en el Parque de El Retiro&nbsp;<\/h2>\n<p><script async=\"\" src=\"https:\/\/pagead2.googlesyndication.com\/pagead\/js\/adsbygoogle.js\"><\/script> <ins class=\"adsbygoogle\" style=\"display:block\" data-ad-format=\"fluid\" data-ad-layout-key=\"-7f+eo+1+2-5\" data-ad-client=\"ca-pub-7450064428034605\" data-ad-slot=\"7327027071\"><\/ins><script>(adsbygoogle = window.adsbygoogle || []).push({});<\/script>Por primera vez, el Parque de El Retiro tendr\u00e1 un plan director que marcar\u00e1 el plan de restauraci\u00f3n y obras a las que se someter\u00e1 el parque durante los pr\u00f3ximos 10 a\u00f1os. Una de las directrices de este Plan Director es la creaci\u00f3n de una&nbsp;<strong>l\u00ednea est\u00e9tica homog\u00e9nea <\/strong>para los jardines.<\/p>\n<p>El Plan Director establece&nbsp;<strong>29 zonas <\/strong>de El Retiro que ser\u00e1n sometidas a obras para <strong>protegerlas <\/strong>tanto del punto de vista ecol\u00f3gico como paisaj\u00edstico con el fin de preservar su dise\u00f1o e identidad.<\/p>\n<h3>Estas son las zonas que ser\u00e1n reformadas en El Retiro<\/h3>\n<p><script async=\"\" src=\"https:\/\/pagead2.googlesyndication.com\/pagead\/js\/adsbygoogle.js\"><\/script> <ins class=\"adsbygoogle\" style=\"display:block; text-align:center;\" data-ad-layout=\"in-article\" data-ad-format=\"fluid\" data-ad-client=\"ca-pub-7450064428034605\" data-ad-slot=\"5670045061\"><\/ins> <script>(adsbygoogle = window.adsbygoogle || []).push({});<\/script>Las 29 \u00e1reas donde se va a actuar en el retiro son:&nbsp;<\/p>\n<p>La&nbsp;<strong>Monta\u00f1a Artificial, <\/strong>abierta recientemente;&nbsp;los Jardines del Reservado; Plaza M\u00e1rmol y Biblioteca de Eugenio Tr\u00edas; Antigua Casa de Fieras; Jardines de Cecilio Rodriguez; Observatorio Meteorol\u00f3gico; Paseo de Carruajes; Paseo del Duque de Fern\u00e1n N\u00fa\u00f1ez; Jard\u00edn de la Rocalla; Encinar; Zona canina; La Rosaleda y su entorno; Campo Grande; Jard\u00edn anglo-chino; Estanque Grande; Plaza de Galicia; Planteles de la Magdalena; el reci\u00e9n reformado Paseo de M\u00e9xico; El Povar; Paseo de las Estatuas; Estanque de Campanillas; Jard\u00edn Barroco; El Parterre; Planteles; La Chopera; Cementerio; Huerto del Franc\u00e9s y Estufas.&nbsp;<\/p>\n<h2>Otras l\u00edneas de renovaci\u00f3n en el Parque de El Retiro&nbsp;<\/h2>\n<h3>Renovaci\u00f3n del arbolado&nbsp;<\/h3>\n<p>Otra medida que contempla el&nbsp;<strong>Plan Director&nbsp;<\/strong>es la&nbsp;<strong>renovaci\u00f3n por zonas del arbolado.&nbsp;<\/strong>Se busca enriquecer el paisaje del parque con nuevo arbolado as\u00ed como el mantenimiento del arbolado actual.&nbsp;<\/p>\n<h3>Gu\u00eda para actos y ferias<\/h3>\n<p>As\u00ed mismo, el&nbsp;<strong>Ayuntamiento de Madrid<\/strong> elaborar\u00e1 una gu\u00eda para actos p\u00fablicos y ferias que se celebrar\u00e1n en&nbsp;<strong>El Retiro.&nbsp;<\/strong>Las medidas que contempla esta gu\u00eda es: la minimizaci\u00f3n, reutilizaci\u00f3n, separaci\u00f3n y reciclaje de los residuos; eficiencia energ\u00e9tica; ahorro en el consumo de agua; mejor accesibilidad; elecci\u00f3n de ubicaciones menos sensibles; protecci\u00f3n de flora y fauna; reducci\u00f3n de la contaminaci\u00f3n ac\u00fastica y lum\u00ednica y concienciaci\u00f3n de las personas que visitan los jardines.<\/p>\n<h3>Centro de visitantes de El Retiro&nbsp;<\/h3>\n<p>El&nbsp;<strong>Plan Director&nbsp;<\/strong>contempla la creaci\u00f3n de un&nbsp;<strong>centro de atenci\u00f3n e informaci\u00f3n&nbsp;<\/strong>para los visitantes de El Retiro.&nbsp;<\/p>\n<h3>Mejor accesibilidad&nbsp;<\/h3>\n<p>Se crear\u00e1n itinerarios accesibles para posibilitar los puntos de visita m\u00e1s importantes con la se\u00f1alizaci\u00f3n adecuada.&nbsp;<\/p>\n<p>&nbsp;<\/p>\n","protected":false},"excerpt":{"rendered":"<p>El plan de renovaci\u00f3n tendr\u00e1n una duraci\u00f3n de 10 a\u00f1os. <\/p>\n","protected":false},"author":15,"featured_media":54902,"comment_status":"open","ping_status":"open","sticky":false,"template":"","format":"standard","meta":{"footnotes":""},"categories":[12],"tags":[],"class_list":{"0":"post-58661","1":"post","2":"type-post","3":"status-publish","4":"format-standard","5":"has-post-thumbnail","7":"category-actualidad-noticias-madrid"},"_links":{"self":[{"href":"https:\/\/www.vidademadrid.com\/es\/wp-json\/wp\/v2\/posts\/58661","targetHints":{"allow":["GET"]}}],"collection":[{"href":"https:\/\/www.vidademadrid.com\/es\/wp-json\/wp\/v2\/posts"}],"about":[{"href":"https:\/\/www.vidademadrid.com\/es\/wp-json\/wp\/v2\/types\/post"}],"author":[{"embeddable":true,"href":"https:\/\/www.vidademadrid.com\/es\/wp-json\/wp\/v2\/users\/15"}],"replies":[{"embeddable":true,"href":"https:\/\/www.vidademadrid.com\/es\/wp-json\/wp\/v2\/comments?post=58661"}],"version-history":[{"count":2,"href":"https:\/\/www.vidademadrid.com\/es\/wp-json\/wp\/v2\/posts\/58661\/revisions"}],"predecessor-version":[{"id":58663,"href":"https:\/\/www.vidademadrid.com\/es\/wp-json\/wp\/v2\/posts\/58661\/revisions\/58663"}],"wp:featuredmedia":[{"embeddable":true,"href":"https:\/\/www.vidademadrid.com\/es\/wp-json\/wp\/v2\/media\/54902"}],"wp:attachment":[{"href":"https:\/\/www.vidademadrid.com\/es\/wp-json\/wp\/v2\/media?parent=58661"}],"wp:term":[{"taxonomy":"category","embeddable":true,"href":"https:\/\/www.vidademadrid.com\/es\/wp-json\/wp\/v2\/categories?post=58661"},{"taxonomy":"post_tag","embeddable":true,"href":"https:\/\/www.vidademadrid.com\/es\/wp-json\/wp\/v2\/tags?post=58661"}],"curies":[{"name":"wp","href":"https:\/\/api.w.org\/{rel}","templated":true}]}}