{"id":58611,"date":"2025-01-13T10:36:34","date_gmt":"2025-01-13T09:36:34","guid":{"rendered":"https:\/\/www.vidademadrid.com\/es\/?p=58611"},"modified":"2025-01-13T15:16:39","modified_gmt":"2025-01-13T14:16:39","slug":"billete-unico-de-transporte-publico-en-espana-como-funciona-2025","status":"publish","type":"post","link":"https:\/\/www.vidademadrid.com\/es\/58611\/billete-unico-de-transporte-publico-en-espana-como-funciona-2025\/","title":{"rendered":"El Gobierno anuncia la implantaci\u00f3n de un billete \u00fanico de transporte p\u00fablico"},"content":{"rendered":"<p>\u00d3scar Puente, el ministro de Transportes, ha anunciado que Espa\u00f1a podr\u00eda tener un\u00a0<strong>billete \u00fanico de transporte p\u00fablico <\/strong>que funcionar\u00e1 en todo el pa\u00eds. Te contamos toda la informaci\u00f3n en este art\u00edculo.<\/p>\n<h2>C\u00f3mo funcionar\u00e1 el billete \u00fanico de transporte p\u00fablico en Espa\u00f1a<\/h2>\n<p><script async=\"\" src=\"https:\/\/pagead2.googlesyndication.com\/pagead\/js\/adsbygoogle.js\"><\/script> <ins class=\"adsbygoogle\" style=\"display: block;\" data-ad-format=\"fluid\" data-ad-layout-key=\"-7f+eo+1+2-5\" data-ad-client=\"ca-pub-7450064428034605\" data-ad-slot=\"7327027071\"><\/ins><script>(adsbygoogle = window.adsbygoogle || []).push({});<\/script><\/p>\n<p>El\u00a0<strong>Ministerio de Transportes <\/strong>ha anunciado un <strong>billete \u00fanico de transporte p\u00fablico <\/strong>con el que los usuarios podr\u00e1n usar <strong>todo el transporte p\u00fablico de Espa\u00f1a<\/strong>. Funcionar\u00e1 con una tarifa plana.<\/p>\n<p>Con este billete se podr\u00e1 acceder a\u00a0<strong>trenes, metros, tranv\u00edas y autobuses. <\/strong>Se excluir\u00e1n de este abono la alta velocidad ferroviaria o determinadas l\u00edneas de larga distancia.<\/p>\n<p>El Ministerio de Transportes ha anunciado que el\u00a0<strong>billete \u00fanico de transporte\u00a0<\/strong>se implantar\u00eda en 2026.<\/p>\n<h2>Billete \u00fanico de transporte p\u00fablico en Espa\u00f1a<\/h2>\n<p><script async=\"\" src=\"https:\/\/pagead2.googlesyndication.com\/pagead\/js\/adsbygoogle.js\"><\/script> <ins class=\"adsbygoogle\" style=\"display: block; text-align: center;\" data-ad-layout=\"in-article\" data-ad-format=\"fluid\" data-ad-client=\"ca-pub-7450064428034605\" data-ad-slot=\"5670045061\"><\/ins> <script>(adsbygoogle = window.adsbygoogle || []).push({});<\/script><\/p>\n<p>El objetivo del billete \u00fanico de transporte p\u00fablico en Espa\u00f1a es replicar medidas similares que ya existen y se encuentran activas en otros pa\u00edses europeos como en Alemania (<em>Deutschlandticket<\/em>), donde existe un abono mensual que cuesta <strong>58 euros\u00a0<\/strong>y permite el uso de trenes regionales, autobuses, metro y tranv\u00edas de todo el pa\u00eds.<\/p>\n","protected":false},"excerpt":{"rendered":"<p>Podr\u00e1s hacer uso de todo el transporte p\u00fablico con una tarifa plana. <\/p>\n","protected":false},"author":15,"featured_media":54496,"comment_status":"open","ping_status":"open","sticky":false,"template":"","format":"standard","meta":{"footnotes":""},"categories":[12,187,119],"tags":[],"class_list":{"0":"post-58611","1":"post","2":"type-post","3":"status-publish","4":"format-standard","5":"has-post-thumbnail","7":"category-actualidad-noticias-madrid","8":"category-madrid-hoy","9":"category-portada"},"_links":{"self":[{"href":"https:\/\/www.vidademadrid.com\/es\/wp-json\/wp\/v2\/posts\/58611","targetHints":{"allow":["GET"]}}],"collection":[{"href":"https:\/\/www.vidademadrid.com\/es\/wp-json\/wp\/v2\/posts"}],"about":[{"href":"https:\/\/www.vidademadrid.com\/es\/wp-json\/wp\/v2\/types\/post"}],"author":[{"embeddable":true,"href":"https:\/\/www.vidademadrid.com\/es\/wp-json\/wp\/v2\/users\/15"}],"replies":[{"embeddable":true,"href":"https:\/\/www.vidademadrid.com\/es\/wp-json\/wp\/v2\/comments?post=58611"}],"version-history":[{"count":1,"href":"https:\/\/www.vidademadrid.com\/es\/wp-json\/wp\/v2\/posts\/58611\/revisions"}],"predecessor-version":[{"id":58612,"href":"https:\/\/www.vidademadrid.com\/es\/wp-json\/wp\/v2\/posts\/58611\/revisions\/58612"}],"wp:featuredmedia":[{"embeddable":true,"href":"https:\/\/www.vidademadrid.com\/es\/wp-json\/wp\/v2\/media\/54496"}],"wp:attachment":[{"href":"https:\/\/www.vidademadrid.com\/es\/wp-json\/wp\/v2\/media?parent=58611"}],"wp:term":[{"taxonomy":"category","embeddable":true,"href":"https:\/\/www.vidademadrid.com\/es\/wp-json\/wp\/v2\/categories?post=58611"},{"taxonomy":"post_tag","embeddable":true,"href":"https:\/\/www.vidademadrid.com\/es\/wp-json\/wp\/v2\/tags?post=58611"}],"curies":[{"name":"wp","href":"https:\/\/api.w.org\/{rel}","templated":true}]}}