{"id":58529,"date":"2024-12-30T17:00:47","date_gmt":"2024-12-30T16:00:47","guid":{"rendered":"https:\/\/www.vidademadrid.com\/es\/?p=58529"},"modified":"2025-01-08T11:25:48","modified_gmt":"2025-01-08T10:25:48","slug":"exposiciones-temporales-del-museo-thyssen-2025","status":"publish","type":"post","link":"https:\/\/www.vidademadrid.com\/es\/58529\/exposiciones-temporales-del-museo-thyssen-2025\/","title":{"rendered":"Estas son las exposiciones temporales del Museo Thyssen en 2025"},"content":{"rendered":"<p>El&nbsp;<strong>Museo Nacional Thyssen-Bornemisza&nbsp;<\/strong>tendr\u00e1 cuatro exposiciones temporales, y una exposici\u00f3n en peque\u00f1o formato, este 2025. Te contamos toda la informaci\u00f3n en este art\u00edculo.&nbsp;<\/p>\n<h2>Exposiciones temporales del Museo Thyssen en 2025&nbsp;<\/h2>\n<p><script async=\"\" src=\"https:\/\/pagead2.googlesyndication.com\/pagead\/js\/adsbygoogle.js\"><\/script> <ins class=\"adsbygoogle\" style=\"display:block\" data-ad-format=\"fluid\" data-ad-layout-key=\"-7f+eo+1+2-5\" data-ad-client=\"ca-pub-7450064428034605\" data-ad-slot=\"7327027071\"><\/ins><script>(adsbygoogle = window.adsbygoogle || []).push({});<\/script>Estas ser\u00e1n las exposiciones temporales del Museo Thyssen-Bornemisza este 2025:<\/p>\n<h3>Guardi y Venecia en la colecci\u00f3n del Museo Gulbenkian&nbsp;<\/h3>\n<p>Por primera vez el Museo presenta en su totalidad en Madrid el conjunto de obras de Franceso Guardi perteneciente al Museo Calouste Gulbekian.&nbsp;<\/p>\n<p>Se expondr\u00e1n 18 \u00f3leos y un dibujo fechadas entre 1765 y 1791 e ilustran lugares ic\u00f3nicos de Venecia como el puente de Rialto o el palacio Ducal.&nbsp;<\/p>\n<p>Se podr\u00e1 visitar del 3 de febrero al 11 de mayo de 2025.&nbsp;&nbsp;<\/p>\n<h3>Marina Vargas: Revelaciones<\/h3>\n<p>La exposici\u00f3n \u00abRevelaciones\u00bb de Marina Vargas forma parte del ciclo \u00abKora\u00bb del Museo Thyssen-Bornemisza que busca visibilizar los trabajos realizados por mujeres artistas de la escena actual con una perspectiva de g\u00e9nero.&nbsp;<\/p>\n<p>En su obra Vargas explora las figuras de las mujeres en la historia del arte a partir de la figura de Mar\u00eda Magdalena.&nbsp;<\/p>\n<p>Se podr\u00e1 visitar del 10 de febrero al 4 de mayo de 2025.<\/p>\n<h3>Tarek Atoui. At-Tariq<\/h3>\n<p>En&nbsp;<em>At-T\u0101riq<\/em>, la m\u00fasica es la protagonista y se convierte en s\u00ed misma en un acto de hospitalidad. A trav\u00e9s de texturas y materiales entrelazados, esta instalaci\u00f3n sonora invita a los visitantes a habitar los umbrales entre lo tradicional y lo contempor\u00e1neo, lo familiar y lo desconocido, desvelando las inclinaciones n\u00f3madas presentes en esas afinidades.&nbsp;<\/p>\n<p>Se podr\u00e1 visitar del 18 de febrero al 18 de mayo de 2025.&nbsp;<\/p>\n<h3>Proust y las artes<\/h3>\n<p>La exposici\u00f3n Proust y las artes resalta la importancia que tuvo el arte en la obra de uno de los escritores m\u00e1s influyentes del siglo XX: Marcel Proust.&nbsp;<\/p>\n<p>Se expondr\u00e1n obras de Rembrandt, Vermeer, Van Dyck, Watteau, Turner, Manet, Monet, Renoir y m\u00e1s.&nbsp;<\/p>\n<p>Se podr\u00e1 visitar del 4 de marzo al 8 de junio de 2025.&nbsp;<\/p>\n<h3>Warhol, Pollock y otros espacios americanos&nbsp;<\/h3>\n<p><script async=\"\" src=\"https:\/\/pagead2.googlesyndication.com\/pagead\/js\/adsbygoogle.js\"><\/script> <ins class=\"adsbygoogle\" style=\"display:block; text-align:center;\" data-ad-layout=\"in-article\" data-ad-format=\"fluid\" data-ad-client=\"ca-pub-7450064428034605\" data-ad-slot=\"5670045061\"><\/ins> <script>(adsbygoogle = window.adsbygoogle || []).push({});<\/script>Esta exposici\u00f3n organiza esta exposici\u00f3n que re\u00fane la obra de estos grandes nombres de la pintura americana.&nbsp;<\/p>\n<p>Se podr\u00e1 visitar del 21 de octubre de 2025 al 25 de enero de 2026.&nbsp;<\/p>\n","protected":false},"excerpt":{"rendered":"<p>Te contamos todas las exposiciones temporales de este a\u00f1o. <\/p>\n","protected":false},"author":15,"featured_media":44125,"comment_status":"open","ping_status":"open","sticky":false,"template":"","format":"standard","meta":{"footnotes":""},"categories":[111,115],"tags":[],"class_list":{"0":"post-58529","1":"post","2":"type-post","3":"status-publish","4":"format-standard","5":"has-post-thumbnail","7":"category-exposiciones-madrid","8":"category-planes-del-momento-madrid"},"_links":{"self":[{"href":"https:\/\/www.vidademadrid.com\/es\/wp-json\/wp\/v2\/posts\/58529","targetHints":{"allow":["GET"]}}],"collection":[{"href":"https:\/\/www.vidademadrid.com\/es\/wp-json\/wp\/v2\/posts"}],"about":[{"href":"https:\/\/www.vidademadrid.com\/es\/wp-json\/wp\/v2\/types\/post"}],"author":[{"embeddable":true,"href":"https:\/\/www.vidademadrid.com\/es\/wp-json\/wp\/v2\/users\/15"}],"replies":[{"embeddable":true,"href":"https:\/\/www.vidademadrid.com\/es\/wp-json\/wp\/v2\/comments?post=58529"}],"version-history":[{"count":1,"href":"https:\/\/www.vidademadrid.com\/es\/wp-json\/wp\/v2\/posts\/58529\/revisions"}],"predecessor-version":[{"id":58532,"href":"https:\/\/www.vidademadrid.com\/es\/wp-json\/wp\/v2\/posts\/58529\/revisions\/58532"}],"wp:featuredmedia":[{"embeddable":true,"href":"https:\/\/www.vidademadrid.com\/es\/wp-json\/wp\/v2\/media\/44125"}],"wp:attachment":[{"href":"https:\/\/www.vidademadrid.com\/es\/wp-json\/wp\/v2\/media?parent=58529"}],"wp:term":[{"taxonomy":"category","embeddable":true,"href":"https:\/\/www.vidademadrid.com\/es\/wp-json\/wp\/v2\/categories?post=58529"},{"taxonomy":"post_tag","embeddable":true,"href":"https:\/\/www.vidademadrid.com\/es\/wp-json\/wp\/v2\/tags?post=58529"}],"curies":[{"name":"wp","href":"https:\/\/api.w.org\/{rel}","templated":true}]}}