{"id":58494,"date":"2024-12-24T16:32:31","date_gmt":"2024-12-24T15:32:31","guid":{"rendered":"https:\/\/www.vidademadrid.com\/es\/?p=58494"},"modified":"2024-12-24T16:32:34","modified_gmt":"2024-12-24T15:32:34","slug":"abono-transporte-madrid-precios-junio-2025","status":"publish","type":"post","link":"https:\/\/www.vidademadrid.com\/es\/58494\/abono-transporte-madrid-precios-junio-2025\/","title":{"rendered":"Abono de transporte en Madrid: estos ser\u00e1n los precios hasta junio de 2025"},"content":{"rendered":"<p>La&nbsp;<strong>Comunidad de Madrid&nbsp;<\/strong>ha dado a conocer qu\u00e9 pasar\u00e1 con los precios del&nbsp;<strong>abono de transporte p\u00fablico&nbsp;<\/strong>en 2025. Te contamos toda la informaci\u00f3n en este art\u00edculo.&nbsp;<\/p>\n<h2>Ayudas al transporte p\u00fablico en 2025&nbsp;<\/h2>\n<p><script async=\"\" src=\"https:\/\/pagead2.googlesyndication.com\/pagead\/js\/adsbygoogle.js\"><\/script> <ins class=\"adsbygoogle\" style=\"display:block\" data-ad-format=\"fluid\" data-ad-layout-key=\"-7f+eo+1+2-5\" data-ad-client=\"ca-pub-7450064428034605\" data-ad-slot=\"7327027071\"><\/ins><script>(adsbygoogle = window.adsbygoogle || []).push({});<\/script>La&nbsp;<strong>Comunidad de Madrid&nbsp;<\/strong>ha anunciado que las ayudas al transporte p\u00fablico se mantendr\u00e1n durante el primer semestre de 2025. Las rebajas de los abonos mensuales del transporte p\u00fablico tendr\u00e1n un 60% de descuento mientras que las tarjetas multiviaje tendr\u00e1n un descuento de 50%.&nbsp;&nbsp;<\/p>\n<p>La extensi\u00f3n de las ayudas al transporte p\u00fablico, que entr\u00f3 en vigor en septiembre de 2022, ser\u00e1 durante el primer semestre de 2025.&nbsp;<\/p>\n<p>Adem\u00e1s de las ayudas del abono transporte p\u00fablico, continuar\u00e1 la gratuidad de los abonos de Renfe para Cercan\u00edas, Rodalies y la Media Distancia durante seis meses m\u00e1s.&nbsp;<\/p>\n<h2>Precios de abonos de transporte p\u00fablico en 2025<\/h2>\n<p><script async=\"\" src=\"https:\/\/pagead2.googlesyndication.com\/pagead\/js\/adsbygoogle.js\"><\/script> <ins class=\"adsbygoogle\" style=\"display:block; text-align:center;\" data-ad-layout=\"in-article\" data-ad-format=\"fluid\" data-ad-client=\"ca-pub-7450064428034605\" data-ad-slot=\"5670045061\"><\/ins> <script>(adsbygoogle = window.adsbygoogle || []).push({});<\/script><\/p>\n<ul class=\"list\" data-icon=\"\u2b24\">\n<li data-icon=\"\u2b24\">Abono Zona A: 21,80 euros<\/li>\n<li data-icon=\"\u2b24\">Abono Zona B1: 25,40 euros<\/li>\n<li data-icon=\"\u2b24\">Abono Zona B2: 28,80 euros<\/li>\n<li data-icon=\"\u2b24\">Abono Zona B3: 32,80 euros<\/li>\n<li data-icon=\"\u2b24\">Abono Zona C1: 32,80 euros<\/li>\n<li data-icon=\"\u2b24\">Abono Zona C2: 32,80 euros<\/li>\n<li data-icon=\"\u2b24\">Abono Zona E1: 44,20 euros<\/li>\n<li data-icon=\"\u2b24\">Abono Zona E2: 52,72 euros<\/li>\n<li data-icon=\"\u2b24\">Abono Joven de 30 d\u00edas (todas las zonas): 8 euros<\/li>\n<li data-icon=\"\u2b24\">Abono mayores de 65: Gratuito<\/li>\n<li data-icon=\"\u2b24\">Abono infantil: Gratuito&nbsp;<\/li>\n<\/ul>\n","protected":false},"excerpt":{"rendered":"<p>Seguir\u00e1n durante los primeros seis meses de 2025. <\/p>\n","protected":false},"author":15,"featured_media":48338,"comment_status":"open","ping_status":"open","sticky":false,"template":"","format":"standard","meta":{"footnotes":""},"categories":[12,23],"tags":[],"class_list":{"0":"post-58494","1":"post","2":"type-post","3":"status-publish","4":"format-standard","5":"has-post-thumbnail","7":"category-actualidad-noticias-madrid","8":"category-transportes-huelgas-madrid"},"_links":{"self":[{"href":"https:\/\/www.vidademadrid.com\/es\/wp-json\/wp\/v2\/posts\/58494","targetHints":{"allow":["GET"]}}],"collection":[{"href":"https:\/\/www.vidademadrid.com\/es\/wp-json\/wp\/v2\/posts"}],"about":[{"href":"https:\/\/www.vidademadrid.com\/es\/wp-json\/wp\/v2\/types\/post"}],"author":[{"embeddable":true,"href":"https:\/\/www.vidademadrid.com\/es\/wp-json\/wp\/v2\/users\/15"}],"replies":[{"embeddable":true,"href":"https:\/\/www.vidademadrid.com\/es\/wp-json\/wp\/v2\/comments?post=58494"}],"version-history":[{"count":1,"href":"https:\/\/www.vidademadrid.com\/es\/wp-json\/wp\/v2\/posts\/58494\/revisions"}],"predecessor-version":[{"id":58496,"href":"https:\/\/www.vidademadrid.com\/es\/wp-json\/wp\/v2\/posts\/58494\/revisions\/58496"}],"wp:featuredmedia":[{"embeddable":true,"href":"https:\/\/www.vidademadrid.com\/es\/wp-json\/wp\/v2\/media\/48338"}],"wp:attachment":[{"href":"https:\/\/www.vidademadrid.com\/es\/wp-json\/wp\/v2\/media?parent=58494"}],"wp:term":[{"taxonomy":"category","embeddable":true,"href":"https:\/\/www.vidademadrid.com\/es\/wp-json\/wp\/v2\/categories?post=58494"},{"taxonomy":"post_tag","embeddable":true,"href":"https:\/\/www.vidademadrid.com\/es\/wp-json\/wp\/v2\/tags?post=58494"}],"curies":[{"name":"wp","href":"https:\/\/api.w.org\/{rel}","templated":true}]}}