{"id":58490,"date":"2024-12-24T14:26:17","date_gmt":"2024-12-24T13:26:17","guid":{"rendered":"https:\/\/www.vidademadrid.com\/es\/?p=58490"},"modified":"2024-12-24T14:26:20","modified_gmt":"2024-12-24T13:26:20","slug":"autobus-navidad-reyes-magos-emt-cibeles-horarios","status":"publish","type":"post","link":"https:\/\/www.vidademadrid.com\/es\/58490\/autobus-navidad-reyes-magos-emt-cibeles-horarios\/","title":{"rendered":"El autob\u00fas de la Navidad de EMT recoger\u00e1 las cartas a los Reyes Magos en Cibeles"},"content":{"rendered":"<p>El&nbsp;<strong>Ayuntamiento de Madrid&nbsp;<\/strong>ha presentado el&nbsp;<strong>autob\u00fas de la Navidad&nbsp;<\/strong>de EMT Madrid que estar\u00e1 recogiendo cartas de los ni\u00f1os a los Reyes Magos hasta el pr\u00f3ximo 3 de enero. Te contamos toda la informaci\u00f3n en este art\u00edculo.&nbsp;<\/p>\n<h2>El autob\u00fas de la Navidad llega a Cibeles<\/h2>\n<p><script async=\"\" src=\"https:\/\/pagead2.googlesyndication.com\/pagead\/js\/adsbygoogle.js\"><\/script> <ins class=\"adsbygoogle\" style=\"display:block\" data-ad-format=\"fluid\" data-ad-layout-key=\"-7f+eo+1+2-5\" data-ad-client=\"ca-pub-7450064428034605\" data-ad-slot=\"7327027071\"><\/ins><script>(adsbygoogle = window.adsbygoogle || []).push({});<\/script>A partir de esta semana, personal de EMT Madrid repartir\u00e1 cartas para los Reyes Magos en marquesinas de todos los distritos de la ciudad para que los ni\u00f1os puedan escribir sus deseos. Estas y otras cartas se podr\u00e1n entregar en el&nbsp;<strong>Buz\u00f3n Real de Sus Majestades los Reyes Magos de Oriente&nbsp;<\/strong>que estar\u00e1 situado dentro del&nbsp;<strong>autob\u00fas de la Navidad.&nbsp;<\/strong><\/p>\n<h2>Horario de recogida de cartas<\/h2>\n<p><script async=\"\" src=\"https:\/\/pagead2.googlesyndication.com\/pagead\/js\/adsbygoogle.js\"><\/script> <ins class=\"adsbygoogle\" style=\"display:block; text-align:center;\" data-ad-layout=\"in-article\" data-ad-format=\"fluid\" data-ad-client=\"ca-pub-7450064428034605\" data-ad-slot=\"5670045061\"><\/ins> <script>(adsbygoogle = window.adsbygoogle || []).push({});<\/script>El&nbsp;<strong>autob\u00fas de la Navidad de la EMT&nbsp;<\/strong>estar\u00e1 ubicado en la&nbsp;<strong>plaza de Cibeles&nbsp;<\/strong>de 11 a 14 horas y de 15 a 20 horas todos los d\u00edas hasta el&nbsp;<strong>3 de enero de 2025.<\/strong>&nbsp;<\/p>\n","protected":false},"excerpt":{"rendered":"<p>Recoger\u00e1 cartas hasta el 3 de enero. <\/p>\n","protected":false},"author":15,"featured_media":58492,"comment_status":"open","ping_status":"open","sticky":false,"template":"","format":"standard","meta":{"footnotes":""},"categories":[12,23],"tags":[],"class_list":{"0":"post-58490","1":"post","2":"type-post","3":"status-publish","4":"format-standard","5":"has-post-thumbnail","7":"category-actualidad-noticias-madrid","8":"category-transportes-huelgas-madrid"},"_links":{"self":[{"href":"https:\/\/www.vidademadrid.com\/es\/wp-json\/wp\/v2\/posts\/58490","targetHints":{"allow":["GET"]}}],"collection":[{"href":"https:\/\/www.vidademadrid.com\/es\/wp-json\/wp\/v2\/posts"}],"about":[{"href":"https:\/\/www.vidademadrid.com\/es\/wp-json\/wp\/v2\/types\/post"}],"author":[{"embeddable":true,"href":"https:\/\/www.vidademadrid.com\/es\/wp-json\/wp\/v2\/users\/15"}],"replies":[{"embeddable":true,"href":"https:\/\/www.vidademadrid.com\/es\/wp-json\/wp\/v2\/comments?post=58490"}],"version-history":[{"count":1,"href":"https:\/\/www.vidademadrid.com\/es\/wp-json\/wp\/v2\/posts\/58490\/revisions"}],"predecessor-version":[{"id":58493,"href":"https:\/\/www.vidademadrid.com\/es\/wp-json\/wp\/v2\/posts\/58490\/revisions\/58493"}],"wp:featuredmedia":[{"embeddable":true,"href":"https:\/\/www.vidademadrid.com\/es\/wp-json\/wp\/v2\/media\/58492"}],"wp:attachment":[{"href":"https:\/\/www.vidademadrid.com\/es\/wp-json\/wp\/v2\/media?parent=58490"}],"wp:term":[{"taxonomy":"category","embeddable":true,"href":"https:\/\/www.vidademadrid.com\/es\/wp-json\/wp\/v2\/categories?post=58490"},{"taxonomy":"post_tag","embeddable":true,"href":"https:\/\/www.vidademadrid.com\/es\/wp-json\/wp\/v2\/tags?post=58490"}],"curies":[{"name":"wp","href":"https:\/\/api.w.org\/{rel}","templated":true}]}}