{"id":58464,"date":"2024-12-19T11:03:48","date_gmt":"2024-12-19T10:03:48","guid":{"rendered":"https:\/\/www.vidademadrid.com\/es\/?p=58464"},"modified":"2024-12-20T17:18:40","modified_gmt":"2024-12-20T16:18:40","slug":"horario-autobuses-emt-nochebuena-navidad-2024","status":"publish","type":"post","link":"https:\/\/www.vidademadrid.com\/es\/58464\/horario-autobuses-emt-nochebuena-navidad-2024\/","title":{"rendered":"Horario autobuses EMT Nochebuena y Navidad 2024"},"content":{"rendered":"<p>La red de autobuses de la Empresa Municipal de Transportes de Madrid (EMT Madrid) reforzar\u00e1 su servicio durante las fiestas navide\u00f1as, del 23 de diciembre al 7 de enero, y modificar\u00e1 sus horarios durante la Nochebuena y Navidad. Te contamos toda la informaci\u00f3n en este art\u00edculo.&nbsp;<\/p>\n<h2>Horario autobuses EMT Nochebuena y Navidad 2024<\/h2>\n<script async=\"\" src=\"https:\/\/pagead2.googlesyndication.com\/pagead\/js\/adsbygoogle.js\"><\/script> <ins class=\"adsbygoogle\" style=\"display:block\" data-ad-format=\"fluid\" data-ad-layout-key=\"-7f+eo+1+2-5\" data-ad-client=\"ca-pub-7450064428034605\" data-ad-slot=\"7327027071\"><\/ins><script>(adsbygoogle = window.adsbygoogle || []).push({});<\/script>\n\n\n<p>El d\u00eda 24 de diciembre, Nochebuena, el servicio diurno finalizar\u00e1 entre las 20.30 y las 20.45 horas, en funci\u00f3n de la l\u00ednea y de la cabecera.&nbsp;<\/p>\n<p>El d\u00eda 25 de diciembre, Navidad, el servicio de autobuses comenzar\u00e1 a funcionar entre las 7.15 y 8.45 horas, dependiendo de la l\u00ednea y cabecera, excepto l\u00edneas especiales y las l\u00edneas a los cementerios.&nbsp;<\/p>\n<h2>Horario autobuses nocturnos EMT Nochebuena y Navidad<\/h2>\n\n<script async=\"\" src=\"https:\/\/pagead2.googlesyndication.com\/pagead\/js\/adsbygoogle.js\"><\/script> <ins class=\"adsbygoogle\" style=\"display:block; text-align:center;\" data-ad-layout=\"in-article\" data-ad-format=\"fluid\" data-ad-client=\"ca-pub-7450064428034605\" data-ad-slot=\"5670045061\"><\/ins> <script>(adsbygoogle = window.adsbygoogle || []).push({});<\/script>\n\n\n<p>El servicio de b\u00fahos tendr\u00e1 cambios en la noche del 24 al 25 de diciembre, incluyendo el servicio de la l\u00ednea Expr\u00e9s Aeropuerto.&nbsp;<\/p>\n<p>En todas las l\u00edneas nocturnas, de la N1 a la N26, el servicio comenzar\u00e1 a las 22 horas y se prolongar\u00e1 hasta las 7 horas. Habr\u00e1 salidas desde Cibeles y Alonso Mart\u00ednez en los siguientes horarios:<\/p>\n<ul>\n<li>22 horas<\/li>\n<li>22.50 horas&nbsp;<\/li>\n<li>23.40 horas<\/li>\n<li>0.30 horas<\/li>\n<li>1.20 horas<\/li>\n<li>2.10 horas<\/li>\n<li>3.00 horas<\/li>\n<li>3.50 horas&nbsp;<\/li>\n<li>5.25 horas&nbsp;<\/li>\n<li>7.00 horas&nbsp;<\/li>\n<\/ul>\n<p>La N28 y la N31 realizar\u00e1n las salidas desde Moncloa a las 22.20, 23.30, 0.40, 1.50, 3.00, 4.10, 5.20 y 6.30 horas.&nbsp;<\/p>\n<p>Las l\u00edneas circulares nocturnas, NC1 y NC2, prestar\u00e1n servicio desde las 22 horas hasta las 4.00 horas en intervalos de 35 minutos. A partir de las 4 y hasta las 6.45 horas la frecuencia ser\u00e1 cada 70 minutos.&nbsp;<\/p>\n\n\n<p><\/p>\n","protected":false},"excerpt":{"rendered":"<p>Habr\u00e1 modificaciones en los horarios. <\/p>\n","protected":false},"author":15,"featured_media":54253,"comment_status":"open","ping_status":"open","sticky":false,"template":"","format":"standard","meta":{"footnotes":""},"categories":[22,187,23],"tags":[],"class_list":{"0":"post-58464","1":"post","2":"type-post","3":"status-publish","4":"format-standard","5":"has-post-thumbnail","7":"category-conciertos-madrid","8":"category-madrid-hoy","9":"category-transportes-huelgas-madrid"},"_links":{"self":[{"href":"https:\/\/www.vidademadrid.com\/es\/wp-json\/wp\/v2\/posts\/58464","targetHints":{"allow":["GET"]}}],"collection":[{"href":"https:\/\/www.vidademadrid.com\/es\/wp-json\/wp\/v2\/posts"}],"about":[{"href":"https:\/\/www.vidademadrid.com\/es\/wp-json\/wp\/v2\/types\/post"}],"author":[{"embeddable":true,"href":"https:\/\/www.vidademadrid.com\/es\/wp-json\/wp\/v2\/users\/15"}],"replies":[{"embeddable":true,"href":"https:\/\/www.vidademadrid.com\/es\/wp-json\/wp\/v2\/comments?post=58464"}],"version-history":[{"count":1,"href":"https:\/\/www.vidademadrid.com\/es\/wp-json\/wp\/v2\/posts\/58464\/revisions"}],"predecessor-version":[{"id":58465,"href":"https:\/\/www.vidademadrid.com\/es\/wp-json\/wp\/v2\/posts\/58464\/revisions\/58465"}],"wp:featuredmedia":[{"embeddable":true,"href":"https:\/\/www.vidademadrid.com\/es\/wp-json\/wp\/v2\/media\/54253"}],"wp:attachment":[{"href":"https:\/\/www.vidademadrid.com\/es\/wp-json\/wp\/v2\/media?parent=58464"}],"wp:term":[{"taxonomy":"category","embeddable":true,"href":"https:\/\/www.vidademadrid.com\/es\/wp-json\/wp\/v2\/categories?post=58464"},{"taxonomy":"post_tag","embeddable":true,"href":"https:\/\/www.vidademadrid.com\/es\/wp-json\/wp\/v2\/tags?post=58464"}],"curies":[{"name":"wp","href":"https:\/\/api.w.org\/{rel}","templated":true}]}}